{"id":2989,"date":"2014-11-13T10:11:01","date_gmt":"2014-11-13T09:11:01","guid":{"rendered":"https:\/\/szelkialto.hu\/?p=2989"},"modified":"2022-12-08T20:20:33","modified_gmt":"2022-12-08T19:20:33","slug":"kereszteny-bela-1954-2014","status":"publish","type":"post","link":"https:\/\/szelkialto.hu\/?p=2989","title":{"rendered":"Kereszt\u00e9ny B\u00e9la (1954-2014)"},"content":{"rendered":"<p style=\"font-size: 12px; margin-top: 20px;\"><span style=\"font-size: 12pt;\">A Sz\u00e9lki\u00e1lt\u00f3 egy\u00fcttes tagja, m\u00e9rn\u00f6k. 1954. janu\u00e1r 7-\u00e9n sz\u00fcletett Mosonmagyar\u00f3v\u00e1ron. Itt v\u00e9\u00adgez\u00adte \u00e1l\u00adta\u00adl\u00e1\u00adnos iskol\u00e1it is, majd a gimn\u00e1zium matematika-fizika tagozat\u00e1n \u00e9\u00adretts\u00e9gizett 1972-ben. A P\u00e9csi Pollack Mih\u00e1ly M\u0171szaki F\u0151iskol\u00e1n szerzett m\u00e9rn\u00f6ki dip\u00adlo\u00adm\u00e1t 1976-ban. Betegs\u00e9g\u00e9ig a D\u00e9l-dun\u00e1nt\u00fali K\u00f6rnyezetv\u00e9delmi \u00e9s V\u00edz\u00fcgyi Igazgat\u00f3s\u00e1gon dolgozott.<\/span><\/p>\n<p><img loading=\"lazy\" decoding=\"async\" class=\"aligncenter wp-image-2998\" src=\"https:\/\/szelkialto.hu\/wp-content\/uploads\/keri01.jpg\" alt=\"Kereszt\u00e9ny B\u00e9la \u2013 2011\" width=\"450\" height=\"328\" srcset=\"https:\/\/szelkialto.hu\/wp-content\/uploads\/keri01.jpg 633w, https:\/\/szelkialto.hu\/wp-content\/uploads\/keri01-300x218.jpg 300w\" sizes=\"auto, (max-width: 450px) 100vw, 450px\" \/><\/p>\n<p style=\"font-size: 12px;\"><span style=\"font-size: 12pt;\">Feles\u00e9ge, Papp Zsuzsanna pedag\u00f3gus, jelenleg a Janus Pannonius Gimn\u00e1\u00adziumban dogozik, gyermekei, Tam\u00e1s (1987) a Kaposv\u00e1ri Egyetem sz\u00ednm\u0171v\u00e9szeti szak\u00e1nak elv\u00e9gz\u00e9se \u00f3ta Buda\u00adpesten sz\u00ed\u00adn\u00e9szkedik, Laura (1989) pedig a Mosonmagyar\u00f3v\u00e1ri V\u00e1rosi Telev\u00edzi\u00f3 szerkeszt\u0151-riportere.<\/span><\/p>\n<p style=\"font-size: 12px;\"><span style=\"font-size: 12pt;\">A zene m\u00e1r gyerekkor\u00e1ban is csal\u00e1dja \u00e9let\u00e9nek szerves r\u00e9sze volt, \u00e9desapja ki\u00adv\u00e1\u00adl\u00f3\u00adan zongor\u00e1zott. N\u00e9gyen voltak testv\u00e9rek, mindannyian tudtak \u00e9s sze\u00adrettek \u00e9\u00adne\u00adkel\u00adni, gyakran tartottak otthon h\u00e1zi koncerteket. \u00c1ltal\u00e1nos iskol\u00e1s kor\u00e1t\u00f3l kezdve zongor\u00e1zni tanult, git\u00e1rozott is, testv\u00e9reivel k\u00e9\u00ads\u0151bb zenekart alap\u00edtottak, amellyel v\u00e9gigj\u00e1tszott\u00e1k a korab\u00e9li beat reper\u00adto\u00e1rt. A M\u0171\u00adsza\u00adki F\u0151iskol\u00e1n tagja volt a vers\u00e9nekl\u0151 Marcip\u00e1n egy\u00fcttesnek.<\/span><\/p>\n<p style=\"font-size: 12px;\"><span style=\"font-size: 12pt;\">1981-re a Sz\u00e9lki\u00e1lt\u00f3 neh\u00e9z helyzetbe ker\u00fclt. A r\u00e9gebbi tagok befejezv\u00e9n a f\u0151iskolai tanulm\u00e1nyaikat, elk\u00f6lt\u00f6ztek a v\u00e1rosb\u00f3l, t\u00f6bbeket beh\u00edvtak katon\u00e1nak, \u00edgy az egy\u00fcttesnek m\u00e1r csak k\u00e9t tagja maradt. Valamit tenni kellett, hogy az addigi \u00e9vek sok-sok munk\u00e1ja ne menjen veszend\u0151be.<\/span><\/p>\n<p style=\"font-size: 12px;\"><span style=\"font-size: 12pt;\">A zenekari le\u00adgen\u00add\u00e1\u00adri\u00adum \u00e9s B\u00e9la eml\u00e9kezete szerint a Sz\u00e9lki\u00e1lt\u00f3 egy\u00fcttesbe val\u00f3 beker\u00fcl\u00e9s\u00e9nek t\u00f6rt\u00e9nete \u00fagy zaj\u00adlott, hogy Lakner Tam\u00e1s \u00e9s \u0151 1981 okt\u00f3ber\u00e9nek v\u00e9g\u00e9n, egy sz\u00e9p napon v\u00e9letlen\u00fcl ta\u00adl\u00e1l\u00adkoz\u00adtak a Kir\u00e1ly (akkoriban m\u00e9g Kos\u00adsuth Lajos) utc\u00e1n \u00e9s a Tam\u00e1s \u2013 r\u00f6\u00advi\u00adden v\u00e1zolva az egy\u00fcttes akkori helyzet\u00e9t \u2013 meg\u00adk\u00e9r\u00addezte t\u0151le, hogy len\u00adne-e kedve n\u00e9h\u00e1ny \u2013 a S\u00f3lyom Katival k\u00f6z\u00f6s \u2013 gyer\u00admek\u00adm\u0171\u00adsor\u00adban r\u00e9szt venni?<\/span><\/p>\n<p><img loading=\"lazy\" decoding=\"async\" class=\"aligncenter wp-image-3005\" src=\"https:\/\/szelkialto.hu\/wp-content\/uploads\/keri03.jpg\" alt=\"Kereszt\u00e9ny B\u00e9la \u2013 2010\" width=\"450\" height=\"300\" srcset=\"https:\/\/szelkialto.hu\/wp-content\/uploads\/keri03.jpg 600w, https:\/\/szelkialto.hu\/wp-content\/uploads\/keri03-300x200.jpg 300w\" sizes=\"auto, (max-width: 450px) 100vw, 450px\" \/><\/p>\n<p style=\"font-size: 12px;\"><span style=\"font-size: 12pt;\">R\u00f6vid gondolkod\u00e1si id\u0151 ut\u00e1n igent mondott \u00e9s tar\u00adtot\u00adtunk egy pr\u00f3b\u00e1t, majd egy m\u00e1sikat a legk\u00f6zelebbi \u201eCsod\u00e1k \u00e9s furcsas\u00e1gok\u201d m\u0171sor kez\u00adde\u00adte el\u0151tt egy \u00f3r\u00e1val. B\u00e9la els\u0151 koncertje a Sz\u00e9lki\u00e1lt\u00f3val 1981. no\u00advem\u00adber 12-\u00e9n 15:00 \u00f3rakor volt a P\u00e9csi S\u00f6rgy\u00e1rban.<\/span><\/p>\n<p style=\"font-size: 12px;\"><span style=\"font-size: 12pt;\">Az egy\u00fcttesben f\u0151leg az \u00fct\u0151hangszereket kezelte, de \u2013 hogy \u0151t id\u00e9zzem \u2013 amolyan mindenesk\u00e9nt dolgozott. Hozz\u00e1 k\u00f6thet\u0151 pl. a furcs\u00e1bbn\u00e1l-furcs\u00e1bb &#8220;hangszerek&#8221; megjelen\u00e9se a dalokban, melyekkel sz\u00ednes\u00edtette a zenekar hangz\u00e1s\u00e1t. Egy id\u0151 ut\u00e1n \u0151 vette \u00e1t az egy\u00fcttes sajt\u00f3 megjelen\u00e9seivel kapcsolatos \u00fcgyeket is, amelyre a Ki Mit Tud? megnyer\u00e9se ut\u00e1n hirtelen nagyon nagy sz\u00fcks\u00e9g is lett.<\/span><\/p>\n<p style=\"font-size: 12px;\"><span style=\"font-size: 12pt;\">\u0150 volt a zenekar \u00e9l\u0151 lexikonja is, hiszen ak\u00e1r 20-30 \u00e9v t\u00e1vlat\u00e1ban is mindig anekdot\u00e1zva fel tudta id\u00e9zni, mi is t\u00f6rt\u00e9nt vel\u00fcnk belf\u00f6ldi, vagy k\u00fclf\u00f6ldi utaz\u00e1sinkon, koncertjeinken.<\/span><\/p>\n<p style=\"font-size: 12px;\"><span style=\"font-size: 12pt;\">\u00c9let\u00e9nek nagyon fontos r\u00e9sze volt a Sz\u00e9lki\u00e1lt\u00f3, mint ahogy ezt sokszor el is mondta. Utols\u00f3 fell\u00e9p\u00e9s\u00e9n szeptemberben a S\u00e9tat\u00e9ren, m\u00e1r nehezen j\u00f6tt f\u00f6l a sz\u00ednpadra, de mikor muzsik\u00e1lni kezdt\u00fcnk l\u00e1tszott, hogy ez m\u00e9g j\u00f3t\u00e9kony \u201eter\u00e1pia\u201d volt a sz\u00e1m\u00e1ra.<\/span><\/p>\n<p style=\"font-size: 12px;\"><span style=\"font-size: 12pt;\">Neki is nagyban k\u00f6sz\u00f6nhet\u0151, hogy a Sz\u00e9lki\u00e1lt\u00f3 ennyi ideig egyben tudott maradni, hiszen legend\u00e1s volt t\u00fcrelme, kompromisszum k\u00e9szs\u00e9ge! J\u00f3 t\u00e1rsunk volt, hi\u00e1nyozni fog!<\/span><\/p>\n<p style=\"font-size: 12px;\"><span style=\"font-size: 12pt;\">Eml\u00e9k\u00e9t vissz\u00fck magunkkal, vel\u00fcnk lesz minden koncerten!<\/span><\/p>\n<p><img loading=\"lazy\" decoding=\"async\" class=\"aligncenter wp-image-3000\" src=\"https:\/\/szelkialto.hu\/wp-content\/uploads\/keri02.jpg\" alt=\"Kereszt\u00e9ny B\u00e9la \u2013 2014\" width=\"450\" height=\"350\" srcset=\"https:\/\/szelkialto.hu\/wp-content\/uploads\/keri02.jpg 600w, https:\/\/szelkialto.hu\/wp-content\/uploads\/keri02-300x233.jpg 300w\" sizes=\"auto, (max-width: 450px) 100vw, 450px\" \/><\/p>\n<p style=\"font-size: 12px;\"><span style=\"font-size: 12pt;\">A <strong>Sz\u00e9lki\u00e1lt\u00f3<\/strong> egy\u00fcttes <strong>40. \u00e9ves jubileumi koncertj\u00e9t<\/strong>, amelyet <strong>2014. december 13-\u00e1n 18:00<\/strong> \u00f3rakor tartunk a <strong>Kod\u00e1ly K\u00f6zpontban<\/strong> a Kal\u00e1ka egy\u00fcttes \u00e9s a Pannon Filharmonikusok k\u00f6zrem\u0171k\u00f6d\u00e9s\u00e9vel, <strong>B\u00e9la eml\u00e9k\u00e9nek aj\u00e1nljuk<\/strong>.<\/span><\/p>\n<p style=\"font-size: 12px;\"><span style=\"font-size: 12pt;\">Akik nem tudnak r\u00e9szt venni a temet\u00e9sen, nem tudnak, vagy nem szeretn\u00e9nek elj\u00f6nni a koncertre, de m\u00e9gis le szeretn\u00e9k r\u00f3ni kegyelet\u00fcket, azokat szeretettel v\u00e1rjuk <strong>2014. november 24-\u00e9n, h\u00e9tf\u0151n 18:00<\/strong> \u00f3rakor <strong>P\u00e9csett<\/strong> a <strong>B\u00e1rtfa utcai templomban<\/strong>, a <strong>dr. Gesztesi Andr\u00e1s atya \u00e1ltal celebr\u00e1lt gy\u00e1szmis\u00e9n<\/strong>.<\/span><\/p>\n<p style=\"font-size: 12px;\"><span style=\"font-size: 12pt;\">Sz\u00e9lki\u00e1lt\u00f3 Egy\u00fcttes<\/span><\/p>\n<p style=\"font-size: 12px;\"><span style=\"font-size: 12pt;\">\u00a0<\/span><\/p>\n","protected":false},"excerpt":{"rendered":"<p>A Sz\u00e9lki\u00e1lt\u00f3 egy\u00fcttes tagja, m\u00e9rn\u00f6k. 1954. janu\u00e1r 7-\u00e9n sz\u00fcletett Mosonmagyar\u00f3v\u00e1ron. Itt v\u00e9\u00adgez\u00adte \u00e1l\u00adta\u00adl\u00e1\u00adnos iskol\u00e1it is, majd a gimn\u00e1zium matematika-fizika tagozat\u00e1n \u00e9\u00adretts\u00e9gizett 1972-ben. A P\u00e9csi Pollack Mih\u00e1ly M\u0171szaki F\u0151iskol\u00e1n szerzett m\u00e9rn\u00f6ki dip\u00adlo\u00adm\u00e1t 1976-ban. Betegs\u00e9g\u00e9ig a D\u00e9l-dun\u00e1nt\u00fali K\u00f6rnyezetv\u00e9delmi \u00e9s V\u00edz\u00fcgyi Igazgat\u00f3s\u00e1gon dolgozott.&#46;&#46;&#46;<\/p>\n","protected":false},"author":3,"featured_media":3000,"comment_status":"open","ping_status":"closed","sticky":false,"template":"","format":"standard","meta":{"footnotes":"","_links_to":"","_links_to_target":""},"categories":[4,7,14],"tags":[133],"class_list":["post-2989","post","type-post","status-publish","format-standard","has-post-thumbnail","hentry","category-koncertek","category-zenekar","category-zeneszek","tag-kereszteny-bela"],"rttpg_featured_image_url":{"full":["https:\/\/szelkialto.hu\/wp-content\/uploads\/keri02.jpg",600,466,false],"landscape":["https:\/\/szelkialto.hu\/wp-content\/uploads\/keri02.jpg",600,466,false],"portraits":["https:\/\/szelkialto.hu\/wp-content\/uploads\/keri02.jpg",600,466,false],"thumbnail":["https:\/\/szelkialto.hu\/wp-content\/uploads\/keri02-150x150.jpg",150,150,true],"medium":["https:\/\/szelkialto.hu\/wp-content\/uploads\/keri02-300x233.jpg",300,233,true],"large":["https:\/\/szelkialto.hu\/wp-content\/uploads\/keri02.jpg",600,466,false],"1536x1536":["https:\/\/szelkialto.hu\/wp-content\/uploads\/keri02.jpg",600,466,false],"2048x2048":["https:\/\/szelkialto.hu\/wp-content\/uploads\/keri02.jpg",600,466,false],"thumb-small":["https:\/\/szelkialto.hu\/wp-content\/uploads\/keri02.jpg",80,62,false],"thumb-standard":["https:\/\/szelkialto.hu\/wp-content\/uploads\/keri02.jpg",320,249,false],"thumb-medium":["https:\/\/szelkialto.hu\/wp-content\/uploads\/keri02.jpg",315,245,false],"thumb-large":["https:\/\/szelkialto.hu\/wp-content\/uploads\/keri02.jpg",438,340,false],"thumb-xlarge":["https:\/\/szelkialto.hu\/wp-content\/uploads\/keri02.jpg",579,450,false],"thumb-xxlarge":["https:\/\/szelkialto.hu\/wp-content\/uploads\/keri02.jpg",600,466,false]},"rttpg_author":{"display_name":"Fenyvesi B\u00e9la","author_link":"https:\/\/szelkialto.hu\/?author=3"},"rttpg_comment":2,"rttpg_category":"<a href=\"https:\/\/szelkialto.hu\/?cat=4\" rel=\"category\">koncertek<\/a> <a href=\"https:\/\/szelkialto.hu\/?cat=7\" rel=\"category\">zenekar<\/a> <a href=\"https:\/\/szelkialto.hu\/?cat=14\" rel=\"category\">zen\u00e9szek<\/a>","rttpg_excerpt":"A Sz\u00e9lki\u00e1lt\u00f3 egy\u00fcttes tagja, m\u00e9rn\u00f6k. 1954. janu\u00e1r 7-\u00e9n sz\u00fcletett Mosonmagyar\u00f3v\u00e1ron. Itt v\u00e9\u00adgez\u00adte \u00e1l\u00adta\u00adl\u00e1\u00adnos iskol\u00e1it is, majd a gimn\u00e1zium matematika-fizika tagozat\u00e1n \u00e9\u00adretts\u00e9gizett 1972-ben. A P\u00e9csi Pollack Mih\u00e1ly M\u0171szaki F\u0151iskol\u00e1n szerzett m\u00e9rn\u00f6ki dip\u00adlo\u00adm\u00e1t 1976-ban. Betegs\u00e9g\u00e9ig a D\u00e9l-dun\u00e1nt\u00fali K\u00f6rnyezetv\u00e9delmi \u00e9s V\u00edz\u00fcgyi Igazgat\u00f3s\u00e1gon dolgozott.&#46;&#46;&#46;","_links":{"self":[{"href":"https:\/\/szelkialto.hu\/index.php?rest_route=\/wp\/v2\/posts\/2989","targetHints":{"allow":["GET"]}}],"collection":[{"href":"https:\/\/szelkialto.hu\/index.php?rest_route=\/wp\/v2\/posts"}],"about":[{"href":"https:\/\/szelkialto.hu\/index.php?rest_route=\/wp\/v2\/types\/post"}],"author":[{"embeddable":true,"href":"https:\/\/szelkialto.hu\/index.php?rest_route=\/wp\/v2\/users\/3"}],"replies":[{"embeddable":true,"href":"https:\/\/szelkialto.hu\/index.php?rest_route=%2Fwp%2Fv2%2Fcomments&post=2989"}],"version-history":[{"count":21,"href":"https:\/\/szelkialto.hu\/index.php?rest_route=\/wp\/v2\/posts\/2989\/revisions"}],"predecessor-version":[{"id":4929,"href":"https:\/\/szelkialto.hu\/index.php?rest_route=\/wp\/v2\/posts\/2989\/revisions\/4929"}],"wp:featuredmedia":[{"embeddable":true,"href":"https:\/\/szelkialto.hu\/index.php?rest_route=\/wp\/v2\/media\/3000"}],"wp:attachment":[{"href":"https:\/\/szelkialto.hu\/index.php?rest_route=%2Fwp%2Fv2%2Fmedia&parent=2989"}],"wp:term":[{"taxonomy":"category","embeddable":true,"href":"https:\/\/szelkialto.hu\/index.php?rest_route=%2Fwp%2Fv2%2Fcategories&post=2989"},{"taxonomy":"post_tag","embeddable":true,"href":"https:\/\/szelkialto.hu\/index.php?rest_route=%2Fwp%2Fv2%2Ftags&post=2989"}],"curies":[{"name":"wp","href":"https:\/\/api.w.org\/{rel}","templated":true}]}}