{"id":3013,"date":"2014-11-15T11:41:27","date_gmt":"2014-11-15T10:41:27","guid":{"rendered":"https:\/\/szelkialto.hu\/?p=3013"},"modified":"2022-12-10T08:45:00","modified_gmt":"2022-12-10T07:45:00","slug":"dolgozunk-tovabb","status":"publish","type":"post","link":"https:\/\/szelkialto.hu\/?p=3013","title":{"rendered":"Dolgozunk tov\u00e1bb&#8230;"},"content":{"rendered":"<p><span style=\"font-size: 12pt;\">Tegnap Mosonmagyar\u00f3v\u00e1ron elk\u00eds\u00e9rt\u00fck utols\u00f3 \u00fatj\u00e1n Kereszt\u00e9ny B\u00e9l\u00e1t. Ezzel a szomor\u00fa aktussal a Sz\u00e9lki\u00e1lt\u00f3 \u00e9let\u00e9nek egy nagy, \u2013 szinte napra pontosan \u2013 33 \u00e9ves fejezete lez\u00e1rult, de a t\u00f6rt\u00e9nete nem \u00e9rt v\u00e9get.<\/span><\/p>\n<p><span style=\"font-size: 12pt;\">Ett\u0151l kezdve \u00fajra az el\u0151tt\u00fcnk \u00e1ll\u00f3 feladatokra kell koncentr\u00e1lunk, \u00e9s biztosak vagyunk benne, hogy ezt B\u00e9la is \u00edgy akarn\u00e1. A Sz\u00e9lki\u00e1lt\u00f3 \u2013 imm\u00e1r h\u00e1rom taggal \u2013 tov\u00e1bb koncertezik, lemezeket k\u00e9sz\u00edt ha elj\u00f6n az ideje, egysz\u00f3val tessz\u00fck a dolgunkat.<\/span><\/p>\n<p><span style=\"font-size: 12pt;\"><strong>November 15-\u00e9n 16:00 \u00f3rakor P\u00e1tyon<\/strong>, a M\u0171vel\u0151d\u00e9si H\u00e1zban j\u00e1tszunk gyerekeknek.<\/span><\/p>\n<p><span style=\"font-size: 12pt;\"><strong>November 16-\u00e1n d\u00e9lut\u00e1n 4-kor P\u00e9csett a Palatinus Sz\u00e1ll\u00f3 Bart\u00f3k Term\u00e9ben<\/strong> lesz a <strong>Desszert a Sz\u00e9lki\u00e1lt\u00f3 egy\u00fcttessel<\/strong> a Nemzeti Filharm\u00f3nia rendez\u00e9s\u00e9ben.<\/span><\/p>\n<p><span style=\"font-size: 12pt;\"><strong>November 22-\u00e9n 10:30-kor<\/strong> a nagykanizsai Piarista Iskola di\u00e1kjainak j\u00e1tszunk a <strong>Pannon Egyetem Nagykanizsai Kampusz\u00e1n<\/strong>,<\/span><\/p>\n<p><span style=\"font-size: 12pt;\"><strong>November 24-\u00e9n 18:00 \u00f3rakor<\/strong> a <strong>Kereszt\u00e9ny B\u00e9la eml\u00e9k\u00e9re tartott gy\u00e1szmis\u00e9n<\/strong> \u00e9nekel\u00fcnk P\u00e9csett, a <strong>B\u00e1rtfa utcai templomban<\/strong>.<\/span><\/p>\n<p><span style=\"font-size: 12pt;\">Az idei \u00e9v &#8220;legnagyobb&#8221; koncertj\u00e9re \u2013 <strong>Sz\u00e9lki\u00e1lt\u00f3 40, Kal\u00e1ka 45<\/strong> c\u00edmmel \u2013 <strong>december 13-\u00e1n 18:00 \u00f3rakor<\/strong> ker\u00fcl sor <strong>P\u00e9csett, a Kod\u00e1ly K\u00f6zpontban<\/strong>, ahol kett\u0151s jubileumot \u00fcnnepel\u00fcnk.<\/span><\/p>\n<p><span style=\"font-size: 12pt;\">A koncert els\u0151 r\u00e9sz\u00e9ben a jubil\u00e1l\u00f3 egy\u00fcttesek j\u00e1tszanak egy-egy \u00f6n\u00e1ll\u00f3 blokkot, a sz\u00fcnet ut\u00e1n pedig Sz\u00e9lki\u00e1lt\u00f3 \u00e9s Kal\u00e1ka dalok csend\u00fclnek f\u00f6l szimfonikus zenekari hangszerel\u00e9sben a <strong>P\u00e9csi Szimfonietta<\/strong> k\u00eds\u00e9ret\u00e9vel, <strong>Staur\u00f3czky Bal\u00e1zs<\/strong> vez\u00e9nylet\u00e9vel.<\/span><\/p>\n<p><span style=\"font-size: 12pt;\">A hangszerel\u00e9seket <strong>Szab\u00f3 Ferenc<\/strong>, valamint &#8220;egy Kal\u00e1ka \u00e9s egy Sz\u00e9lki\u00e1lt\u00f3 gyermek&#8221; \u2013 <strong>Gryllus S\u00e1muel<\/strong> \u00e9s <strong>Fenyvesi M\u00e1rton<\/strong> \u2013 k\u00e9sz\u00edtett\u00e9k.<\/span><\/p>\n<p><strong><span style=\"font-size: 12pt;\">A koncertet Kereszt\u00e9ny B\u00e9la eml\u00e9k\u00e9nek aj\u00e1nljuk.<\/span><\/strong><\/p>\n<p><span style=\"font-size: 12pt;\">Mindenkit szeretettel v\u00e1runk az el\u0151ad\u00e1sokra!<\/span><\/p>\n<p>&nbsp;<\/p>\n","protected":false},"excerpt":{"rendered":"<p>Tegnap Mosonmagyar\u00f3v\u00e1ron elk\u00eds\u00e9rt\u00fck utols\u00f3 \u00fatj\u00e1n Kereszt\u00e9ny B\u00e9l\u00e1t. Ezzel a szomor\u00fa aktussal a Sz\u00e9lki\u00e1lt\u00f3 \u00e9let\u00e9nek egy nagy, \u2013 szinte napra pontosan \u2013 33 \u00e9ves fejezete lez\u00e1rult, de a t\u00f6rt\u00e9nete nem \u00e9rt v\u00e9get. Ett\u0151l kezdve \u00fajra az el\u0151tt\u00fcnk \u00e1ll\u00f3 feladatokra kell koncentr\u00e1lunk,&#46;&#46;&#46;<\/p>\n","protected":false},"author":3,"featured_media":5121,"comment_status":"open","ping_status":"closed","sticky":false,"template":"","format":"standard","meta":{"footnotes":"","_links_to":"","_links_to_target":""},"categories":[53,4,46,51,7,14],"tags":[136,135,133,82],"class_list":["post-3013","post","type-post","status-publish","format-standard","has-post-thumbnail","hentry","category-enekelt-vers","category-koncertek","category-sajto","category-zene-2","category-zenekar","category-zeneszek","tag-jubileum","tag-jubileumi-koncert","tag-kereszteny-bela","tag-kodaly-kozpont"],"rttpg_featured_image_url":{"full":["https:\/\/szelkialto.hu\/wp-content\/uploads\/szelkialto01.jpg",400,340,false],"landscape":["https:\/\/szelkialto.hu\/wp-content\/uploads\/szelkialto01.jpg",400,340,false],"portraits":["https:\/\/szelkialto.hu\/wp-content\/uploads\/szelkialto01.jpg",400,340,false],"thumbnail":["https:\/\/szelkialto.hu\/wp-content\/uploads\/szelkialto01-150x150.jpg",150,150,true],"medium":["https:\/\/szelkialto.hu\/wp-content\/uploads\/szelkialto01-300x255.jpg",300,255,true],"large":["https:\/\/szelkialto.hu\/wp-content\/uploads\/szelkialto01.jpg",400,340,false],"1536x1536":["https:\/\/szelkialto.hu\/wp-content\/uploads\/szelkialto01.jpg",400,340,false],"2048x2048":["https:\/\/szelkialto.hu\/wp-content\/uploads\/szelkialto01.jpg",400,340,false],"thumb-small":["https:\/\/szelkialto.hu\/wp-content\/uploads\/szelkialto01-80x80.jpg",80,80,true],"thumb-standard":["https:\/\/szelkialto.hu\/wp-content\/uploads\/szelkialto01-320x320.jpg",320,320,true],"thumb-medium":["https:\/\/szelkialto.hu\/wp-content\/uploads\/szelkialto01-400x245.jpg",400,245,true],"thumb-large":["https:\/\/szelkialto.hu\/wp-content\/uploads\/szelkialto01.jpg",400,340,false],"thumb-xlarge":["https:\/\/szelkialto.hu\/wp-content\/uploads\/szelkialto01.jpg",400,340,false],"thumb-xxlarge":["https:\/\/szelkialto.hu\/wp-content\/uploads\/szelkialto01.jpg",400,340,false]},"rttpg_author":{"display_name":"Fenyvesi B\u00e9la","author_link":"https:\/\/szelkialto.hu\/?author=3"},"rttpg_comment":0,"rttpg_category":"<a href=\"https:\/\/szelkialto.hu\/?cat=53\" rel=\"category\">\u00e9nekelt vers<\/a> <a href=\"https:\/\/szelkialto.hu\/?cat=4\" rel=\"category\">koncertek<\/a> <a href=\"https:\/\/szelkialto.hu\/?cat=46\" rel=\"category\">sajt\u00f3<\/a> <a href=\"https:\/\/szelkialto.hu\/?cat=51\" rel=\"category\">zene<\/a> <a href=\"https:\/\/szelkialto.hu\/?cat=7\" rel=\"category\">zenekar<\/a> <a href=\"https:\/\/szelkialto.hu\/?cat=14\" rel=\"category\">zen\u00e9szek<\/a>","rttpg_excerpt":"Tegnap Mosonmagyar\u00f3v\u00e1ron elk\u00eds\u00e9rt\u00fck utols\u00f3 \u00fatj\u00e1n Kereszt\u00e9ny B\u00e9l\u00e1t. Ezzel a szomor\u00fa aktussal a Sz\u00e9lki\u00e1lt\u00f3 \u00e9let\u00e9nek egy nagy, \u2013 szinte napra pontosan \u2013 33 \u00e9ves fejezete lez\u00e1rult, de a t\u00f6rt\u00e9nete nem \u00e9rt v\u00e9get. Ett\u0151l kezdve \u00fajra az el\u0151tt\u00fcnk \u00e1ll\u00f3 feladatokra kell koncentr\u00e1lunk,&#46;&#46;&#46;","_links":{"self":[{"href":"https:\/\/szelkialto.hu\/index.php?rest_route=\/wp\/v2\/posts\/3013","targetHints":{"allow":["GET"]}}],"collection":[{"href":"https:\/\/szelkialto.hu\/index.php?rest_route=\/wp\/v2\/posts"}],"about":[{"href":"https:\/\/szelkialto.hu\/index.php?rest_route=\/wp\/v2\/types\/post"}],"author":[{"embeddable":true,"href":"https:\/\/szelkialto.hu\/index.php?rest_route=\/wp\/v2\/users\/3"}],"replies":[{"embeddable":true,"href":"https:\/\/szelkialto.hu\/index.php?rest_route=%2Fwp%2Fv2%2Fcomments&post=3013"}],"version-history":[{"count":10,"href":"https:\/\/szelkialto.hu\/index.php?rest_route=\/wp\/v2\/posts\/3013\/revisions"}],"predecessor-version":[{"id":5118,"href":"https:\/\/szelkialto.hu\/index.php?rest_route=\/wp\/v2\/posts\/3013\/revisions\/5118"}],"wp:featuredmedia":[{"embeddable":true,"href":"https:\/\/szelkialto.hu\/index.php?rest_route=\/wp\/v2\/media\/5121"}],"wp:attachment":[{"href":"https:\/\/szelkialto.hu\/index.php?rest_route=%2Fwp%2Fv2%2Fmedia&parent=3013"}],"wp:term":[{"taxonomy":"category","embeddable":true,"href":"https:\/\/szelkialto.hu\/index.php?rest_route=%2Fwp%2Fv2%2Fcategories&post=3013"},{"taxonomy":"post_tag","embeddable":true,"href":"https:\/\/szelkialto.hu\/index.php?rest_route=%2Fwp%2Fv2%2Ftags&post=3013"}],"curies":[{"name":"wp","href":"https:\/\/api.w.org\/{rel}","templated":true}]}}