{"id":3024,"date":"2014-11-26T22:07:40","date_gmt":"2014-11-26T21:07:40","guid":{"rendered":"https:\/\/szelkialto.hu\/?p=3024"},"modified":"2022-12-10T08:48:12","modified_gmt":"2022-12-10T07:48:12","slug":"jubileumi-koncert-a-kodaly-kozpontban","status":"publish","type":"post","link":"https:\/\/szelkialto.hu\/?p=3024","title":{"rendered":"Jubileumi koncert a Kod\u00e1ly K\u00f6zpontban"},"content":{"rendered":"<p><img loading=\"lazy\" decoding=\"async\" class=\"alignleft wp-image-3025 size-full\" src=\"https:\/\/szelkialto.hu\/wp-content\/uploads\/meghivo.jpg\" alt=\"40. \u00e9ves jubileumi koncert \u2013 megh\u00edv\u00f3\" width=\"450\" height=\"1035\" srcset=\"https:\/\/szelkialto.hu\/wp-content\/uploads\/meghivo.jpg 450w, https:\/\/szelkialto.hu\/wp-content\/uploads\/meghivo-130x300.jpg 130w, https:\/\/szelkialto.hu\/wp-content\/uploads\/meghivo-445x1024.jpg 445w\" sizes=\"auto, (max-width: 450px) 100vw, 450px\" \/><\/p>\n<p style=\"text-align: center;\"><img decoding=\"async\" src=\"https:\/\/szelkialto.hu\/wp-content\/uploads\/NKA_logo_2012_200x63.jpg\" alt=\"NKA logo\" width=\"200\" \/><\/p>\n<p style=\"text-align: center;\"><span style=\"font-size: 12pt;\">A koncert t\u00e1mogat\u00f3ja a Nemzeti Kultur\u00e1lis Alap<\/span><\/p>\n<p>&nbsp;<\/p>\n","protected":false},"excerpt":{"rendered":"<p>A koncert t\u00e1mogat\u00f3ja a Nemzeti Kultur\u00e1lis Alap &nbsp;<\/p>\n","protected":false},"author":3,"featured_media":5122,"comment_status":"open","ping_status":"closed","sticky":false,"template":"","format":"standard","meta":{"footnotes":"","_links_to":"","_links_to_target":""},"categories":[53,4,7],"tags":[137,136,133],"class_list":["post-3024","post","type-post","status-publish","format-standard","has-post-thumbnail","hentry","category-enekelt-vers","category-koncertek","category-zenekar","tag-40-ev","tag-jubileum","tag-kereszteny-bela"],"rttpg_featured_image_url":{"full":["https:\/\/szelkialto.hu\/wp-content\/uploads\/jubileumi_koncert-2014.jpg",418,492,false],"landscape":["https:\/\/szelkialto.hu\/wp-content\/uploads\/jubileumi_koncert-2014.jpg",418,492,false],"portraits":["https:\/\/szelkialto.hu\/wp-content\/uploads\/jubileumi_koncert-2014.jpg",418,492,false],"thumbnail":["https:\/\/szelkialto.hu\/wp-content\/uploads\/jubileumi_koncert-2014-150x150.jpg",150,150,true],"medium":["https:\/\/szelkialto.hu\/wp-content\/uploads\/jubileumi_koncert-2014-255x300.jpg",255,300,true],"large":["https:\/\/szelkialto.hu\/wp-content\/uploads\/jubileumi_koncert-2014.jpg",418,492,false],"1536x1536":["https:\/\/szelkialto.hu\/wp-content\/uploads\/jubileumi_koncert-2014.jpg",418,492,false],"2048x2048":["https:\/\/szelkialto.hu\/wp-content\/uploads\/jubileumi_koncert-2014.jpg",418,492,false],"thumb-small":["https:\/\/szelkialto.hu\/wp-content\/uploads\/jubileumi_koncert-2014-80x80.jpg",80,80,true],"thumb-standard":["https:\/\/szelkialto.hu\/wp-content\/uploads\/jubileumi_koncert-2014-320x320.jpg",320,320,true],"thumb-medium":["https:\/\/szelkialto.hu\/wp-content\/uploads\/jubileumi_koncert-2014-418x245.jpg",418,245,true],"thumb-large":["https:\/\/szelkialto.hu\/wp-content\/uploads\/jubileumi_koncert-2014-418x340.jpg",418,340,true],"thumb-xlarge":["https:\/\/szelkialto.hu\/wp-content\/uploads\/jubileumi_koncert-2014-418x450.jpg",418,450,true],"thumb-xxlarge":["https:\/\/szelkialto.hu\/wp-content\/uploads\/jubileumi_koncert-2014.jpg",418,492,false]},"rttpg_author":{"display_name":"Fenyvesi B\u00e9la","author_link":"https:\/\/szelkialto.hu\/?author=3"},"rttpg_comment":0,"rttpg_category":"<a href=\"https:\/\/szelkialto.hu\/?cat=53\" rel=\"category\">\u00e9nekelt vers<\/a> <a href=\"https:\/\/szelkialto.hu\/?cat=4\" rel=\"category\">koncertek<\/a> <a href=\"https:\/\/szelkialto.hu\/?cat=7\" rel=\"category\">zenekar<\/a>","rttpg_excerpt":"A koncert t\u00e1mogat\u00f3ja a Nemzeti Kultur\u00e1lis Alap &nbsp;","_links":{"self":[{"href":"https:\/\/szelkialto.hu\/index.php?rest_route=\/wp\/v2\/posts\/3024","targetHints":{"allow":["GET"]}}],"collection":[{"href":"https:\/\/szelkialto.hu\/index.php?rest_route=\/wp\/v2\/posts"}],"about":[{"href":"https:\/\/szelkialto.hu\/index.php?rest_route=\/wp\/v2\/types\/post"}],"author":[{"embeddable":true,"href":"https:\/\/szelkialto.hu\/index.php?rest_route=\/wp\/v2\/users\/3"}],"replies":[{"embeddable":true,"href":"https:\/\/szelkialto.hu\/index.php?rest_route=%2Fwp%2Fv2%2Fcomments&post=3024"}],"version-history":[{"count":16,"href":"https:\/\/szelkialto.hu\/index.php?rest_route=\/wp\/v2\/posts\/3024\/revisions"}],"predecessor-version":[{"id":3101,"href":"https:\/\/szelkialto.hu\/index.php?rest_route=\/wp\/v2\/posts\/3024\/revisions\/3101"}],"wp:featuredmedia":[{"embeddable":true,"href":"https:\/\/szelkialto.hu\/index.php?rest_route=\/wp\/v2\/media\/5122"}],"wp:attachment":[{"href":"https:\/\/szelkialto.hu\/index.php?rest_route=%2Fwp%2Fv2%2Fmedia&parent=3024"}],"wp:term":[{"taxonomy":"category","embeddable":true,"href":"https:\/\/szelkialto.hu\/index.php?rest_route=%2Fwp%2Fv2%2Fcategories&post=3024"},{"taxonomy":"post_tag","embeddable":true,"href":"https:\/\/szelkialto.hu\/index.php?rest_route=%2Fwp%2Fv2%2Ftags&post=3024"}],"curies":[{"name":"wp","href":"https:\/\/api.w.org\/{rel}","templated":true}]}}