{"id":3054,"date":"2015-02-06T07:14:25","date_gmt":"2015-02-06T06:14:25","guid":{"rendered":"https:\/\/szelkialto.hu\/?p=3054"},"modified":"2022-12-10T08:30:35","modified_gmt":"2022-12-10T07:30:35","slug":"szelkialto-40-kalaka-45-kettos-jubileumi-koncert-a-kodaly-kozpontban","status":"publish","type":"post","link":"https:\/\/szelkialto.hu\/?p=3054","title":{"rendered":"Sz\u00e9lki\u00e1lt\u00f3 40, Kal\u00e1ka 45 \u2013 kett\u0151s jubileumi koncert a Kod\u00e1ly K\u00f6zpontban"},"content":{"rendered":"<p><span style=\"font-size: 14pt;\">2014. december 13-\u00e1n tartottuk a Kod\u00e1ly K\u00f6zpontban a Sz\u00e9lki\u00e1lt\u00f3 egy\u00fcttes 40. \u00e9s a Kal\u00e1ka egy\u00fcttes 45. \u00e9ves k\u00f6z\u00f6s jubileumi koncertj\u00e9t.<\/span><\/p>\n<p>K\u00f6zrem\u0171k\u00f6dtek:<\/p>\n<p>A <strong>Sz\u00e9lki\u00e1lt\u00f3<\/strong> egy\u00fcttes<\/p>\n<p style=\"padding-left: 30px;\"><strong>Fenyvesi B\u00e9la<\/strong>, <strong>Lakner Tam\u00e1s<\/strong>, <strong>Rozs Tam\u00e1s<\/strong> \u00e9s l\u00e9lekben vel\u00fcnk j\u00e1tszott <strong>Kereszt\u00e9ny B\u00e9la<\/strong> (1954. janu\u00e1r 7. \u2013 2014. okt\u00f3ber 21.)<\/p>\n<p><img loading=\"lazy\" decoding=\"async\" class=\" size-full wp-image-3074 aligncenter\" src=\"https:\/\/szelkialto.hu\/wp-content\/uploads\/szelkialto1.jpg\" alt=\"Sz\u00e9lki\u00e1lt\u00f3 egy\u00fcttes\" width=\"450\" height=\"136\" \/><\/p>\n<p>A <a href=\"http:\/\/www.kalaka.hu\"><strong>Kal\u00e1ka<\/strong><\/a> egy\u00fcttes<\/p>\n<p style=\"padding-left: 30px;\"><strong>Becze G\u00e1bor<\/strong>, <strong>Gryllus D\u00e1niel<\/strong>, <strong>Gryillus Vilmos<\/strong>, <strong>Radv\u00e1nyi Bal\u00e1zs<\/strong><\/p>\n<p><img loading=\"lazy\" decoding=\"async\" class=\" size-full wp-image-3074 aligncenter\" src=\"https:\/\/szelkialto.hu\/wp-content\/uploads\/kalaka.jpg\" alt=\"Kal\u00e1ka egy\u00fcttes\" width=\"450\" height=\"173\" \/><\/p>\n<p>A <strong>P\u00e9csi Szimfonietta<\/strong><\/p>\n<p style=\"padding-left: 30px;\"><a href=\"https:\/\/hu-hu.facebook.com\/stauroczky.balazs\"><strong>Staur\u00f3czky Bal\u00e1zs<\/strong><\/a> vez\u00e9nylet\u00e9vel<\/p>\n<p><img loading=\"lazy\" decoding=\"async\" class=\" size-full wp-image-3074 aligncenter\" src=\"https:\/\/szelkialto.hu\/wp-content\/uploads\/stauroczky_balazs.jpg\" alt=\"Fenyvesi M\u00e1rton\" width=\"450\" height=\"251\" \/><\/p>\n<p>A k\u00e9t egy\u00fcttes dalait szimfonikus zenekarra hangszerelt\u00e9k:<\/p>\n<p style=\"padding-left: 30px;\"><strong>Szab\u00f3 Ferenc<\/strong><\/p>\n<p><img loading=\"lazy\" decoding=\"async\" class=\" size-full wp-image-3074 aligncenter\" src=\"https:\/\/szelkialto.hu\/wp-content\/uploads\/szabo_ferenc.jpg\" alt=\"Szab\u00f3 Ferenc\" width=\"450\" height=\"173\" srcset=\"https:\/\/szelkialto.hu\/wp-content\/uploads\/szabo_ferenc.jpg 450w, https:\/\/szelkialto.hu\/wp-content\/uploads\/szabo_ferenc-300x115.jpg 300w\" sizes=\"auto, (max-width: 450px) 100vw, 450px\" \/><\/p>\n<p style=\"padding-left: 30px;\"><a href=\"http:\/\/samunew.nologic.de\" target=\"_blank\" rel=\"noopener\"><strong>Gryllus S\u00e1muel<\/strong><\/a><\/p>\n<p><a href=\"http:\/\/samunew.nologic.de\" target=\"_blank\" rel=\"noopener\"><img loading=\"lazy\" decoding=\"async\" class=\" size-full wp-image-3074 aligncenter\" src=\"https:\/\/szelkialto.hu\/wp-content\/uploads\/gryllus_samu.jpg\" alt=\"Gryllus Samu\" width=\"450\" height=\"173\" \/><\/a><\/p>\n<p style=\"padding-left: 30px;\"><a href=\"http:\/\/www.martonfenyvesi.hu\" target=\"_blank\" rel=\"noopener\"><strong>Fenyvesi M\u00e1rton<\/strong><\/a><\/p>\n<p><a href=\"http:\/\/www.martonfenyvesi.hu\" target=\"_blank\" rel=\"noopener\"><img loading=\"lazy\" decoding=\"async\" class=\" size-full wp-image-3074 aligncenter\" src=\"https:\/\/szelkialto.hu\/wp-content\/uploads\/fenyvesi_marci.jpg\" alt=\"Fenyvesi M\u00e1rton\" width=\"450\" height=\"173\" \/><\/a><\/p>\n<p style=\"padding-left: 30px;\"><strong>Bagi D\u00e1niel<\/strong><\/p>\n<p><img loading=\"lazy\" decoding=\"async\" class=\" size-full wp-image-3074 aligncenter\" src=\"https:\/\/szelkialto.hu\/wp-content\/uploads\/bagi_dani.jpg\" alt=\"Bagi D\u00e1niel\" width=\"450\" height=\"197\" \/><\/p>\n<p>Nagyon k\u00f6sz\u00f6nj\u00fck a k\u00f6z\u00f6ns\u00e9gnek, hogy k\u00f6zelr\u0151l s t\u00e1volr\u00f3l ilyen sz\u00e9p sz\u00e1mmal elj\u00f6ttek a koncertre \u00e9s vel\u00fcnk egy\u00fctt \u00fcnnepeltek. Nagy er\u0151t adtak nek\u00fcnk a tov\u00e1bbi munk\u00e1hoz.<\/p>\n<p><img loading=\"lazy\" decoding=\"async\" class=\" size-full wp-image-3074 aligncenter\" src=\"https:\/\/szelkialto.hu\/wp-content\/uploads\/kozonseg.jpg\" alt=\"Szab\u00f3 Ferenc\" width=\"450\" height=\"300\" \/><\/p>\n<p>Az est rendez\u0151je a <a href=\"http:\/\/www.pfz.hu\"><strong>Pannon Filharmonikusok \u2013 P\u00e9cs Nonprofit Kft.<\/strong><\/a> volt, akiknek ez\u00faton mondunk k\u00f6sz\u00f6netet nagyszer\u0171 munk\u00e1juk\u00e9rt \u00e9s az\u00e9rt, hogy befogadt\u00e1k az el\u0151ad\u00e1st.<\/p>\n<p>K\u00f6sz\u00f6net illeti a <a href=\"http:\/\/www.kodalykozpont.hu\" target=\"_blank\" rel=\"noopener\"><strong>Kod\u00e1ly K\u00f6zpont<\/strong><\/a> munkat\u00e1rsait, akik \u2013 a n\u00e1luk szok\u00e1sos \u2013 professzion\u00e1lis sz\u00ednvonalon biztos\u00edtott\u00e1k a koncert technikai \u00e9s egy\u00e9b felt\u00e9teleit.<\/p>\n<p style=\"text-align: center;\"><a href=\"http:\/\/www.nka.hu\" target=\"_blank\" rel=\"noopener\"><img decoding=\"async\" src=\"https:\/\/szelkialto.hu\/wp-content\/uploads\/NKA_logo_2012_200x63.jpg\" alt=\"NKA logo\" width=\"200\" \/><\/a><\/p>\n<p style=\"text-align: center;\"><span style=\"font-size: 9pt;\">A koncertet t\u00e1mogatta a <a href=\"http:\/\/www.nka.hu\" target=\"_blank\" rel=\"noopener\">Nemzeti Kultur\u00e1lis Alap<\/a><\/span><\/p>\n<p>&nbsp;<\/p>\n","protected":false},"excerpt":{"rendered":"<p>2014. december 13-\u00e1n tartottuk a Kod\u00e1ly K\u00f6zpontban a Sz\u00e9lki\u00e1lt\u00f3 egy\u00fcttes 40. \u00e9s a Kal\u00e1ka egy\u00fcttes 45. \u00e9ves k\u00f6z\u00f6s jubileumi koncertj\u00e9t. K\u00f6zrem\u0171k\u00f6dtek: A Sz\u00e9lki\u00e1lt\u00f3 egy\u00fcttes Fenyvesi B\u00e9la, Lakner Tam\u00e1s, Rozs Tam\u00e1s \u00e9s l\u00e9lekben vel\u00fcnk j\u00e1tszott Kereszt\u00e9ny B\u00e9la (1954. janu\u00e1r 7. \u2013&#46;&#46;&#46;<\/p>\n","protected":false},"author":3,"featured_media":5116,"comment_status":"open","ping_status":"closed","sticky":false,"template":"","format":"standard","meta":{"footnotes":"","_links_to":"","_links_to_target":""},"categories":[53,4],"tags":[135,24,82,110],"class_list":["post-3054","post","type-post","status-publish","format-standard","has-post-thumbnail","hentry","category-enekelt-vers","category-koncertek","tag-jubileumi-koncert","tag-kalaka","tag-kodaly-kozpont","tag-szelkialto"],"rttpg_featured_image_url":{"full":["https:\/\/szelkialto.hu\/wp-content\/uploads\/kodaly_kozpont01.jpg",400,340,false],"landscape":["https:\/\/szelkialto.hu\/wp-content\/uploads\/kodaly_kozpont01.jpg",400,340,false],"portraits":["https:\/\/szelkialto.hu\/wp-content\/uploads\/kodaly_kozpont01.jpg",400,340,false],"thumbnail":["https:\/\/szelkialto.hu\/wp-content\/uploads\/kodaly_kozpont01-150x150.jpg",150,150,true],"medium":["https:\/\/szelkialto.hu\/wp-content\/uploads\/kodaly_kozpont01-300x255.jpg",300,255,true],"large":["https:\/\/szelkialto.hu\/wp-content\/uploads\/kodaly_kozpont01.jpg",400,340,false],"1536x1536":["https:\/\/szelkialto.hu\/wp-content\/uploads\/kodaly_kozpont01.jpg",400,340,false],"2048x2048":["https:\/\/szelkialto.hu\/wp-content\/uploads\/kodaly_kozpont01.jpg",400,340,false],"thumb-small":["https:\/\/szelkialto.hu\/wp-content\/uploads\/kodaly_kozpont01-80x80.jpg",80,80,true],"thumb-standard":["https:\/\/szelkialto.hu\/wp-content\/uploads\/kodaly_kozpont01-320x320.jpg",320,320,true],"thumb-medium":["https:\/\/szelkialto.hu\/wp-content\/uploads\/kodaly_kozpont01-400x245.jpg",400,245,true],"thumb-large":["https:\/\/szelkialto.hu\/wp-content\/uploads\/kodaly_kozpont01.jpg",400,340,false],"thumb-xlarge":["https:\/\/szelkialto.hu\/wp-content\/uploads\/kodaly_kozpont01.jpg",400,340,false],"thumb-xxlarge":["https:\/\/szelkialto.hu\/wp-content\/uploads\/kodaly_kozpont01.jpg",400,340,false]},"rttpg_author":{"display_name":"Fenyvesi B\u00e9la","author_link":"https:\/\/szelkialto.hu\/?author=3"},"rttpg_comment":0,"rttpg_category":"<a href=\"https:\/\/szelkialto.hu\/?cat=53\" rel=\"category\">\u00e9nekelt vers<\/a> <a href=\"https:\/\/szelkialto.hu\/?cat=4\" rel=\"category\">koncertek<\/a>","rttpg_excerpt":"2014. december 13-\u00e1n tartottuk a Kod\u00e1ly K\u00f6zpontban a Sz\u00e9lki\u00e1lt\u00f3 egy\u00fcttes 40. \u00e9s a Kal\u00e1ka egy\u00fcttes 45. \u00e9ves k\u00f6z\u00f6s jubileumi koncertj\u00e9t. K\u00f6zrem\u0171k\u00f6dtek: A Sz\u00e9lki\u00e1lt\u00f3 egy\u00fcttes Fenyvesi B\u00e9la, Lakner Tam\u00e1s, Rozs Tam\u00e1s \u00e9s l\u00e9lekben vel\u00fcnk j\u00e1tszott Kereszt\u00e9ny B\u00e9la (1954. janu\u00e1r 7. \u2013&#46;&#46;&#46;","_links":{"self":[{"href":"https:\/\/szelkialto.hu\/index.php?rest_route=\/wp\/v2\/posts\/3054","targetHints":{"allow":["GET"]}}],"collection":[{"href":"https:\/\/szelkialto.hu\/index.php?rest_route=\/wp\/v2\/posts"}],"about":[{"href":"https:\/\/szelkialto.hu\/index.php?rest_route=\/wp\/v2\/types\/post"}],"author":[{"embeddable":true,"href":"https:\/\/szelkialto.hu\/index.php?rest_route=\/wp\/v2\/users\/3"}],"replies":[{"embeddable":true,"href":"https:\/\/szelkialto.hu\/index.php?rest_route=%2Fwp%2Fv2%2Fcomments&post=3054"}],"version-history":[{"count":38,"href":"https:\/\/szelkialto.hu\/index.php?rest_route=\/wp\/v2\/posts\/3054\/revisions"}],"predecessor-version":[{"id":5117,"href":"https:\/\/szelkialto.hu\/index.php?rest_route=\/wp\/v2\/posts\/3054\/revisions\/5117"}],"wp:featuredmedia":[{"embeddable":true,"href":"https:\/\/szelkialto.hu\/index.php?rest_route=\/wp\/v2\/media\/5116"}],"wp:attachment":[{"href":"https:\/\/szelkialto.hu\/index.php?rest_route=%2Fwp%2Fv2%2Fmedia&parent=3054"}],"wp:term":[{"taxonomy":"category","embeddable":true,"href":"https:\/\/szelkialto.hu\/index.php?rest_route=%2Fwp%2Fv2%2Fcategories&post=3054"},{"taxonomy":"post_tag","embeddable":true,"href":"https:\/\/szelkialto.hu\/index.php?rest_route=%2Fwp%2Fv2%2Ftags&post=3054"}],"curies":[{"name":"wp","href":"https:\/\/api.w.org\/{rel}","templated":true}]}}