{"id":3112,"date":"2015-07-12T17:45:41","date_gmt":"2015-07-12T15:45:41","guid":{"rendered":"https:\/\/szelkialto.hu\/?p=3112"},"modified":"2022-12-10T08:27:20","modified_gmt":"2022-12-10T07:27:20","slug":"pecs-udvozli-az-europa-cantatot","status":"publish","type":"post","link":"https:\/\/szelkialto.hu\/?p=3112","title":{"rendered":"P\u00e9cs \u00fcdv\u00f6zli az Europa Cantatot&#8230;"},"content":{"rendered":"<p>&nbsp;<\/p>\n<p><a href=\"http:\/\/ecpecs2015.hu\" target=\"_blank\" rel=\"noopener\"><img loading=\"lazy\" decoding=\"async\" class=\"alignright size-full wp-image-3113\" src=\"https:\/\/szelkialto.hu\/wp-content\/uploads\/Europa_Cantat.png\" alt=\"Europa_Cantat\" width=\"260\" height=\"82\" \/><\/a><span style=\"font-size: 12pt;\">2015. j\u00falius 24-t\u0151l augusztus 2-ig tartj\u00e1k a <a title=\"XIX. Europa Cantat \u2013 P\u00e9cs, 2015\" href=\"http:\/\/ecpecs2015.hu\/hu\/napi-programok\/91\/pecs-udvozli-az-europa-cantat-ot--zengo-egyuttes--mecsek-tancegyuttes--szelkialto--hu-\" target=\"_blank\" rel=\"noopener\">XIX. Europa Cantat rendezv\u00e9nyt<\/a> P\u00e9csett.<\/span><\/p>\n<p><span style=\"font-size: 12pt;\"><strong>J\u00falius 25-\u00e9n 22:00<\/strong> \u00f3rakor a <strong>Sz\u00e9chenyi t\u00e9ren<\/strong> P\u00e9cs k\u00f6sz\u00f6nti a rendezv\u00e9nyt, amelyen fell\u00e9p a <strong>Sz\u00e9lki\u00e1lt\u00f3,<\/strong><\/span><\/p>\n<p><img loading=\"lazy\" decoding=\"async\" class=\" size-full wp-image-3142 aligncenter\" src=\"https:\/\/szelkialto.hu\/wp-content\/uploads\/szelkialto031.png\" alt=\"szelkialto03\" width=\"450\" height=\"180\" srcset=\"https:\/\/szelkialto.hu\/wp-content\/uploads\/szelkialto031.png 450w, https:\/\/szelkialto.hu\/wp-content\/uploads\/szelkialto031-300x120.png 300w\" sizes=\"auto, (max-width: 450px) 100vw, 450px\" \/><\/p>\n<p><span style=\"font-size: 12pt;\">a <strong>Zeng\u0151 egy\u00fcttes<\/strong> <\/span><\/p>\n<p><img loading=\"lazy\" decoding=\"async\" class=\" size-full wp-image-3143 aligncenter\" src=\"https:\/\/szelkialto.hu\/wp-content\/uploads\/Zengo_egyuttes1.png\" alt=\"Zengo_egyuttes\" width=\"450\" height=\"300\" srcset=\"https:\/\/szelkialto.hu\/wp-content\/uploads\/Zengo_egyuttes1.png 450w, https:\/\/szelkialto.hu\/wp-content\/uploads\/Zengo_egyuttes1-300x200.png 300w\" sizes=\"auto, (max-width: 450px) 100vw, 450px\" \/><\/p>\n<p><span style=\"font-size: 12pt;\">\u00e9s a <strong>Mecsek T\u00e1ncegy\u00fcttes<\/strong>.<\/span><\/p>\n<p><img loading=\"lazy\" decoding=\"async\" class=\" size-full wp-image-3144 aligncenter\" src=\"https:\/\/szelkialto.hu\/wp-content\/uploads\/Mecsek_Tancegyuttes1.png\" alt=\"Mecsek_Tancegyuttes\" width=\"450\" height=\"299\" srcset=\"https:\/\/szelkialto.hu\/wp-content\/uploads\/Mecsek_Tancegyuttes1.png 450w, https:\/\/szelkialto.hu\/wp-content\/uploads\/Mecsek_Tancegyuttes1-300x199.png 300w\" sizes=\"auto, (max-width: 450px) 100vw, 450px\" \/><\/p>\n<p><span style=\"font-size: 12pt;\">A rendezv\u00e9nyen a r\u00e9szv\u00e9tel d\u00edjtalan! Mindenkit szeretettel v\u00e1runk.<\/span><\/p>\n<p>&nbsp;<\/p>\n","protected":false},"excerpt":{"rendered":"<p>&nbsp; 2015. j\u00falius 24-t\u0151l augusztus 2-ig tartj\u00e1k a XIX. Europa Cantat rendezv\u00e9nyt P\u00e9csett. J\u00falius 25-\u00e9n 22:00 \u00f3rakor a Sz\u00e9chenyi t\u00e9ren P\u00e9cs k\u00f6sz\u00f6nti a rendezv\u00e9nyt, amelyen fell\u00e9p a Sz\u00e9lki\u00e1lt\u00f3, a Zeng\u0151 egy\u00fcttes \u00e9s a Mecsek T\u00e1ncegy\u00fcttes. A rendezv\u00e9nyen a r\u00e9szv\u00e9tel d\u00edjtalan!&#46;&#46;&#46;<\/p>\n","protected":false},"author":3,"featured_media":5114,"comment_status":"open","ping_status":"closed","sticky":false,"template":"","format":"standard","meta":{"footnotes":"","_links_to":"","_links_to_target":""},"categories":[54,12,4],"tags":[138,140],"class_list":["post-3112","post","type-post","status-publish","format-standard","has-post-thumbnail","hentry","category-fesztival","category-irodalom-2","category-koncertek","tag-europa-cantat","tag-pecs"],"rttpg_featured_image_url":{"full":["https:\/\/szelkialto.hu\/wp-content\/uploads\/europa_cantat.jpg",400,340,false],"landscape":["https:\/\/szelkialto.hu\/wp-content\/uploads\/europa_cantat.jpg",400,340,false],"portraits":["https:\/\/szelkialto.hu\/wp-content\/uploads\/europa_cantat.jpg",400,340,false],"thumbnail":["https:\/\/szelkialto.hu\/wp-content\/uploads\/europa_cantat-150x150.jpg",150,150,true],"medium":["https:\/\/szelkialto.hu\/wp-content\/uploads\/europa_cantat-300x255.jpg",300,255,true],"large":["https:\/\/szelkialto.hu\/wp-content\/uploads\/europa_cantat.jpg",400,340,false],"1536x1536":["https:\/\/szelkialto.hu\/wp-content\/uploads\/europa_cantat.jpg",400,340,false],"2048x2048":["https:\/\/szelkialto.hu\/wp-content\/uploads\/europa_cantat.jpg",400,340,false],"thumb-small":["https:\/\/szelkialto.hu\/wp-content\/uploads\/europa_cantat-80x80.jpg",80,80,true],"thumb-standard":["https:\/\/szelkialto.hu\/wp-content\/uploads\/europa_cantat-320x320.jpg",320,320,true],"thumb-medium":["https:\/\/szelkialto.hu\/wp-content\/uploads\/europa_cantat-400x245.jpg",400,245,true],"thumb-large":["https:\/\/szelkialto.hu\/wp-content\/uploads\/europa_cantat.jpg",400,340,false],"thumb-xlarge":["https:\/\/szelkialto.hu\/wp-content\/uploads\/europa_cantat.jpg",400,340,false],"thumb-xxlarge":["https:\/\/szelkialto.hu\/wp-content\/uploads\/europa_cantat.jpg",400,340,false]},"rttpg_author":{"display_name":"Fenyvesi B\u00e9la","author_link":"https:\/\/szelkialto.hu\/?author=3"},"rttpg_comment":0,"rttpg_category":"<a href=\"https:\/\/szelkialto.hu\/?cat=54\" rel=\"category\">fesztiv\u00e1l<\/a> <a href=\"https:\/\/szelkialto.hu\/?cat=12\" rel=\"category\">irodalom<\/a> <a href=\"https:\/\/szelkialto.hu\/?cat=4\" rel=\"category\">koncertek<\/a>","rttpg_excerpt":"&nbsp; 2015. j\u00falius 24-t\u0151l augusztus 2-ig tartj\u00e1k a XIX. Europa Cantat rendezv\u00e9nyt P\u00e9csett. J\u00falius 25-\u00e9n 22:00 \u00f3rakor a Sz\u00e9chenyi t\u00e9ren P\u00e9cs k\u00f6sz\u00f6nti a rendezv\u00e9nyt, amelyen fell\u00e9p a Sz\u00e9lki\u00e1lt\u00f3, a Zeng\u0151 egy\u00fcttes \u00e9s a Mecsek T\u00e1ncegy\u00fcttes. A rendezv\u00e9nyen a r\u00e9szv\u00e9tel d\u00edjtalan!&#46;&#46;&#46;","_links":{"self":[{"href":"https:\/\/szelkialto.hu\/index.php?rest_route=\/wp\/v2\/posts\/3112","targetHints":{"allow":["GET"]}}],"collection":[{"href":"https:\/\/szelkialto.hu\/index.php?rest_route=\/wp\/v2\/posts"}],"about":[{"href":"https:\/\/szelkialto.hu\/index.php?rest_route=\/wp\/v2\/types\/post"}],"author":[{"embeddable":true,"href":"https:\/\/szelkialto.hu\/index.php?rest_route=\/wp\/v2\/users\/3"}],"replies":[{"embeddable":true,"href":"https:\/\/szelkialto.hu\/index.php?rest_route=%2Fwp%2Fv2%2Fcomments&post=3112"}],"version-history":[{"count":14,"href":"https:\/\/szelkialto.hu\/index.php?rest_route=\/wp\/v2\/posts\/3112\/revisions"}],"predecessor-version":[{"id":5115,"href":"https:\/\/szelkialto.hu\/index.php?rest_route=\/wp\/v2\/posts\/3112\/revisions\/5115"}],"wp:featuredmedia":[{"embeddable":true,"href":"https:\/\/szelkialto.hu\/index.php?rest_route=\/wp\/v2\/media\/5114"}],"wp:attachment":[{"href":"https:\/\/szelkialto.hu\/index.php?rest_route=%2Fwp%2Fv2%2Fmedia&parent=3112"}],"wp:term":[{"taxonomy":"category","embeddable":true,"href":"https:\/\/szelkialto.hu\/index.php?rest_route=%2Fwp%2Fv2%2Fcategories&post=3112"},{"taxonomy":"post_tag","embeddable":true,"href":"https:\/\/szelkialto.hu\/index.php?rest_route=%2Fwp%2Fv2%2Ftags&post=3112"}],"curies":[{"name":"wp","href":"https:\/\/api.w.org\/{rel}","templated":true}]}}