{"id":3156,"date":"2015-12-10T12:34:34","date_gmt":"2015-12-10T11:34:34","guid":{"rendered":"https:\/\/szelkialto.hu\/?p=3156"},"modified":"2022-12-10T08:16:49","modified_gmt":"2022-12-10T07:16:49","slug":"platon-benez-az-ablakon","status":"publish","type":"post","link":"https:\/\/szelkialto.hu\/?p=3156","title":{"rendered":"Plat\u00f3n ben\u00e9z az ablakon \u2013 Bert\u00f3k L\u00e1szl\u00f3 80"},"content":{"rendered":"<p><img loading=\"lazy\" decoding=\"async\" class=\"size-full wp-image-3164 aligncenter\" src=\"https:\/\/szelkialto.hu\/wp-content\/uploads\/Bertok.jpg\" alt=\"Bertok\" width=\"450\" height=\"341\" srcset=\"https:\/\/szelkialto.hu\/wp-content\/uploads\/Bertok.jpg 450w, https:\/\/szelkialto.hu\/wp-content\/uploads\/Bertok-300x227.jpg 300w\" sizes=\"auto, (max-width: 450px) 100vw, 450px\" \/><\/p>\n<p><span style=\"font-size: 12pt;\">Elk\u00e9sz\u00fclt az \u00e9ppen 80 esztend\u0151s <strong>Bert\u00f3k L\u00e1szl\u00f3<\/strong> verseit tartalmaz\u00f3 CD lemez\u00fcnk, melyet <strong>2015. december 7-\u00e9n<\/strong> a <strong>Tud\u00e1sk\u00f6zpontban<\/strong> adhattunk \u00e1t szem\u00e9lyesen a Kossuth-d\u00edjas k\u00f6lt\u0151nek a <strong>Jelenkor<\/strong> foly\u00f3irat \u00e9s a <strong>Csorba Gy\u0151z\u0151 K\u00f6nyvt\u00e1r<\/strong> \u00e1ltal rendezett \u00fcnnepi k\u00f6sz\u00f6nt\u00e9sen.<\/span><\/p>\n<p><span style=\"font-size: 12pt;\">Az esten k\u00f6zrem\u0171k\u00f6dtek \u00e9s k\u00f6sz\u00f6nt\u0151t mondtak <strong>Parti Nagy Lajos<\/strong> k\u00f6lt\u0151,<\/span><\/p>\n<p><img loading=\"lazy\" decoding=\"async\" class=\"aligncenter wp-image-3166\" src=\"https:\/\/szelkialto.hu\/wp-content\/uploads\/Parti_Nagy.jpg\" alt=\"Parti_Nagy\" width=\"400\" height=\"303\" srcset=\"https:\/\/szelkialto.hu\/wp-content\/uploads\/Parti_Nagy.jpg 450w, https:\/\/szelkialto.hu\/wp-content\/uploads\/Parti_Nagy-300x227.jpg 300w\" sizes=\"auto, (max-width: 400px) 100vw, 400px\" \/><\/p>\n<p><span style=\"font-size: 12pt;\"><strong>Szeg\u0151 J\u00e1nos<\/strong>, a Magvet\u0151 Kiad\u00f3 szerkeszt\u0151je, <\/span><\/p>\n<p><img loading=\"lazy\" decoding=\"async\" class=\"aligncenter wp-image-3168\" src=\"https:\/\/szelkialto.hu\/wp-content\/uploads\/Szego_Janos.jpg\" alt=\"Szego_Janos\" width=\"400\" height=\"303\" srcset=\"https:\/\/szelkialto.hu\/wp-content\/uploads\/Szego_Janos.jpg 450w, https:\/\/szelkialto.hu\/wp-content\/uploads\/Szego_Janos-300x227.jpg 300w\" sizes=\"auto, (max-width: 400px) 100vw, 400px\" \/><\/p>\n<p><span style=\"font-size: 12pt;\"><strong>Miszler Tam\u00e1s<\/strong>, a Csorba Gy\u0151z\u0151 K\u00f6nyvt\u00e1r igazgat\u00f3ja, <br \/>\n<strong>Keresztesi J\u00f3zsef<\/strong> \u00edr\u00f3 \u00e9s <strong>P\u00e1va Zsolt<\/strong> polg\u00e1rmester.<\/span><\/p>\n<p><span style=\"font-size: 12pt;\">A k\u00f6lt\u0151 verseit\u00a0<strong>Bacsk\u00f3 T\u00fcnde<\/strong> \u00e9s \u00e9s <strong>L\u00e1szl\u00f3 Csaba<\/strong> sz\u00ednm\u0171v\u00e9szek tolm\u00e1csolt\u00e1k, <br \/>\n<\/span><\/p>\n<p><img loading=\"lazy\" decoding=\"async\" class=\"aligncenter size-full wp-image-3224\" src=\"https:\/\/szelkialto.hu\/wp-content\/uploads\/szineszek.jpg\" alt=\"szineszek\" width=\"400\" height=\"303\" srcset=\"https:\/\/szelkialto.hu\/wp-content\/uploads\/szineszek.jpg 400w, https:\/\/szelkialto.hu\/wp-content\/uploads\/szineszek-300x227.jpg 300w\" sizes=\"auto, (max-width: 400px) 100vw, 400px\" \/><\/p>\n<p><span style=\"font-size: 12pt;\">megzen\u00e9s\u00edtett verseit a<strong> Sz\u00e9lki\u00e1lt\u00f3<\/strong> egy\u00fcttes \u00e9nekelte.<br \/>\n<\/span><\/p>\n<p><img loading=\"lazy\" decoding=\"async\" class=\"aligncenter wp-image-3172\" src=\"https:\/\/szelkialto.hu\/wp-content\/uploads\/Szelkialto.jpg\" alt=\"Szelkialto\" width=\"400\" height=\"267\" srcset=\"https:\/\/szelkialto.hu\/wp-content\/uploads\/Szelkialto.jpg 450w, https:\/\/szelkialto.hu\/wp-content\/uploads\/Szelkialto-300x200.jpg 300w\" sizes=\"auto, (max-width: 400px) 100vw, 400px\" \/><\/p>\n<p><span style=\"font-size: 12pt;\">Az est h\u00e1zigazd\u00e1ja <strong>\u00c1goston Zolt\u00e1n<\/strong>, a Jelenkor f\u0151szerkeszt\u0151je volt.<br \/>\n<\/span><\/p>\n<p><img loading=\"lazy\" decoding=\"async\" class=\"aligncenter wp-image-3171\" src=\"https:\/\/szelkialto.hu\/wp-content\/uploads\/Bertok-Agoston.jpg\" alt=\"Bertok-Agoston\" width=\"400\" height=\"230\" srcset=\"https:\/\/szelkialto.hu\/wp-content\/uploads\/Bertok-Agoston.jpg 450w, https:\/\/szelkialto.hu\/wp-content\/uploads\/Bertok-Agoston-300x173.jpg 300w\" sizes=\"auto, (max-width: 400px) 100vw, 400px\" \/><\/p>\n<p>A lemez c\u00edme Bert\u00f3k L\u00e1szl\u00f3 vers\u00e9b\u0151l val\u00f3, amely szint\u00e9n szerepel a kiadv\u00e1nyon.<\/p>\n<p>A hangfelv\u00e9tel elk\u00e9sz\u00edt\u00e9s\u00e9t a <strong><a href=\"http:\/\/www.nka.hu\" target=\"_blank\" rel=\"noopener\">Nemzeti Kultur\u00e1lis Alap<\/a><\/strong> t\u00e1mogatta.<br \/>\n<a href=\"http:\/\/www.nka.hu\" target=\"_blank\" rel=\"noopener\"><img loading=\"lazy\" decoding=\"async\" class=\"size-full wp-image-3044 alignnone\" src=\"https:\/\/szelkialto.hu\/wp-content\/uploads\/NKA_logo_2012_250x78.jpg\" alt=\"NKA_logo_2012_250x78\" width=\"250\" height=\"78\" \/><\/a><\/p>\n<p><strong>A CD-n tal\u00e1lhat\u00f3 dalok:<\/strong><\/p>\n<p style=\"padding-left: 30px;\">1.\/ Fenyvesi B\u00e9la \u2013\u00a0 Bert\u00f3k L\u00e1szl\u00f3: Plat\u00f3n ben\u00e9z az ablakon<br \/>\n2.\/ Lakner Tam\u00e1s \u2013 Bert\u00f3k L\u00e1szl\u00f3: S\u00e1rga \u0151szi vers<br \/>\n3.\/ Fenyvesi B\u00e9la \u2013 Bert\u00f3k L\u00e1szl\u00f3: A l\u00e9legzetv\u00e9telnyi cs\u00f6ndben<br \/>\n4.\/ Rozs Tam\u00e1s \u2013 Bert\u00f3k L\u00e1szl\u00f3: A kuk\u00e1ra is fel vagy \u00edrva<br \/>\n5.\/ Fenyvesi\u00a0 B\u00e9la \u2013 Bert\u00f3k L\u00e1szl\u00f3: Di\u00f3fa-lev\u00e9len<br \/>\n6.\/ Rozs Tam\u00e1s \u2013 Bert\u00f3k L\u00e1szl\u00f3: Dinnye D\u00f6me<br \/>\n7.\/ Lakner Tam\u00e1s \u2013 Bert\u00f3k L\u00e1szl\u00f3: V\u00e1s\u00e1ros<br \/>\n8.\/ Lakner Tam\u00e1s \u2013 Bert\u00f3k L\u00e1szl\u00f3: V\u00edzibolt<br \/>\n9.\/ Fenyvesi B\u00e9la \u2013 Bert\u00f3k L\u00e1szl\u00f3: \u00d3, az a hol volt vicin\u00e1lis<br \/>\n10.\/ Rozs Tam\u00e1s \u2013 Bert\u00f3k L\u00e1szl\u00f3: El-elk\u00e9pzelem a falansztert<br \/>\n11.\/ Fenyvesi B\u00e9la \u2013 Bert\u00f3k L\u00e1szl\u00f3: Mintha m\u00e1r p\u00e9nteken vas\u00e1rnap<br \/>\n12.\/ Rozs Tam\u00e1s \u2013 Bert\u00f3k L\u00e1szl\u00f3: Az arcodra, ha nem vigy\u00e1zol<br \/>\n13.\/ Lakner Tam\u00e1s \u2013 Bert\u00f3k L\u00e1szl\u00f3: Elmenni kev\u00e9s, itt maradni sok<br \/>\n14.\/ Fenyvesi B\u00e9la \u2013 Bert\u00f3k L\u00e1szl\u00f3: Boldogs\u00e1g\u2013dal<\/p>\n<p><span style=\"font-size: 10pt;\"><strong><br \/>\nBudapestiek figyelem!<\/strong><\/span><\/p>\n<p><span style=\"font-size: 10pt;\">Plat\u00f3n ben\u00e9z az ablakon a <strong>f\u0151v\u00e1rosban is<\/strong>, a <a href=\"http:\/\/www.pim.hu\" target=\"_blank\" rel=\"noopener\"><strong>Pet\u0151fi Irodalmi M\u00fazeumban<\/strong><\/a>, <strong>2015. december 11-\u00e9n 18:00<\/strong> \u00f3rakor.<\/span><br \/>\n<span style=\"font-size: 10pt;\">A r\u00e9szletes program <a href=\"http:\/\/pim.hu\/object.ce013ad1-7683-4f15-888d-bbf91f2adbf9.ivy\" target=\"_blank\" rel=\"noopener\"><strong>itt<\/strong><\/a> olvashat\u00f3.<\/span><\/p>\n<p style=\"text-align: right;\"><em><span style=\"font-size: 8pt;\">A bejegyz\u00e9s fot\u00f3it T\u00f3th L\u00e1szl\u00f3 k\u00e9sz\u00edtette.<\/span><\/em><\/p>\n<p>&nbsp;<\/p>\n","protected":false},"excerpt":{"rendered":"<p>Elk\u00e9sz\u00fclt az \u00e9ppen 80 esztend\u0151s Bert\u00f3k L\u00e1szl\u00f3 verseit tartalmaz\u00f3 CD lemez\u00fcnk, melyet 2015. december 7-\u00e9n a Tud\u00e1sk\u00f6zpontban adhattunk \u00e1t szem\u00e9lyesen a Kossuth-d\u00edjas k\u00f6lt\u0151nek a Jelenkor foly\u00f3irat \u00e9s a Csorba Gy\u0151z\u0151 K\u00f6nyvt\u00e1r \u00e1ltal rendezett \u00fcnnepi k\u00f6sz\u00f6nt\u00e9sen. Az esten k\u00f6zrem\u0171k\u00f6dtek \u00e9s k\u00f6sz\u00f6nt\u0151t&#46;&#46;&#46;<\/p>\n","protected":false},"author":3,"featured_media":5108,"comment_status":"open","ping_status":"closed","sticky":false,"template":"","format":"standard","meta":{"footnotes":"","_links_to":"","_links_to_target":""},"categories":[17,53,12,88,11],"tags":[36,141,145,140,144,110,146,130],"class_list":["post-3156","post","type-post","status-publish","format-standard","has-post-thumbnail","hentry","category-cd","category-enekelt-vers","category-irodalom-2","category-jokivansag","category-koltok","tag-bertok-laszlo","tag-cd","tag-csorba-gyozo-konyvtar","tag-pecs","tag-petofi-irodalmi-muzeum","tag-szelkialto","tag-tudaskozpont","tag-uj-cd"],"rttpg_featured_image_url":{"full":["https:\/\/szelkialto.hu\/wp-content\/uploads\/bertok_80.jpg",431,300,false],"landscape":["https:\/\/szelkialto.hu\/wp-content\/uploads\/bertok_80.jpg",431,300,false],"portraits":["https:\/\/szelkialto.hu\/wp-content\/uploads\/bertok_80.jpg",431,300,false],"thumbnail":["https:\/\/szelkialto.hu\/wp-content\/uploads\/bertok_80-150x150.jpg",150,150,true],"medium":["https:\/\/szelkialto.hu\/wp-content\/uploads\/bertok_80-300x209.jpg",300,209,true],"large":["https:\/\/szelkialto.hu\/wp-content\/uploads\/bertok_80.jpg",431,300,false],"1536x1536":["https:\/\/szelkialto.hu\/wp-content\/uploads\/bertok_80.jpg",431,300,false],"2048x2048":["https:\/\/szelkialto.hu\/wp-content\/uploads\/bertok_80.jpg",431,300,false],"thumb-small":["https:\/\/szelkialto.hu\/wp-content\/uploads\/bertok_80-80x80.jpg",80,80,true],"thumb-standard":["https:\/\/szelkialto.hu\/wp-content\/uploads\/bertok_80-320x300.jpg",320,300,true],"thumb-medium":["https:\/\/szelkialto.hu\/wp-content\/uploads\/bertok_80-431x245.jpg",431,245,true],"thumb-large":["https:\/\/szelkialto.hu\/wp-content\/uploads\/bertok_80.jpg",431,300,false],"thumb-xlarge":["https:\/\/szelkialto.hu\/wp-content\/uploads\/bertok_80.jpg",431,300,false],"thumb-xxlarge":["https:\/\/szelkialto.hu\/wp-content\/uploads\/bertok_80.jpg",431,300,false]},"rttpg_author":{"display_name":"Fenyvesi B\u00e9la","author_link":"https:\/\/szelkialto.hu\/?author=3"},"rttpg_comment":0,"rttpg_category":"<a href=\"https:\/\/szelkialto.hu\/?cat=17\" rel=\"category\">CD<\/a> <a href=\"https:\/\/szelkialto.hu\/?cat=53\" rel=\"category\">\u00e9nekelt vers<\/a> <a href=\"https:\/\/szelkialto.hu\/?cat=12\" rel=\"category\">irodalom<\/a> <a href=\"https:\/\/szelkialto.hu\/?cat=88\" rel=\"category\">j\u00f3k\u00edv\u00e1ns\u00e1g<\/a> <a href=\"https:\/\/szelkialto.hu\/?cat=11\" rel=\"category\">k\u00f6lt\u0151k<\/a>","rttpg_excerpt":"Elk\u00e9sz\u00fclt az \u00e9ppen 80 esztend\u0151s Bert\u00f3k L\u00e1szl\u00f3 verseit tartalmaz\u00f3 CD lemez\u00fcnk, melyet 2015. december 7-\u00e9n a Tud\u00e1sk\u00f6zpontban adhattunk \u00e1t szem\u00e9lyesen a Kossuth-d\u00edjas k\u00f6lt\u0151nek a Jelenkor foly\u00f3irat \u00e9s a Csorba Gy\u0151z\u0151 K\u00f6nyvt\u00e1r \u00e1ltal rendezett \u00fcnnepi k\u00f6sz\u00f6nt\u00e9sen. Az esten k\u00f6zrem\u0171k\u00f6dtek \u00e9s k\u00f6sz\u00f6nt\u0151t&#46;&#46;&#46;","_links":{"self":[{"href":"https:\/\/szelkialto.hu\/index.php?rest_route=\/wp\/v2\/posts\/3156","targetHints":{"allow":["GET"]}}],"collection":[{"href":"https:\/\/szelkialto.hu\/index.php?rest_route=\/wp\/v2\/posts"}],"about":[{"href":"https:\/\/szelkialto.hu\/index.php?rest_route=\/wp\/v2\/types\/post"}],"author":[{"embeddable":true,"href":"https:\/\/szelkialto.hu\/index.php?rest_route=\/wp\/v2\/users\/3"}],"replies":[{"embeddable":true,"href":"https:\/\/szelkialto.hu\/index.php?rest_route=%2Fwp%2Fv2%2Fcomments&post=3156"}],"version-history":[{"count":32,"href":"https:\/\/szelkialto.hu\/index.php?rest_route=\/wp\/v2\/posts\/3156\/revisions"}],"predecessor-version":[{"id":5109,"href":"https:\/\/szelkialto.hu\/index.php?rest_route=\/wp\/v2\/posts\/3156\/revisions\/5109"}],"wp:featuredmedia":[{"embeddable":true,"href":"https:\/\/szelkialto.hu\/index.php?rest_route=\/wp\/v2\/media\/5108"}],"wp:attachment":[{"href":"https:\/\/szelkialto.hu\/index.php?rest_route=%2Fwp%2Fv2%2Fmedia&parent=3156"}],"wp:term":[{"taxonomy":"category","embeddable":true,"href":"https:\/\/szelkialto.hu\/index.php?rest_route=%2Fwp%2Fv2%2Fcategories&post=3156"},{"taxonomy":"post_tag","embeddable":true,"href":"https:\/\/szelkialto.hu\/index.php?rest_route=%2Fwp%2Fv2%2Ftags&post=3156"}],"curies":[{"name":"wp","href":"https:\/\/api.w.org\/{rel}","templated":true}]}}