{"id":3212,"date":"2016-02-17T10:38:00","date_gmt":"2016-02-17T09:38:00","guid":{"rendered":"https:\/\/szelkialto.hu\/?p=3212"},"modified":"2022-12-10T08:07:52","modified_gmt":"2022-12-10T07:07:52","slug":"kereszteny-bela-zeneszoba","status":"publish","type":"post","link":"https:\/\/szelkialto.hu\/?p=3212","title":{"rendered":"Kereszt\u00e9ny B\u00e9la Zeneszoba"},"content":{"rendered":"<p>Az <strong>Apollo Kultur\u00e1lis Egyes\u00fclet<\/strong> \u00e9s az <strong>Escargo Haj\u00f3ja Sz\u00ednh\u00e1zi Nevel\u00e9si Sz\u00f6vetkezet<\/strong> a P\u00e9csi Kultur\u00e1lis K\u00f6zpontban \u2013 az Emberi Er\u0151forr\u00e1sok Miniszt\u00e9riuma t\u00e1mogat\u00e1s\u00e1val \u2013, Kereszt\u00e9ny B\u00e9la volt zen\u00e9szt\u00e1rsunk eml\u00e9k\u00e9re kialak\u00edtottak egy kreat\u00edv zeneszob\u00e1t, melyben k\u00f6zel k\u00e9tmilli\u00f3 forint hangszer- \u00e9s eszk\u00f6zbeszerz\u00e9s teszi lehet\u0151v\u00e9 a soksz\u00edn\u0171 tehets\u00e9ggondoz\u00e1st \u00e9s az Escargo Haj\u00f3ja sz\u00ednh\u00e1zi-zenei pr\u00f3b\u00e1inak lebonyol\u00edt\u00e1s\u00e1t.<\/p>\n<p>A terem \u00fcnnep\u00e9lyes \u00e1tad\u00e1s\u00e1ra <strong>2016. febru\u00e1r 19-\u00e9n 10:00<\/strong> \u00f3rakor ker\u00fcl sor.<\/p>\n<p>Az \u00e1tad\u00f3n k\u00f6zrem\u0171k\u00f6dik egykori zen\u00e9szt\u00e1rsunk fia, <strong>Kereszt\u00e9ny Tam\u00e1s<\/strong> is.<\/p>\n<p>K\u00f6sz\u00f6nt\u0151t mond:<br \/>\n<strong>dr. Hopp\u00e1l P\u00e9ter<\/strong> \u2013 kult\u00far\u00e1\u00e9rt felel\u0151s \u00e1llamtitk\u00e1r<br \/>\n<strong>T\u00f3th Zolt\u00e1n<\/strong> \u2013 az Apoll\u00f3 Kultur\u00e1lis Egyes\u00fclet eln\u00f6ke<br \/>\n<strong>Bagossy L\u00e1szl\u00f3<\/strong> \u2013 Csokonai Vit\u00e9z Mih\u00e1ly-d\u00edjas dr\u00e1matan\u00e1r <a href=\"http:\/\/www.pecsiszinhaz.hu\" target=\"_blank\" rel=\"noopener\"><img decoding=\"async\" class=\"aligncenter size-full wp-image-3213\" src=\"https:\/\/szelkialto.hu\/wp-content\/uploads\/Apollo_Escargo.jpg\" alt=\"Apollo kultur\u00e1lis Egyes\u00fclet \u2013 Escargo Haj\u00f3ja Sz\u00ednh\u00e1zi Nevel\u00e9si Sz\u00f6vetkezet\" width=\"400\" srcset=\"https:\/\/szelkialto.hu\/wp-content\/uploads\/Apollo_Escargo.jpg 450w, https:\/\/szelkialto.hu\/wp-content\/uploads\/Apollo_Escargo-300x85.jpg 300w\" sizes=\"(max-width: 450px) 100vw, 450px\" \/><\/a><\/p>\n","protected":false},"excerpt":{"rendered":"<p>Az Apollo Kultur\u00e1lis Egyes\u00fclet \u00e9s az Escargo Haj\u00f3ja Sz\u00ednh\u00e1zi Nevel\u00e9si Sz\u00f6vetkezet a P\u00e9csi Kultur\u00e1lis K\u00f6zpontban \u2013 az Emberi Er\u0151forr\u00e1sok Miniszt\u00e9riuma t\u00e1mogat\u00e1s\u00e1val \u2013, Kereszt\u00e9ny B\u00e9la volt zen\u00e9szt\u00e1rsunk eml\u00e9k\u00e9re kialak\u00edtottak egy kreat\u00edv zeneszob\u00e1t, melyben k\u00f6zel k\u00e9tmilli\u00f3 forint hangszer- \u00e9s eszk\u00f6zbeszerz\u00e9s teszi lehet\u0151v\u00e9&#46;&#46;&#46;<\/p>\n","protected":false},"author":3,"featured_media":5104,"comment_status":"open","ping_status":"closed","sticky":false,"template":"","format":"standard","meta":{"footnotes":"","_links_to":"","_links_to_target":""},"categories":[147],"tags":[133],"class_list":["post-3212","post","type-post","status-publish","format-standard","has-post-thumbnail","hentry","category-zeneterem","tag-kereszteny-bela"],"rttpg_featured_image_url":{"full":["https:\/\/szelkialto.hu\/wp-content\/uploads\/kereszteny_bela-1.jpg",400,400,false],"landscape":["https:\/\/szelkialto.hu\/wp-content\/uploads\/kereszteny_bela-1.jpg",400,400,false],"portraits":["https:\/\/szelkialto.hu\/wp-content\/uploads\/kereszteny_bela-1.jpg",400,400,false],"thumbnail":["https:\/\/szelkialto.hu\/wp-content\/uploads\/kereszteny_bela-1-150x150.jpg",150,150,true],"medium":["https:\/\/szelkialto.hu\/wp-content\/uploads\/kereszteny_bela-1-300x300.jpg",300,300,true],"large":["https:\/\/szelkialto.hu\/wp-content\/uploads\/kereszteny_bela-1.jpg",400,400,false],"1536x1536":["https:\/\/szelkialto.hu\/wp-content\/uploads\/kereszteny_bela-1.jpg",400,400,false],"2048x2048":["https:\/\/szelkialto.hu\/wp-content\/uploads\/kereszteny_bela-1.jpg",400,400,false],"thumb-small":["https:\/\/szelkialto.hu\/wp-content\/uploads\/kereszteny_bela-1-80x80.jpg",80,80,true],"thumb-standard":["https:\/\/szelkialto.hu\/wp-content\/uploads\/kereszteny_bela-1-320x320.jpg",320,320,true],"thumb-medium":["https:\/\/szelkialto.hu\/wp-content\/uploads\/kereszteny_bela-1-400x245.jpg",400,245,true],"thumb-large":["https:\/\/szelkialto.hu\/wp-content\/uploads\/kereszteny_bela-1-400x340.jpg",400,340,true],"thumb-xlarge":["https:\/\/szelkialto.hu\/wp-content\/uploads\/kereszteny_bela-1.jpg",400,400,false],"thumb-xxlarge":["https:\/\/szelkialto.hu\/wp-content\/uploads\/kereszteny_bela-1.jpg",400,400,false]},"rttpg_author":{"display_name":"Fenyvesi B\u00e9la","author_link":"https:\/\/szelkialto.hu\/?author=3"},"rttpg_comment":0,"rttpg_category":"<a href=\"https:\/\/szelkialto.hu\/?cat=147\" rel=\"category\">zeneterem<\/a>","rttpg_excerpt":"Az Apollo Kultur\u00e1lis Egyes\u00fclet \u00e9s az Escargo Haj\u00f3ja Sz\u00ednh\u00e1zi Nevel\u00e9si Sz\u00f6vetkezet a P\u00e9csi Kultur\u00e1lis K\u00f6zpontban \u2013 az Emberi Er\u0151forr\u00e1sok Miniszt\u00e9riuma t\u00e1mogat\u00e1s\u00e1val \u2013, Kereszt\u00e9ny B\u00e9la volt zen\u00e9szt\u00e1rsunk eml\u00e9k\u00e9re kialak\u00edtottak egy kreat\u00edv zeneszob\u00e1t, melyben k\u00f6zel k\u00e9tmilli\u00f3 forint hangszer- \u00e9s eszk\u00f6zbeszerz\u00e9s teszi lehet\u0151v\u00e9&#46;&#46;&#46;","_links":{"self":[{"href":"https:\/\/szelkialto.hu\/index.php?rest_route=\/wp\/v2\/posts\/3212","targetHints":{"allow":["GET"]}}],"collection":[{"href":"https:\/\/szelkialto.hu\/index.php?rest_route=\/wp\/v2\/posts"}],"about":[{"href":"https:\/\/szelkialto.hu\/index.php?rest_route=\/wp\/v2\/types\/post"}],"author":[{"embeddable":true,"href":"https:\/\/szelkialto.hu\/index.php?rest_route=\/wp\/v2\/users\/3"}],"replies":[{"embeddable":true,"href":"https:\/\/szelkialto.hu\/index.php?rest_route=%2Fwp%2Fv2%2Fcomments&post=3212"}],"version-history":[{"count":11,"href":"https:\/\/szelkialto.hu\/index.php?rest_route=\/wp\/v2\/posts\/3212\/revisions"}],"predecessor-version":[{"id":5105,"href":"https:\/\/szelkialto.hu\/index.php?rest_route=\/wp\/v2\/posts\/3212\/revisions\/5105"}],"wp:featuredmedia":[{"embeddable":true,"href":"https:\/\/szelkialto.hu\/index.php?rest_route=\/wp\/v2\/media\/5104"}],"wp:attachment":[{"href":"https:\/\/szelkialto.hu\/index.php?rest_route=%2Fwp%2Fv2%2Fmedia&parent=3212"}],"wp:term":[{"taxonomy":"category","embeddable":true,"href":"https:\/\/szelkialto.hu\/index.php?rest_route=%2Fwp%2Fv2%2Fcategories&post=3212"},{"taxonomy":"post_tag","embeddable":true,"href":"https:\/\/szelkialto.hu\/index.php?rest_route=%2Fwp%2Fv2%2Ftags&post=3212"}],"curies":[{"name":"wp","href":"https:\/\/api.w.org\/{rel}","templated":true}]}}