{"id":3235,"date":"2017-02-23T10:56:06","date_gmt":"2017-02-23T09:56:06","guid":{"rendered":"https:\/\/szelkialto.hu\/?p=3235"},"modified":"2022-12-10T08:03:47","modified_gmt":"2022-12-10T07:03:47","slug":"szelkialto-kalaka-koncert-a-klebelsberg-kulturkuriaban","status":"publish","type":"post","link":"https:\/\/szelkialto.hu\/?p=3235","title":{"rendered":"Sz\u00e9lki\u00e1lt\u00f3 \u2013 Kal\u00e1ka koncert a Klebelsberg Kult\u00fark\u00fari\u00e1ban"},"content":{"rendered":"<p><img loading=\"lazy\" decoding=\"async\" class=\"aligncenter size-full wp-image-3236\" src=\"https:\/\/szelkialto.hu\/wp-content\/uploads\/klebelsberg_kulturkuria.jpg\" alt=\"\" width=\"450\" height=\"264\" srcset=\"https:\/\/szelkialto.hu\/wp-content\/uploads\/klebelsberg_kulturkuria.jpg 450w, https:\/\/szelkialto.hu\/wp-content\/uploads\/klebelsberg_kulturkuria-300x176.jpg 300w\" sizes=\"auto, (max-width: 450px) 100vw, 450px\" \/><\/p>\n<p>Mindenkit szeretettel v\u00e1runk <strong>Budapesten<\/strong> a <strong>Klebelsberg Kult\u00fark\u00fari\u00e1ban<\/strong> <strong>2017. m\u00e1rcius 19-\u00e9n 18:00<\/strong> \u00f3rakor a <strong>Sz\u00e9lki\u00e1lt\u00f3<\/strong> \u00e9s a <strong>Kal\u00e1ka<\/strong> k\u00f6z\u00f6s koncertj\u00e9re.<\/p>\n<p><img loading=\"lazy\" decoding=\"async\" class=\"aligncenter size-full wp-image-3239\" src=\"https:\/\/szelkialto.hu\/wp-content\/uploads\/kalaka_szelkialto.jpg\" alt=\"\" width=\"450\" height=\"300\" srcset=\"https:\/\/szelkialto.hu\/wp-content\/uploads\/kalaka_szelkialto.jpg 450w, https:\/\/szelkialto.hu\/wp-content\/uploads\/kalaka_szelkialto-300x200.jpg 300w\" sizes=\"auto, (max-width: 450px) 100vw, 450px\" \/><\/p>\n<p>A koncertre a <strong>Radv\u00e1nyi Bal\u00e1zs<\/strong> \u00e1ltal alap\u00edtott <strong>Dalnok Klub<\/strong> megh\u00edv\u00e1s\u00e1ra ker\u00fcl sor.<\/p>\n<p>Bel\u00e9p\u0151jegy: 2.100 Ft<br \/>\nDi\u00e1kjegy: 1.100 Ft<\/p>\n<p>&nbsp;<\/p>\n","protected":false},"excerpt":{"rendered":"<p>Mindenkit szeretettel v\u00e1runk Budapesten a Klebelsberg Kult\u00fark\u00fari\u00e1ban 2017. m\u00e1rcius 19-\u00e9n 18:00 \u00f3rakor a Sz\u00e9lki\u00e1lt\u00f3 \u00e9s a Kal\u00e1ka k\u00f6z\u00f6s koncertj\u00e9re. A koncertre a Radv\u00e1nyi Bal\u00e1zs \u00e1ltal alap\u00edtott Dalnok Klub megh\u00edv\u00e1s\u00e1ra ker\u00fcl sor. Bel\u00e9p\u0151jegy: 2.100 Ft Di\u00e1kjegy: 1.100 Ft &nbsp;<\/p>\n","protected":false},"author":3,"featured_media":5103,"comment_status":"open","ping_status":"closed","sticky":false,"template":"","format":"standard","meta":{"footnotes":"","_links_to":"","_links_to_target":""},"categories":[4],"tags":[24,149,110,148],"class_list":["post-3235","post","type-post","status-publish","format-standard","has-post-thumbnail","hentry","category-koncertek","tag-kalaka","tag-klebelsberg-kulturkuria","tag-szelkialto","tag-szelkialto-koncert"],"rttpg_featured_image_url":{"full":["https:\/\/szelkialto.hu\/wp-content\/uploads\/klebelsberg_kulturkuria-1.jpg",400,400,false],"landscape":["https:\/\/szelkialto.hu\/wp-content\/uploads\/klebelsberg_kulturkuria-1.jpg",400,400,false],"portraits":["https:\/\/szelkialto.hu\/wp-content\/uploads\/klebelsberg_kulturkuria-1.jpg",400,400,false],"thumbnail":["https:\/\/szelkialto.hu\/wp-content\/uploads\/klebelsberg_kulturkuria-1-150x150.jpg",150,150,true],"medium":["https:\/\/szelkialto.hu\/wp-content\/uploads\/klebelsberg_kulturkuria-1-300x300.jpg",300,300,true],"large":["https:\/\/szelkialto.hu\/wp-content\/uploads\/klebelsberg_kulturkuria-1.jpg",400,400,false],"1536x1536":["https:\/\/szelkialto.hu\/wp-content\/uploads\/klebelsberg_kulturkuria-1.jpg",400,400,false],"2048x2048":["https:\/\/szelkialto.hu\/wp-content\/uploads\/klebelsberg_kulturkuria-1.jpg",400,400,false],"thumb-small":["https:\/\/szelkialto.hu\/wp-content\/uploads\/klebelsberg_kulturkuria-1-80x80.jpg",80,80,true],"thumb-standard":["https:\/\/szelkialto.hu\/wp-content\/uploads\/klebelsberg_kulturkuria-1-320x320.jpg",320,320,true],"thumb-medium":["https:\/\/szelkialto.hu\/wp-content\/uploads\/klebelsberg_kulturkuria-1-400x245.jpg",400,245,true],"thumb-large":["https:\/\/szelkialto.hu\/wp-content\/uploads\/klebelsberg_kulturkuria-1-400x340.jpg",400,340,true],"thumb-xlarge":["https:\/\/szelkialto.hu\/wp-content\/uploads\/klebelsberg_kulturkuria-1.jpg",400,400,false],"thumb-xxlarge":["https:\/\/szelkialto.hu\/wp-content\/uploads\/klebelsberg_kulturkuria-1.jpg",400,400,false]},"rttpg_author":{"display_name":"Fenyvesi B\u00e9la","author_link":"https:\/\/szelkialto.hu\/?author=3"},"rttpg_comment":0,"rttpg_category":"<a href=\"https:\/\/szelkialto.hu\/?cat=4\" rel=\"category\">koncertek<\/a>","rttpg_excerpt":"Mindenkit szeretettel v\u00e1runk Budapesten a Klebelsberg Kult\u00fark\u00fari\u00e1ban 2017. m\u00e1rcius 19-\u00e9n 18:00 \u00f3rakor a Sz\u00e9lki\u00e1lt\u00f3 \u00e9s a Kal\u00e1ka k\u00f6z\u00f6s koncertj\u00e9re. A koncertre a Radv\u00e1nyi Bal\u00e1zs \u00e1ltal alap\u00edtott Dalnok Klub megh\u00edv\u00e1s\u00e1ra ker\u00fcl sor. Bel\u00e9p\u0151jegy: 2.100 Ft Di\u00e1kjegy: 1.100 Ft &nbsp;","_links":{"self":[{"href":"https:\/\/szelkialto.hu\/index.php?rest_route=\/wp\/v2\/posts\/3235","targetHints":{"allow":["GET"]}}],"collection":[{"href":"https:\/\/szelkialto.hu\/index.php?rest_route=\/wp\/v2\/posts"}],"about":[{"href":"https:\/\/szelkialto.hu\/index.php?rest_route=\/wp\/v2\/types\/post"}],"author":[{"embeddable":true,"href":"https:\/\/szelkialto.hu\/index.php?rest_route=\/wp\/v2\/users\/3"}],"replies":[{"embeddable":true,"href":"https:\/\/szelkialto.hu\/index.php?rest_route=%2Fwp%2Fv2%2Fcomments&post=3235"}],"version-history":[{"count":2,"href":"https:\/\/szelkialto.hu\/index.php?rest_route=\/wp\/v2\/posts\/3235\/revisions"}],"predecessor-version":[{"id":3240,"href":"https:\/\/szelkialto.hu\/index.php?rest_route=\/wp\/v2\/posts\/3235\/revisions\/3240"}],"wp:featuredmedia":[{"embeddable":true,"href":"https:\/\/szelkialto.hu\/index.php?rest_route=\/wp\/v2\/media\/5103"}],"wp:attachment":[{"href":"https:\/\/szelkialto.hu\/index.php?rest_route=%2Fwp%2Fv2%2Fmedia&parent=3235"}],"wp:term":[{"taxonomy":"category","embeddable":true,"href":"https:\/\/szelkialto.hu\/index.php?rest_route=%2Fwp%2Fv2%2Fcategories&post=3235"},{"taxonomy":"post_tag","embeddable":true,"href":"https:\/\/szelkialto.hu\/index.php?rest_route=%2Fwp%2Fv2%2Ftags&post=3235"}],"curies":[{"name":"wp","href":"https:\/\/api.w.org\/{rel}","templated":true}]}}