{"id":3241,"date":"2017-02-23T11:11:19","date_gmt":"2017-02-23T10:11:19","guid":{"rendered":"https:\/\/szelkialto.hu\/?p=3241"},"modified":"2022-12-10T07:58:31","modified_gmt":"2022-12-10T06:58:31","slug":"vers-es-dallam-filharmonia-koncertsorozatok-veszprem-es-jasz-nagykun-szolnok-megyekben","status":"publish","type":"post","link":"https:\/\/szelkialto.hu\/?p=3241","title":{"rendered":"Vers \u00e9s dallam \u2013 Filharm\u00f3nia koncertsorozatok Veszpr\u00e9m \u00e9s J\u00e1sz-Nagykun-Szolnok megy\u00e9kben"},"content":{"rendered":"<p>Mozgalmas tavasznak n\u00e9z\u00fcnk el\u00e9be. M\u00e1rciusban \u00e9s \u00e1prilisban a <strong>Vers \u00e9s dallam<\/strong> c\u00edm\u0171 m\u0171sorunkkal <strong>Veszpr\u00e9m<\/strong> \u00e9s <strong>J\u00e1sz-Nagykun-Szolnok<\/strong> megy\u00e9kben turn\u00e9zunk a <strong>Filharm\u00f3nia<\/strong> szervez\u00e9s\u00e9ben.<\/p>\n<p><a href=\"http:\/\/filharmonia.hu\/\" target=\"_blank\" rel=\"noopener\"><img loading=\"lazy\" decoding=\"async\" class=\"aligncenter size-full wp-image-3242\" src=\"https:\/\/szelkialto.hu\/wp-content\/uploads\/filharmonia.jpg\" alt=\"\" width=\"450\" height=\"113\" srcset=\"https:\/\/szelkialto.hu\/wp-content\/uploads\/filharmonia.jpg 450w, https:\/\/szelkialto.hu\/wp-content\/uploads\/filharmonia-300x75.jpg 300w\" sizes=\"auto, (max-width: 450px) 100vw, 450px\" \/><\/a><\/p>\n<p>A koncertsorozatok \u00e1llom\u00e1sai a <strong>Koncertek<\/strong> men\u00fcpontban olvashat\u00f3k.<\/p>\n","protected":false},"excerpt":{"rendered":"<p>Mozgalmas tavasznak n\u00e9z\u00fcnk el\u00e9be. M\u00e1rciusban \u00e9s \u00e1prilisban a Vers \u00e9s dallam c\u00edm\u0171 m\u0171sorunkkal Veszpr\u00e9m \u00e9s J\u00e1sz-Nagykun-Szolnok megy\u00e9kben turn\u00e9zunk a Filharm\u00f3nia szervez\u00e9s\u00e9ben. A koncertsorozatok \u00e1llom\u00e1sai a Koncertek men\u00fcpontban olvashat\u00f3k.<\/p>\n","protected":false},"author":3,"featured_media":5101,"comment_status":"open","ping_status":"closed","sticky":false,"template":"","format":"standard","meta":{"footnotes":"","_links_to":"","_links_to_target":""},"categories":[53,12,4,51],"tags":[181],"class_list":["post-3241","post","type-post","status-publish","format-standard","has-post-thumbnail","hentry","category-enekelt-vers","category-irodalom-2","category-koncertek","category-zene-2","tag-filharmonia-magyarorszag"],"rttpg_featured_image_url":{"full":["https:\/\/szelkialto.hu\/wp-content\/uploads\/filharmonia-1.jpg",400,400,false],"landscape":["https:\/\/szelkialto.hu\/wp-content\/uploads\/filharmonia-1.jpg",400,400,false],"portraits":["https:\/\/szelkialto.hu\/wp-content\/uploads\/filharmonia-1.jpg",400,400,false],"thumbnail":["https:\/\/szelkialto.hu\/wp-content\/uploads\/filharmonia-1-150x150.jpg",150,150,true],"medium":["https:\/\/szelkialto.hu\/wp-content\/uploads\/filharmonia-1-300x300.jpg",300,300,true],"large":["https:\/\/szelkialto.hu\/wp-content\/uploads\/filharmonia-1.jpg",400,400,false],"1536x1536":["https:\/\/szelkialto.hu\/wp-content\/uploads\/filharmonia-1.jpg",400,400,false],"2048x2048":["https:\/\/szelkialto.hu\/wp-content\/uploads\/filharmonia-1.jpg",400,400,false],"thumb-small":["https:\/\/szelkialto.hu\/wp-content\/uploads\/filharmonia-1-80x80.jpg",80,80,true],"thumb-standard":["https:\/\/szelkialto.hu\/wp-content\/uploads\/filharmonia-1-320x320.jpg",320,320,true],"thumb-medium":["https:\/\/szelkialto.hu\/wp-content\/uploads\/filharmonia-1-400x245.jpg",400,245,true],"thumb-large":["https:\/\/szelkialto.hu\/wp-content\/uploads\/filharmonia-1-400x340.jpg",400,340,true],"thumb-xlarge":["https:\/\/szelkialto.hu\/wp-content\/uploads\/filharmonia-1.jpg",400,400,false],"thumb-xxlarge":["https:\/\/szelkialto.hu\/wp-content\/uploads\/filharmonia-1.jpg",400,400,false]},"rttpg_author":{"display_name":"Fenyvesi B\u00e9la","author_link":"https:\/\/szelkialto.hu\/?author=3"},"rttpg_comment":0,"rttpg_category":"<a href=\"https:\/\/szelkialto.hu\/?cat=53\" rel=\"category\">\u00e9nekelt vers<\/a> <a href=\"https:\/\/szelkialto.hu\/?cat=12\" rel=\"category\">irodalom<\/a> <a href=\"https:\/\/szelkialto.hu\/?cat=4\" rel=\"category\">koncertek<\/a> <a href=\"https:\/\/szelkialto.hu\/?cat=51\" rel=\"category\">zene<\/a>","rttpg_excerpt":"Mozgalmas tavasznak n\u00e9z\u00fcnk el\u00e9be. M\u00e1rciusban \u00e9s \u00e1prilisban a Vers \u00e9s dallam c\u00edm\u0171 m\u0171sorunkkal Veszpr\u00e9m \u00e9s J\u00e1sz-Nagykun-Szolnok megy\u00e9kben turn\u00e9zunk a Filharm\u00f3nia szervez\u00e9s\u00e9ben. A koncertsorozatok \u00e1llom\u00e1sai a Koncertek men\u00fcpontban olvashat\u00f3k.","_links":{"self":[{"href":"https:\/\/szelkialto.hu\/index.php?rest_route=\/wp\/v2\/posts\/3241","targetHints":{"allow":["GET"]}}],"collection":[{"href":"https:\/\/szelkialto.hu\/index.php?rest_route=\/wp\/v2\/posts"}],"about":[{"href":"https:\/\/szelkialto.hu\/index.php?rest_route=\/wp\/v2\/types\/post"}],"author":[{"embeddable":true,"href":"https:\/\/szelkialto.hu\/index.php?rest_route=\/wp\/v2\/users\/3"}],"replies":[{"embeddable":true,"href":"https:\/\/szelkialto.hu\/index.php?rest_route=%2Fwp%2Fv2%2Fcomments&post=3241"}],"version-history":[{"count":2,"href":"https:\/\/szelkialto.hu\/index.php?rest_route=\/wp\/v2\/posts\/3241\/revisions"}],"predecessor-version":[{"id":5102,"href":"https:\/\/szelkialto.hu\/index.php?rest_route=\/wp\/v2\/posts\/3241\/revisions\/5102"}],"wp:featuredmedia":[{"embeddable":true,"href":"https:\/\/szelkialto.hu\/index.php?rest_route=\/wp\/v2\/media\/5101"}],"wp:attachment":[{"href":"https:\/\/szelkialto.hu\/index.php?rest_route=%2Fwp%2Fv2%2Fmedia&parent=3241"}],"wp:term":[{"taxonomy":"category","embeddable":true,"href":"https:\/\/szelkialto.hu\/index.php?rest_route=%2Fwp%2Fv2%2Fcategories&post=3241"},{"taxonomy":"post_tag","embeddable":true,"href":"https:\/\/szelkialto.hu\/index.php?rest_route=%2Fwp%2Fv2%2Ftags&post=3241"}],"curies":[{"name":"wp","href":"https:\/\/api.w.org\/{rel}","templated":true}]}}