{"id":3247,"date":"2017-05-07T09:56:24","date_gmt":"2017-05-07T07:56:24","guid":{"rendered":"https:\/\/szelkialto.hu\/?p=3247"},"modified":"2022-12-10T07:55:18","modified_gmt":"2022-12-10T06:55:18","slug":"anyak-napi-ringato","status":"publish","type":"post","link":"https:\/\/szelkialto.hu\/?p=3247","title":{"rendered":"Any\u00e1k napi Ringat\u00f3 a Zsolnay Negyedben"},"content":{"rendered":"<p><img loading=\"lazy\" decoding=\"async\" class=\"alignnone size-full wp-image-3251\" src=\"https:\/\/szelkialto.hu\/wp-content\/uploads\/ezer_csalad_enekel-1.jpg\" alt=\"\" width=\"450\" height=\"143\" srcset=\"https:\/\/szelkialto.hu\/wp-content\/uploads\/ezer_csalad_enekel-1.jpg 450w, https:\/\/szelkialto.hu\/wp-content\/uploads\/ezer_csalad_enekel-1-300x95.jpg 300w\" sizes=\"auto, (max-width: 450px) 100vw, 450px\" \/><\/p>\n<p>10.00 H\u00edvogat\u00f3 muzsikasz\u00f3 a Pirogr\u00e1nit udvarban<br \/>\n10.30 Nagy-Ringat\u00f3 \u2013 Ezer csal\u00e1d \u00e9nekel \u2013 \u00e9nek-j\u00e1t\u00e9k, muzsikasz\u00f3 az E78-ban<br \/>\n11.30 A Sz\u00e9lki\u00e1lt\u00f3 egy\u00fcttes koncertje megzen\u00e9s\u00edtett gyermekversekkel<br \/>\n14.00 G\u00e1ll Vikt\u00f3ria Emese: Ringat\u00f3-mes\u00e9k, k\u00f6nyvbemutat\u00f3 \u00e9s dedik\u00e1l\u00e1s<br \/>\n15.00 Id\u0151fa \u2013 az \u00d6rd\u00f6gszek\u00e9r Komp\u00e1nia b\u00e1bel\u0151ad\u00e1sa<br \/>\n16.00 Moln\u00e1r Bence Felsz\u00e1llott a P\u00e1va d\u00f6nt\u0151s gyermekt\u00e1ncos \u00e9s a Misina T\u00e1ncegy\u00fcttes gyermekcsoportj\u00e1nak bemutat\u00f3ja \u00e9s gyermekt\u00e1nch\u00e1z a Csurg\u00f3 zenekarral<br \/>\n10.00\u201317.00 Ringat\u00f3 k\u00f6nyvek \u00e9s gyermek szakirodalom v\u00e1s\u00e1r, kirakod\u00f3v\u00e1s\u00e1r, Lego-dupl\u00f3 j\u00e1tsz\u00f3medence, interakt\u00edv j\u00e1tsz\u00f3foglalkoz\u00e1sok.<\/p>\n<p><strong>A bel\u00e9p\u00e9s d\u00edjtalan.<\/strong><\/p>\n<p>A rendezv\u00e9ny t\u00e1mogat\u00f3ja:<\/p>\n<p><img loading=\"lazy\" decoding=\"async\" class=\"alignnone size-full wp-image-3044\" src=\"https:\/\/szelkialto.hu\/wp-content\/uploads\/NKA_logo_2012_250x78.jpg\" alt=\"\" width=\"250\" height=\"78\" \/><\/p>\n<p>&nbsp;<\/p>\n","protected":false},"excerpt":{"rendered":"<p>10.00 H\u00edvogat\u00f3 muzsikasz\u00f3 a Pirogr\u00e1nit udvarban 10.30 Nagy-Ringat\u00f3 \u2013 Ezer csal\u00e1d \u00e9nekel \u2013 \u00e9nek-j\u00e1t\u00e9k, muzsikasz\u00f3 az E78-ban 11.30 A Sz\u00e9lki\u00e1lt\u00f3 egy\u00fcttes koncertje megzen\u00e9s\u00edtett gyermekversekkel 14.00 G\u00e1ll Vikt\u00f3ria Emese: Ringat\u00f3-mes\u00e9k, k\u00f6nyvbemutat\u00f3 \u00e9s dedik\u00e1l\u00e1s 15.00 Id\u0151fa \u2013 az \u00d6rd\u00f6gszek\u00e9r Komp\u00e1nia b\u00e1bel\u0151ad\u00e1sa 16.00&#46;&#46;&#46;<\/p>\n","protected":false},"author":3,"featured_media":5099,"comment_status":"open","ping_status":"closed","sticky":false,"template":"","format":"standard","meta":{"footnotes":"","_links_to":"","_links_to_target":""},"categories":[53,4],"tags":[96,199],"class_list":["post-3247","post","type-post","status-publish","format-standard","has-post-thumbnail","hentry","category-enekelt-vers","category-koncertek","tag-e78","tag-ringato"],"rttpg_featured_image_url":{"full":["https:\/\/szelkialto.hu\/wp-content\/uploads\/ringato.jpg",279,279,false],"landscape":["https:\/\/szelkialto.hu\/wp-content\/uploads\/ringato.jpg",279,279,false],"portraits":["https:\/\/szelkialto.hu\/wp-content\/uploads\/ringato.jpg",279,279,false],"thumbnail":["https:\/\/szelkialto.hu\/wp-content\/uploads\/ringato-150x150.jpg",150,150,true],"medium":["https:\/\/szelkialto.hu\/wp-content\/uploads\/ringato.jpg",279,279,false],"large":["https:\/\/szelkialto.hu\/wp-content\/uploads\/ringato.jpg",279,279,false],"1536x1536":["https:\/\/szelkialto.hu\/wp-content\/uploads\/ringato.jpg",279,279,false],"2048x2048":["https:\/\/szelkialto.hu\/wp-content\/uploads\/ringato.jpg",279,279,false],"thumb-small":["https:\/\/szelkialto.hu\/wp-content\/uploads\/ringato-80x80.jpg",80,80,true],"thumb-standard":["https:\/\/szelkialto.hu\/wp-content\/uploads\/ringato.jpg",279,279,false],"thumb-medium":["https:\/\/szelkialto.hu\/wp-content\/uploads\/ringato-279x245.jpg",279,245,true],"thumb-large":["https:\/\/szelkialto.hu\/wp-content\/uploads\/ringato.jpg",279,279,false],"thumb-xlarge":["https:\/\/szelkialto.hu\/wp-content\/uploads\/ringato.jpg",279,279,false],"thumb-xxlarge":["https:\/\/szelkialto.hu\/wp-content\/uploads\/ringato.jpg",279,279,false]},"rttpg_author":{"display_name":"Fenyvesi B\u00e9la","author_link":"https:\/\/szelkialto.hu\/?author=3"},"rttpg_comment":0,"rttpg_category":"<a href=\"https:\/\/szelkialto.hu\/?cat=53\" rel=\"category\">\u00e9nekelt vers<\/a> <a href=\"https:\/\/szelkialto.hu\/?cat=4\" rel=\"category\">koncertek<\/a>","rttpg_excerpt":"10.00 H\u00edvogat\u00f3 muzsikasz\u00f3 a Pirogr\u00e1nit udvarban 10.30 Nagy-Ringat\u00f3 \u2013 Ezer csal\u00e1d \u00e9nekel \u2013 \u00e9nek-j\u00e1t\u00e9k, muzsikasz\u00f3 az E78-ban 11.30 A Sz\u00e9lki\u00e1lt\u00f3 egy\u00fcttes koncertje megzen\u00e9s\u00edtett gyermekversekkel 14.00 G\u00e1ll Vikt\u00f3ria Emese: Ringat\u00f3-mes\u00e9k, k\u00f6nyvbemutat\u00f3 \u00e9s dedik\u00e1l\u00e1s 15.00 Id\u0151fa \u2013 az \u00d6rd\u00f6gszek\u00e9r Komp\u00e1nia b\u00e1bel\u0151ad\u00e1sa 16.00&#46;&#46;&#46;","_links":{"self":[{"href":"https:\/\/szelkialto.hu\/index.php?rest_route=\/wp\/v2\/posts\/3247","targetHints":{"allow":["GET"]}}],"collection":[{"href":"https:\/\/szelkialto.hu\/index.php?rest_route=\/wp\/v2\/posts"}],"about":[{"href":"https:\/\/szelkialto.hu\/index.php?rest_route=\/wp\/v2\/types\/post"}],"author":[{"embeddable":true,"href":"https:\/\/szelkialto.hu\/index.php?rest_route=\/wp\/v2\/users\/3"}],"replies":[{"embeddable":true,"href":"https:\/\/szelkialto.hu\/index.php?rest_route=%2Fwp%2Fv2%2Fcomments&post=3247"}],"version-history":[{"count":7,"href":"https:\/\/szelkialto.hu\/index.php?rest_route=\/wp\/v2\/posts\/3247\/revisions"}],"predecessor-version":[{"id":5100,"href":"https:\/\/szelkialto.hu\/index.php?rest_route=\/wp\/v2\/posts\/3247\/revisions\/5100"}],"wp:featuredmedia":[{"embeddable":true,"href":"https:\/\/szelkialto.hu\/index.php?rest_route=\/wp\/v2\/media\/5099"}],"wp:attachment":[{"href":"https:\/\/szelkialto.hu\/index.php?rest_route=%2Fwp%2Fv2%2Fmedia&parent=3247"}],"wp:term":[{"taxonomy":"category","embeddable":true,"href":"https:\/\/szelkialto.hu\/index.php?rest_route=%2Fwp%2Fv2%2Fcategories&post=3247"},{"taxonomy":"post_tag","embeddable":true,"href":"https:\/\/szelkialto.hu\/index.php?rest_route=%2Fwp%2Fv2%2Ftags&post=3247"}],"curies":[{"name":"wp","href":"https:\/\/api.w.org\/{rel}","templated":true}]}}