{"id":3372,"date":"2017-12-04T10:03:51","date_gmt":"2017-12-04T09:03:51","guid":{"rendered":"https:\/\/szelkialto.hu\/?p=3372"},"modified":"2022-12-06T07:48:07","modified_gmt":"2022-12-06T06:48:07","slug":"muzsikalo-csaladok-a-fenyvesi-csalad-es-a-szelkialto-koncertje","status":"publish","type":"post","link":"https:\/\/szelkialto.hu\/?p=3372","title":{"rendered":"Muzsik\u00e1l\u00f3 csal\u00e1dok \u2013 a Fenyvesi csal\u00e1d \u00e9s a Sz\u00e9lki\u00e1lt\u00f3 koncertje"},"content":{"rendered":"<p><span style=\"font-size: 12pt;\"><strong>2017. december 12. 19:00<\/strong><\/span><br \/>\n<span style=\"font-size: 12pt;\"> <strong>Zsolnay Kultur\u00e1lis Negyed, PTE M\u0171v\u00e9szeti Kar<\/strong><\/span><br \/>\n<span style=\"font-size: 12pt;\"> <strong>Liszt Ferenc Hangversenyterem<\/strong><\/span><\/p>\n<p><img loading=\"lazy\" decoding=\"async\" class=\"aligncenter wp-image-3375\" src=\"https:\/\/szelkialto.hu\/wp-content\/uploads\/magam-marci.jpg\" alt=\"\" width=\"450\" height=\"304\" srcset=\"https:\/\/szelkialto.hu\/wp-content\/uploads\/magam-marci.jpg 1100w, https:\/\/szelkialto.hu\/wp-content\/uploads\/magam-marci-300x203.jpg 300w, https:\/\/szelkialto.hu\/wp-content\/uploads\/magam-marci-768x519.jpg 768w, https:\/\/szelkialto.hu\/wp-content\/uploads\/magam-marci-1024x692.jpg 1024w\" sizes=\"auto, (max-width: 450px) 100vw, 450px\" \/><\/p>\n<p>Fell\u00e9p\u0151k:<\/p>\n<p><strong>Fenyvesi B\u00e9la<\/strong> \u2013 git\u00e1r, tamburica, blockfl\u00f6te, \u00e9nek, <a href=\"http:\/\/www.martonfenyvesi.hu\"><strong>Fenyvesi M\u00e1rton<\/strong><\/a> &#8211; git\u00e1r, effektek, <strong>Szab\u00f3 Ildik\u00f3<\/strong> \u2013 blockfl\u00f6te, valamint a <strong>Sz\u00e9lki\u00e1lt\u00f3 egy\u00fcttes<\/strong>.<\/p>\n<p><img loading=\"lazy\" decoding=\"async\" class=\"aligncenter size-full wp-image-3381\" src=\"https:\/\/szelkialto.hu\/wp-content\/uploads\/Szelkialto-harman-1.jpg\" alt=\"\" width=\"450\" height=\"180\" srcset=\"https:\/\/szelkialto.hu\/wp-content\/uploads\/Szelkialto-harman-1.jpg 450w, https:\/\/szelkialto.hu\/wp-content\/uploads\/Szelkialto-harman-1-300x120.jpg 300w\" sizes=\"auto, (max-width: 450px) 100vw, 450px\" \/><\/p>\n<p><em>\u201e\u00d6r\u00f6mmel l\u00e1ttuk a Sz\u00e9lki\u00e1lt\u00f3ban, hogy a \u2013 ma m\u00e1r feln\u0151tt \u2013 gyermekeinkre komoly hat\u00e1ssal volt a munk\u00e1nk, \u00e9s nem csak azokra, akik k\u00e9s\u0151bb maguk is a zenei p\u00e1ly\u00e1t v\u00e1lasztott\u00e1k, hanem mindannyian megtal\u00e1lt\u00e1k benne a sz\u00e1mukra legkedvesebb \u00e9s legfontosabb momentumokat\u201d.<\/em><\/p>\n<p><strong>A koncerten a r\u00e9szv\u00e9tel ingyenes!<\/strong><\/p>\n<p><i>T\u00e1mogatja az Eur\u00f3pai Szoci\u00e1lis Alap<\/i><\/p>\n<p>&nbsp;<\/p>\n","protected":false},"excerpt":{"rendered":"<p>2017. december 12. 19:00 Zsolnay Kultur\u00e1lis Negyed, PTE M\u0171v\u00e9szeti Kar Liszt Ferenc Hangversenyterem Fell\u00e9p\u0151k: Fenyvesi B\u00e9la \u2013 git\u00e1r, tamburica, blockfl\u00f6te, \u00e9nek, Fenyvesi M\u00e1rton &#8211; git\u00e1r, effektek, Szab\u00f3 Ildik\u00f3 \u2013 blockfl\u00f6te, valamint a Sz\u00e9lki\u00e1lt\u00f3 egy\u00fcttes. \u201e\u00d6r\u00f6mmel l\u00e1ttuk a Sz\u00e9lki\u00e1lt\u00f3ban, hogy a&#46;&#46;&#46;<\/p>\n","protected":false},"author":3,"featured_media":3375,"comment_status":"open","ping_status":"closed","sticky":false,"template":"","format":"standard","meta":{"footnotes":"","_links_to":"","_links_to_target":""},"categories":[53,4],"tags":[],"class_list":["post-3372","post","type-post","status-publish","format-standard","has-post-thumbnail","hentry","category-enekelt-vers","category-koncertek"],"rttpg_featured_image_url":{"full":["https:\/\/szelkialto.hu\/wp-content\/uploads\/magam-marci.jpg",1100,743,false],"landscape":["https:\/\/szelkialto.hu\/wp-content\/uploads\/magam-marci.jpg",1100,743,false],"portraits":["https:\/\/szelkialto.hu\/wp-content\/uploads\/magam-marci.jpg",1100,743,false],"thumbnail":["https:\/\/szelkialto.hu\/wp-content\/uploads\/magam-marci-150x150.jpg",150,150,true],"medium":["https:\/\/szelkialto.hu\/wp-content\/uploads\/magam-marci-300x203.jpg",300,203,true],"large":["https:\/\/szelkialto.hu\/wp-content\/uploads\/magam-marci-1024x692.jpg",1024,692,true],"1536x1536":["https:\/\/szelkialto.hu\/wp-content\/uploads\/magam-marci.jpg",1100,743,false],"2048x2048":["https:\/\/szelkialto.hu\/wp-content\/uploads\/magam-marci.jpg",1100,743,false],"thumb-small":["https:\/\/szelkialto.hu\/wp-content\/uploads\/magam-marci.jpg",80,54,false],"thumb-standard":["https:\/\/szelkialto.hu\/wp-content\/uploads\/magam-marci.jpg",320,216,false],"thumb-medium":["https:\/\/szelkialto.hu\/wp-content\/uploads\/magam-marci.jpg",363,245,false],"thumb-large":["https:\/\/szelkialto.hu\/wp-content\/uploads\/magam-marci.jpg",503,340,false],"thumb-xlarge":["https:\/\/szelkialto.hu\/wp-content\/uploads\/magam-marci.jpg",666,450,false],"thumb-xxlarge":["https:\/\/szelkialto.hu\/wp-content\/uploads\/magam-marci.jpg",740,500,false]},"rttpg_author":{"display_name":"Fenyvesi B\u00e9la","author_link":"https:\/\/szelkialto.hu\/?author=3"},"rttpg_comment":0,"rttpg_category":"<a href=\"https:\/\/szelkialto.hu\/?cat=53\" rel=\"category\">\u00e9nekelt vers<\/a> <a href=\"https:\/\/szelkialto.hu\/?cat=4\" rel=\"category\">koncertek<\/a>","rttpg_excerpt":"2017. december 12. 19:00 Zsolnay Kultur\u00e1lis Negyed, PTE M\u0171v\u00e9szeti Kar Liszt Ferenc Hangversenyterem Fell\u00e9p\u0151k: Fenyvesi B\u00e9la \u2013 git\u00e1r, tamburica, blockfl\u00f6te, \u00e9nek, Fenyvesi M\u00e1rton &#8211; git\u00e1r, effektek, Szab\u00f3 Ildik\u00f3 \u2013 blockfl\u00f6te, valamint a Sz\u00e9lki\u00e1lt\u00f3 egy\u00fcttes. \u201e\u00d6r\u00f6mmel l\u00e1ttuk a Sz\u00e9lki\u00e1lt\u00f3ban, hogy a&#46;&#46;&#46;","_links":{"self":[{"href":"https:\/\/szelkialto.hu\/index.php?rest_route=\/wp\/v2\/posts\/3372","targetHints":{"allow":["GET"]}}],"collection":[{"href":"https:\/\/szelkialto.hu\/index.php?rest_route=\/wp\/v2\/posts"}],"about":[{"href":"https:\/\/szelkialto.hu\/index.php?rest_route=\/wp\/v2\/types\/post"}],"author":[{"embeddable":true,"href":"https:\/\/szelkialto.hu\/index.php?rest_route=\/wp\/v2\/users\/3"}],"replies":[{"embeddable":true,"href":"https:\/\/szelkialto.hu\/index.php?rest_route=%2Fwp%2Fv2%2Fcomments&post=3372"}],"version-history":[{"count":14,"href":"https:\/\/szelkialto.hu\/index.php?rest_route=\/wp\/v2\/posts\/3372\/revisions"}],"predecessor-version":[{"id":4478,"href":"https:\/\/szelkialto.hu\/index.php?rest_route=\/wp\/v2\/posts\/3372\/revisions\/4478"}],"wp:featuredmedia":[{"embeddable":true,"href":"https:\/\/szelkialto.hu\/index.php?rest_route=\/wp\/v2\/media\/3375"}],"wp:attachment":[{"href":"https:\/\/szelkialto.hu\/index.php?rest_route=%2Fwp%2Fv2%2Fmedia&parent=3372"}],"wp:term":[{"taxonomy":"category","embeddable":true,"href":"https:\/\/szelkialto.hu\/index.php?rest_route=%2Fwp%2Fv2%2Fcategories&post=3372"},{"taxonomy":"post_tag","embeddable":true,"href":"https:\/\/szelkialto.hu\/index.php?rest_route=%2Fwp%2Fv2%2Ftags&post=3372"}],"curies":[{"name":"wp","href":"https:\/\/api.w.org\/{rel}","templated":true}]}}