{"id":3394,"date":"2018-06-06T09:43:26","date_gmt":"2018-06-06T07:43:26","guid":{"rendered":"https:\/\/szelkialto.hu\/?p=3394"},"modified":"2022-12-06T07:46:48","modified_gmt":"2022-12-06T06:46:48","slug":"a-szelkialto-kinaban","status":"publish","type":"post","link":"https:\/\/szelkialto.hu\/?p=3394","title":{"rendered":"A Sz\u00e9lki\u00e1lt\u00f3 K\u00edn\u00e1ban"},"content":{"rendered":"<p>\nAz el\u0151z\u0151 bejegyz\u00e9sben eml\u00edtett <strong>csal\u00e1di koncert\u00fcnk\u00f6n<\/strong> megjelent n\u00e9h\u00e1ny <strong>k\u00ednai vend\u00e9g<\/strong>, akik az\u00e9rt j\u00f6ttek P\u00e9csre, hogy a <strong>PTE M\u0171v\u00e9szeti Karral<\/strong> egy\u00fcttm\u0171k\u00f6d\u00e9st alak\u00edtsanak ki az\u00e9rt, hogy min\u00e9l t\u00f6bb zen\u00e9sznek, k\u00e9pz\u0151m\u0171v\u00e9sznek k\u00e9sz\u00fcl\u0151 k\u00ednai di\u00e1k tanulhasson a P\u00e9csi Tudom\u00e1nyegyetemen.<\/p>\n<p>\u00dagy l\u00e1tszik, hogy a koncert is tetszhetett nekik, mert p\u00e1r h\u00f3nap m\u00falva az egy\u00fcttest is megh\u00edvt\u00e1k K\u00edn\u00e1ba, ahol a PTE MK m\u0171v\u00e9sz tan\u00e1raival \u00e9s hangszeres m\u0171v\u00e9sz, opera\u00e9nekes doktoranduszaival k\u00f6z\u00f6sen nyolc koncertet adtunk <strong>Csengdu<\/strong> v\u00e1ros \u00e9s <strong>Szecsu\u00e1n<\/strong> tartom\u00e1ny egyetemein.<\/p>\n<p><img loading=\"lazy\" decoding=\"async\" class=\"aligncenter size-full wp-image-3395\" src=\"https:\/\/szelkialto.hu\/wp-content\/uploads\/csengdu.jpg\" alt=\"\" width=\"450\" height=\"253\" srcset=\"https:\/\/szelkialto.hu\/wp-content\/uploads\/csengdu.jpg 450w, https:\/\/szelkialto.hu\/wp-content\/uploads\/csengdu-300x169.jpg 300w\" sizes=\"auto, (max-width: 450px) 100vw, 450px\" \/><\/p>\n<p>K\u00edna elk\u00e9peszt\u0151 m\u00e9retei <a href=\"http:\/\/www.chengdu.gov.cn\/english\" target=\"_blank\" rel=\"noopener\"><strong>Csengdu<\/strong><\/a> v\u00e1ros\u00e1ban is tetten \u00e9rhet\u0151k, hiszen k\u00f6r\u00fclbel\u00fcl <strong>14 milli\u00f3 ember<\/strong> \u00e9l a v\u00e1rosban, ahol <strong>t\u00f6bb mint negyven egyetem<\/strong> tal\u00e1lhat\u00f3 \u00e9s itt tekinthet\u0151 meg a vil\u00e1g jelenlegi legnagyobb \u00e9p\u00fclete, a <strong>New Century Global Center<\/strong>, ahol p\u00e1r \u00f3r\u00e1t elt\u00f6lthett\u00fcnk mi is az utols\u00f3 napon.<\/p>\n<p>A v\u00e1rosban szinte \u00e1lland\u00f3an jelen van a gomolyg\u00f3, <strong>barn\u00e1s-sz\u00fcrke szmog<\/strong>, amelyre el\u0151sz\u00f6r a rep\u00fcl\u0151g\u00e9p lesz\u00e1ll\u00e1sa k\u00f6zben lett\u00fcnk figyelmesek. A m\u00e1sodik napon este egy nagy es\u0151 \u00e9s a viharos sz\u00e9l k\u00e9t napra kitakar\u00edtotta a v\u00e1rost, \u00edgy az a szebbik arc\u00e1t mutatta nek\u00fcnk.<\/p>\n<p>Az a r\u00e9gi K\u00edna, amelyre az a na\u00edv utaz\u00f3 sz\u00e1m\u00edt, aki csak d\u00edszletes t\u00f6rt\u00e9nelmi filmekr\u0151l &#8220;ismeri&#8221; az orsz\u00e1got, ma m\u00e1r csak skanzenk\u00e9nt haszn\u00e1lt ter\u00fcleteken, v\u00e1rosr\u00e9szeken lelhet\u0151 fel Csengduban. Sajnos nem volt alkalmunk \u00e9s id\u0151nk megismerni a vid\u00e9ki K\u00edn\u00e1t, pedig biztosan izgalmas lett volna.<\/p>\n<p><img loading=\"lazy\" decoding=\"async\" class=\"aligncenter size-full wp-image-3396\" src=\"https:\/\/szelkialto.hu\/wp-content\/uploads\/global_center.jpg\" alt=\"\" width=\"450\" height=\"180\" srcset=\"https:\/\/szelkialto.hu\/wp-content\/uploads\/global_center.jpg 450w, https:\/\/szelkialto.hu\/wp-content\/uploads\/global_center-300x120.jpg 300w\" sizes=\"auto, (max-width: 450px) 100vw, 450px\" \/><\/p>\n<p>A <strong>koncertek<\/strong> majdnem mindig telt h\u00e1z el\u0151tt zajlottak a hol <strong>400<\/strong>, hol <strong>1.500<\/strong> f\u0151s koncerttermekben. \u00c1thidaland\u00f3 a nyelvi neh\u00e9zs\u00e9geket f\u0151leg n\u00e9pzen\u00e9t \u00e9s n\u00e9pzenei alapokra \u00e9p\u00fcl\u0151 Sz\u00e9lki\u00e1lt\u00f3 dalokat j\u00e1tszottunk a klasszikus zenei blokkok ut\u00e1n. A k\u00f6z\u00f6ns\u00e9g f\u0151leg a fiatal egyetemista koroszt\u00e1lyt k\u00e9pviselte \u00e9s nagyon j\u00f3l fogadt\u00e1k a m\u0171sorunkat.<\/p>\n<p><img loading=\"lazy\" decoding=\"async\" class=\"aligncenter size-full wp-image-3400\" src=\"https:\/\/szelkialto.hu\/wp-content\/uploads\/csengdu_koncert.jpg\" alt=\"\" width=\"450\" height=\"253\" srcset=\"https:\/\/szelkialto.hu\/wp-content\/uploads\/csengdu_koncert.jpg 450w, https:\/\/szelkialto.hu\/wp-content\/uploads\/csengdu_koncert-300x169.jpg 300w\" sizes=\"auto, (max-width: 450px) 100vw, 450px\" \/><\/p>\n<p>\u00dagy l\u00e1tszik, hogy K\u00edn\u00e1ban nagy hagyom\u00e1nya van a f\u00e9nyk\u00e9pez\u00e9snek, mert l\u00e9pten-nyomon k\u00f6z\u00f6s fot\u00f3kat k\u00e9sz\u00edtettek vel\u00fcnk.<\/p>\n<p>Jellemz\u0151, hogy mindenki kez\u00e9ben mindenhol ott van a mobiltelefon, ahol mindenki sz\u00fcntelen kapcsolatban \u00e1ll valakivel a k\u00ednai &#8220;Facebookon&#8221; kereszt\u00fcl. (Az &#8220;igazi&#8221; Facebook le van tiltva az orsz\u00e1gban \u00e9s a Google szolg\u00e1ltat\u00e1sai is er\u0151sen korl\u00e1tozottan \u00e9rhet\u0151k csak el.)<\/p>\n<p>&nbsp;<\/p>\n","protected":false},"excerpt":{"rendered":"<p>Az el\u0151z\u0151 bejegyz\u00e9sben eml\u00edtett csal\u00e1di koncert\u00fcnk\u00f6n megjelent n\u00e9h\u00e1ny k\u00ednai vend\u00e9g, akik az\u00e9rt j\u00f6ttek P\u00e9csre, hogy a PTE M\u0171v\u00e9szeti Karral egy\u00fcttm\u0171k\u00f6d\u00e9st alak\u00edtsanak ki az\u00e9rt, hogy min\u00e9l t\u00f6bb zen\u00e9sznek, k\u00e9pz\u0151m\u0171v\u00e9sznek k\u00e9sz\u00fcl\u0151 k\u00ednai di\u00e1k tanulhasson a P\u00e9csi Tudom\u00e1nyegyetemen. \u00dagy l\u00e1tszik, hogy a koncert&#46;&#46;&#46;<\/p>\n","protected":false},"author":3,"featured_media":4477,"comment_status":"open","ping_status":"closed","sticky":false,"template":"","format":"standard","meta":{"footnotes":"","_links_to":"","_links_to_target":""},"categories":[53,4],"tags":[150],"class_list":["post-3394","post","type-post","status-publish","format-standard","has-post-thumbnail","hentry","category-enekelt-vers","category-koncertek","tag-kina"],"rttpg_featured_image_url":{"full":["https:\/\/szelkialto.hu\/wp-content\/uploads\/csengdu-1.jpg",664,664,false],"landscape":["https:\/\/szelkialto.hu\/wp-content\/uploads\/csengdu-1.jpg",664,664,false],"portraits":["https:\/\/szelkialto.hu\/wp-content\/uploads\/csengdu-1.jpg",664,664,false],"thumbnail":["https:\/\/szelkialto.hu\/wp-content\/uploads\/csengdu-1-150x150.jpg",150,150,true],"medium":["https:\/\/szelkialto.hu\/wp-content\/uploads\/csengdu-1-300x300.jpg",300,300,true],"large":["https:\/\/szelkialto.hu\/wp-content\/uploads\/csengdu-1.jpg",664,664,false],"1536x1536":["https:\/\/szelkialto.hu\/wp-content\/uploads\/csengdu-1.jpg",664,664,false],"2048x2048":["https:\/\/szelkialto.hu\/wp-content\/uploads\/csengdu-1.jpg",664,664,false],"thumb-small":["https:\/\/szelkialto.hu\/wp-content\/uploads\/csengdu-1-80x80.jpg",80,80,true],"thumb-standard":["https:\/\/szelkialto.hu\/wp-content\/uploads\/csengdu-1-320x320.jpg",320,320,true],"thumb-medium":["https:\/\/szelkialto.hu\/wp-content\/uploads\/csengdu-1-520x245.jpg",520,245,true],"thumb-large":["https:\/\/szelkialto.hu\/wp-content\/uploads\/csengdu-1-664x340.jpg",664,340,true],"thumb-xlarge":["https:\/\/szelkialto.hu\/wp-content\/uploads\/csengdu-1-664x450.jpg",664,450,true],"thumb-xxlarge":["https:\/\/szelkialto.hu\/wp-content\/uploads\/csengdu-1-664x500.jpg",664,500,true]},"rttpg_author":{"display_name":"Fenyvesi B\u00e9la","author_link":"https:\/\/szelkialto.hu\/?author=3"},"rttpg_comment":0,"rttpg_category":"<a href=\"https:\/\/szelkialto.hu\/?cat=53\" rel=\"category\">\u00e9nekelt vers<\/a> <a href=\"https:\/\/szelkialto.hu\/?cat=4\" rel=\"category\">koncertek<\/a>","rttpg_excerpt":"Az el\u0151z\u0151 bejegyz\u00e9sben eml\u00edtett csal\u00e1di koncert\u00fcnk\u00f6n megjelent n\u00e9h\u00e1ny k\u00ednai vend\u00e9g, akik az\u00e9rt j\u00f6ttek P\u00e9csre, hogy a PTE M\u0171v\u00e9szeti Karral egy\u00fcttm\u0171k\u00f6d\u00e9st alak\u00edtsanak ki az\u00e9rt, hogy min\u00e9l t\u00f6bb zen\u00e9sznek, k\u00e9pz\u0151m\u0171v\u00e9sznek k\u00e9sz\u00fcl\u0151 k\u00ednai di\u00e1k tanulhasson a P\u00e9csi Tudom\u00e1nyegyetemen. \u00dagy l\u00e1tszik, hogy a koncert&#46;&#46;&#46;","_links":{"self":[{"href":"https:\/\/szelkialto.hu\/index.php?rest_route=\/wp\/v2\/posts\/3394","targetHints":{"allow":["GET"]}}],"collection":[{"href":"https:\/\/szelkialto.hu\/index.php?rest_route=\/wp\/v2\/posts"}],"about":[{"href":"https:\/\/szelkialto.hu\/index.php?rest_route=\/wp\/v2\/types\/post"}],"author":[{"embeddable":true,"href":"https:\/\/szelkialto.hu\/index.php?rest_route=\/wp\/v2\/users\/3"}],"replies":[{"embeddable":true,"href":"https:\/\/szelkialto.hu\/index.php?rest_route=%2Fwp%2Fv2%2Fcomments&post=3394"}],"version-history":[{"count":6,"href":"https:\/\/szelkialto.hu\/index.php?rest_route=\/wp\/v2\/posts\/3394\/revisions"}],"predecessor-version":[{"id":3403,"href":"https:\/\/szelkialto.hu\/index.php?rest_route=\/wp\/v2\/posts\/3394\/revisions\/3403"}],"wp:featuredmedia":[{"embeddable":true,"href":"https:\/\/szelkialto.hu\/index.php?rest_route=\/wp\/v2\/media\/4477"}],"wp:attachment":[{"href":"https:\/\/szelkialto.hu\/index.php?rest_route=%2Fwp%2Fv2%2Fmedia&parent=3394"}],"wp:term":[{"taxonomy":"category","embeddable":true,"href":"https:\/\/szelkialto.hu\/index.php?rest_route=%2Fwp%2Fv2%2Fcategories&post=3394"},{"taxonomy":"post_tag","embeddable":true,"href":"https:\/\/szelkialto.hu\/index.php?rest_route=%2Fwp%2Fv2%2Ftags&post=3394"}],"curies":[{"name":"wp","href":"https:\/\/api.w.org\/{rel}","templated":true}]}}