{"id":3430,"date":"2018-11-14T09:29:20","date_gmt":"2018-11-14T08:29:20","guid":{"rendered":"https:\/\/szelkialto.hu\/?p=3430"},"modified":"2022-12-06T07:37:58","modified_gmt":"2022-12-06T06:37:58","slug":"ket-uj-televizios-interju-a-szelkialtoval","status":"publish","type":"post","link":"https:\/\/szelkialto.hu\/?p=3430","title":{"rendered":"K\u00e9t \u00faj telev\u00edzi\u00f3s interj\u00fa a Sz\u00e9lki\u00e1lt\u00f3val&#8230;"},"content":{"rendered":"<p>Az elm\u00falt hetek sor\u00e1n k\u00e9t telev\u00edzi\u00f3s besz\u00e9lget\u00e9s is k\u00e9sz\u00fclt a Sz\u00e9lki\u00e1lt\u00f3 tagjaival.<\/p>\n<p>Az <strong>Univ TV<\/strong>-ben <strong>G\u00e1sp\u00e1r Adrienn<\/strong> a <strong>Magyar \u00d6r\u00f6ks\u00e9g D\u00edj<\/strong> kapcs\u00e1n k\u00e9rdezett benn\u00fcnket:<\/p>\n<p><iframe loading=\"lazy\" src=\"https:\/\/www.youtube.com\/embed\/URTml1Ljk4c?ecver=1\" width=\"454\" height=\"255\" frameborder=\"0\" allowfullscreen=\"allowfullscreen\"><\/iframe><\/p>\n<p>A <strong>Pannon Telev\u00edzi\u00f3ban V\u00edgh Gabriella<\/strong> a Sz\u00e9lki\u00e1lt\u00f3 k\u00f6zelg\u0151 45. \u00e9ves jubileum\u00e1val kapcsolatban besz\u00e9lgetett vel\u00fcnk.<\/p>\n<p><iframe loading=\"lazy\" src=\"https:\/\/www.youtube.com\/embed\/wPpa_yGuioE?ecver=1\" width=\"454\" height=\"255\" frameborder=\"0\" allowfullscreen=\"allowfullscreen\"><\/iframe><\/p>\n<p>A besz\u00e9lget\u00e9seken az egy\u00fcttes harmadik tagja, <strong>Rozs Tam\u00e1s<\/strong> sajnos nem tudott r\u00e9szt venni budapesti sz\u00ednh\u00e1zi elfoglalts\u00e1gai miatt.<\/p>\n<p>&nbsp;<\/p>\n","protected":false},"excerpt":{"rendered":"<p>Az elm\u00falt hetek sor\u00e1n k\u00e9t telev\u00edzi\u00f3s besz\u00e9lget\u00e9s is k\u00e9sz\u00fclt a Sz\u00e9lki\u00e1lt\u00f3 tagjaival. Az Univ TV-ben G\u00e1sp\u00e1r Adrienn a Magyar \u00d6r\u00f6ks\u00e9g D\u00edj kapcs\u00e1n k\u00e9rdezett benn\u00fcnket: A Pannon Telev\u00edzi\u00f3ban V\u00edgh Gabriella a Sz\u00e9lki\u00e1lt\u00f3 k\u00f6zelg\u0151 45. \u00e9ves jubileum\u00e1val kapcsolatban besz\u00e9lgetett vel\u00fcnk. A besz\u00e9lget\u00e9seken&#46;&#46;&#46;<\/p>\n","protected":false},"author":3,"featured_media":4474,"comment_status":"open","ping_status":"closed","sticky":false,"template":"","format":"standard","meta":{"footnotes":"","_links_to":"","_links_to_target":""},"categories":[46,13],"tags":[153,136,155,152],"class_list":["post-3430","post","type-post","status-publish","format-standard","has-post-thumbnail","hentry","category-sajto","category-tv","tag-interju","tag-jubileum","tag-magyar-orokseg-dij","tag-televizio"],"rttpg_featured_image_url":{"full":["https:\/\/szelkialto.hu\/wp-content\/uploads\/univtv.jpg",180,180,false],"landscape":["https:\/\/szelkialto.hu\/wp-content\/uploads\/univtv.jpg",180,180,false],"portraits":["https:\/\/szelkialto.hu\/wp-content\/uploads\/univtv.jpg",180,180,false],"thumbnail":["https:\/\/szelkialto.hu\/wp-content\/uploads\/univtv-150x150.jpg",150,150,true],"medium":["https:\/\/szelkialto.hu\/wp-content\/uploads\/univtv.jpg",180,180,false],"large":["https:\/\/szelkialto.hu\/wp-content\/uploads\/univtv.jpg",180,180,false],"1536x1536":["https:\/\/szelkialto.hu\/wp-content\/uploads\/univtv.jpg",180,180,false],"2048x2048":["https:\/\/szelkialto.hu\/wp-content\/uploads\/univtv.jpg",180,180,false],"thumb-small":["https:\/\/szelkialto.hu\/wp-content\/uploads\/univtv-80x80.jpg",80,80,true],"thumb-standard":["https:\/\/szelkialto.hu\/wp-content\/uploads\/univtv.jpg",180,180,false],"thumb-medium":["https:\/\/szelkialto.hu\/wp-content\/uploads\/univtv.jpg",180,180,false],"thumb-large":["https:\/\/szelkialto.hu\/wp-content\/uploads\/univtv.jpg",180,180,false],"thumb-xlarge":["https:\/\/szelkialto.hu\/wp-content\/uploads\/univtv.jpg",180,180,false],"thumb-xxlarge":["https:\/\/szelkialto.hu\/wp-content\/uploads\/univtv.jpg",180,180,false]},"rttpg_author":{"display_name":"Fenyvesi B\u00e9la","author_link":"https:\/\/szelkialto.hu\/?author=3"},"rttpg_comment":0,"rttpg_category":"<a href=\"https:\/\/szelkialto.hu\/?cat=46\" rel=\"category\">sajt\u00f3<\/a> <a href=\"https:\/\/szelkialto.hu\/?cat=13\" rel=\"category\">telev\u00edzi\u00f3<\/a>","rttpg_excerpt":"Az elm\u00falt hetek sor\u00e1n k\u00e9t telev\u00edzi\u00f3s besz\u00e9lget\u00e9s is k\u00e9sz\u00fclt a Sz\u00e9lki\u00e1lt\u00f3 tagjaival. Az Univ TV-ben G\u00e1sp\u00e1r Adrienn a Magyar \u00d6r\u00f6ks\u00e9g D\u00edj kapcs\u00e1n k\u00e9rdezett benn\u00fcnket: A Pannon Telev\u00edzi\u00f3ban V\u00edgh Gabriella a Sz\u00e9lki\u00e1lt\u00f3 k\u00f6zelg\u0151 45. \u00e9ves jubileum\u00e1val kapcsolatban besz\u00e9lgetett vel\u00fcnk. A besz\u00e9lget\u00e9seken&#46;&#46;&#46;","_links":{"self":[{"href":"https:\/\/szelkialto.hu\/index.php?rest_route=\/wp\/v2\/posts\/3430","targetHints":{"allow":["GET"]}}],"collection":[{"href":"https:\/\/szelkialto.hu\/index.php?rest_route=\/wp\/v2\/posts"}],"about":[{"href":"https:\/\/szelkialto.hu\/index.php?rest_route=\/wp\/v2\/types\/post"}],"author":[{"embeddable":true,"href":"https:\/\/szelkialto.hu\/index.php?rest_route=\/wp\/v2\/users\/3"}],"replies":[{"embeddable":true,"href":"https:\/\/szelkialto.hu\/index.php?rest_route=%2Fwp%2Fv2%2Fcomments&post=3430"}],"version-history":[{"count":5,"href":"https:\/\/szelkialto.hu\/index.php?rest_route=\/wp\/v2\/posts\/3430\/revisions"}],"predecessor-version":[{"id":3435,"href":"https:\/\/szelkialto.hu\/index.php?rest_route=\/wp\/v2\/posts\/3430\/revisions\/3435"}],"wp:featuredmedia":[{"embeddable":true,"href":"https:\/\/szelkialto.hu\/index.php?rest_route=\/wp\/v2\/media\/4474"}],"wp:attachment":[{"href":"https:\/\/szelkialto.hu\/index.php?rest_route=%2Fwp%2Fv2%2Fmedia&parent=3430"}],"wp:term":[{"taxonomy":"category","embeddable":true,"href":"https:\/\/szelkialto.hu\/index.php?rest_route=%2Fwp%2Fv2%2Fcategories&post=3430"},{"taxonomy":"post_tag","embeddable":true,"href":"https:\/\/szelkialto.hu\/index.php?rest_route=%2Fwp%2Fv2%2Ftags&post=3430"}],"curies":[{"name":"wp","href":"https:\/\/api.w.org\/{rel}","templated":true}]}}