{"id":3453,"date":"2018-12-11T09:33:57","date_gmt":"2018-12-11T08:33:57","guid":{"rendered":"https:\/\/szelkialto.hu\/?p=3453"},"modified":"2022-12-06T07:34:20","modified_gmt":"2022-12-06T06:34:20","slug":"adventi-enek","status":"publish","type":"post","link":"https:\/\/szelkialto.hu\/?p=3453","title":{"rendered":"Adventi \u00e9nek&#8230;"},"content":{"rendered":"<p><span style=\"font-size: 14pt; font-family: helvetica, arial, sans-serif;\"><strong>Koncert P\u00e9csett, a M\u0171v\u00e9szetek \u00e9s Irodalom H\u00e1z\u00e1ban<\/strong><\/span><br \/>\n<span style=\"font-size: 14pt;\">2018. december 23-\u00e1n, 16:00 \u00f3rakor<\/span><\/p>\n<p style=\"padding-left: 60px;\"><em>&#8220;Harang csend\u00fcl,<\/em><br \/>\n<em>\u00c9nek zend\u00fcl,<\/em><br \/>\n<em>Messze zsong a h\u00e1la\u00e9nek,<\/em><br \/>\n<em>Az \u00e9n kedves kis falumban<\/em><br \/>\n<em>Kar\u00e1csonykor<\/em><br \/>\n<em>Mag\u00e1ba sz\u00e1ll minden l\u00e9lek.&#8221;<\/em><\/p>\n<p style=\"padding-left: 60px;\"><em>(Ady Endre: Kar\u00e1csony)<\/em><\/p>\n<p>\u00c9nekelt versek, n\u00e9p\u00e9nekek, kar\u00e1csonyi dalok feln\u0151tteknek \u00e9s gyerekeknek.<\/p>\n<p><img loading=\"lazy\" decoding=\"async\" class=\"aligncenter size-full wp-image-3454\" src=\"https:\/\/szelkialto.hu\/wp-content\/uploads\/advent.jpg\" alt=\"\" width=\"454\" height=\"301\" srcset=\"https:\/\/szelkialto.hu\/wp-content\/uploads\/advent.jpg 454w, https:\/\/szelkialto.hu\/wp-content\/uploads\/advent-300x199.jpg 300w\" sizes=\"auto, (max-width: 454px) 100vw, 454px\" \/><\/p>\n","protected":false},"excerpt":{"rendered":"<p>Koncert P\u00e9csett, a M\u0171v\u00e9szetek \u00e9s Irodalom H\u00e1z\u00e1ban 2018. december 23-\u00e1n, 16:00 \u00f3rakor &#8220;Harang csend\u00fcl, \u00c9nek zend\u00fcl, Messze zsong a h\u00e1la\u00e9nek, Az \u00e9n kedves kis falumban Kar\u00e1csonykor Mag\u00e1ba sz\u00e1ll minden l\u00e9lek.&#8221; (Ady Endre: Kar\u00e1csony) \u00c9nekelt versek, n\u00e9p\u00e9nekek, kar\u00e1csonyi dalok feln\u0151tteknek \u00e9s&#46;&#46;&#46;<\/p>\n","protected":false},"author":3,"featured_media":3454,"comment_status":"open","ping_status":"closed","sticky":false,"template":"","format":"standard","meta":{"footnotes":"","_links_to":"","_links_to_target":""},"categories":[53,12,88,4],"tags":[156],"class_list":["post-3453","post","type-post","status-publish","format-standard","has-post-thumbnail","hentry","category-enekelt-vers","category-irodalom-2","category-jokivansag","category-koncertek","tag-advent"],"rttpg_featured_image_url":{"full":["https:\/\/szelkialto.hu\/wp-content\/uploads\/advent.jpg",454,301,false],"landscape":["https:\/\/szelkialto.hu\/wp-content\/uploads\/advent.jpg",454,301,false],"portraits":["https:\/\/szelkialto.hu\/wp-content\/uploads\/advent.jpg",454,301,false],"thumbnail":["https:\/\/szelkialto.hu\/wp-content\/uploads\/advent-150x150.jpg",150,150,true],"medium":["https:\/\/szelkialto.hu\/wp-content\/uploads\/advent-300x199.jpg",300,199,true],"large":["https:\/\/szelkialto.hu\/wp-content\/uploads\/advent.jpg",454,301,false],"1536x1536":["https:\/\/szelkialto.hu\/wp-content\/uploads\/advent.jpg",454,301,false],"2048x2048":["https:\/\/szelkialto.hu\/wp-content\/uploads\/advent.jpg",454,301,false],"thumb-small":["https:\/\/szelkialto.hu\/wp-content\/uploads\/advent.jpg",80,53,false],"thumb-standard":["https:\/\/szelkialto.hu\/wp-content\/uploads\/advent.jpg",320,212,false],"thumb-medium":["https:\/\/szelkialto.hu\/wp-content\/uploads\/advent.jpg",370,245,false],"thumb-large":["https:\/\/szelkialto.hu\/wp-content\/uploads\/advent.jpg",454,301,false],"thumb-xlarge":["https:\/\/szelkialto.hu\/wp-content\/uploads\/advent.jpg",454,301,false],"thumb-xxlarge":["https:\/\/szelkialto.hu\/wp-content\/uploads\/advent.jpg",454,301,false]},"rttpg_author":{"display_name":"Fenyvesi B\u00e9la","author_link":"https:\/\/szelkialto.hu\/?author=3"},"rttpg_comment":0,"rttpg_category":"<a href=\"https:\/\/szelkialto.hu\/?cat=53\" rel=\"category\">\u00e9nekelt vers<\/a> <a href=\"https:\/\/szelkialto.hu\/?cat=12\" rel=\"category\">irodalom<\/a> <a href=\"https:\/\/szelkialto.hu\/?cat=88\" rel=\"category\">j\u00f3k\u00edv\u00e1ns\u00e1g<\/a> <a href=\"https:\/\/szelkialto.hu\/?cat=4\" rel=\"category\">koncertek<\/a>","rttpg_excerpt":"Koncert P\u00e9csett, a M\u0171v\u00e9szetek \u00e9s Irodalom H\u00e1z\u00e1ban 2018. december 23-\u00e1n, 16:00 \u00f3rakor &#8220;Harang csend\u00fcl, \u00c9nek zend\u00fcl, Messze zsong a h\u00e1la\u00e9nek, Az \u00e9n kedves kis falumban Kar\u00e1csonykor Mag\u00e1ba sz\u00e1ll minden l\u00e9lek.&#8221; (Ady Endre: Kar\u00e1csony) \u00c9nekelt versek, n\u00e9p\u00e9nekek, kar\u00e1csonyi dalok feln\u0151tteknek \u00e9s&#46;&#46;&#46;","_links":{"self":[{"href":"https:\/\/szelkialto.hu\/index.php?rest_route=\/wp\/v2\/posts\/3453","targetHints":{"allow":["GET"]}}],"collection":[{"href":"https:\/\/szelkialto.hu\/index.php?rest_route=\/wp\/v2\/posts"}],"about":[{"href":"https:\/\/szelkialto.hu\/index.php?rest_route=\/wp\/v2\/types\/post"}],"author":[{"embeddable":true,"href":"https:\/\/szelkialto.hu\/index.php?rest_route=\/wp\/v2\/users\/3"}],"replies":[{"embeddable":true,"href":"https:\/\/szelkialto.hu\/index.php?rest_route=%2Fwp%2Fv2%2Fcomments&post=3453"}],"version-history":[{"count":4,"href":"https:\/\/szelkialto.hu\/index.php?rest_route=\/wp\/v2\/posts\/3453\/revisions"}],"predecessor-version":[{"id":3458,"href":"https:\/\/szelkialto.hu\/index.php?rest_route=\/wp\/v2\/posts\/3453\/revisions\/3458"}],"wp:featuredmedia":[{"embeddable":true,"href":"https:\/\/szelkialto.hu\/index.php?rest_route=\/wp\/v2\/media\/3454"}],"wp:attachment":[{"href":"https:\/\/szelkialto.hu\/index.php?rest_route=%2Fwp%2Fv2%2Fmedia&parent=3453"}],"wp:term":[{"taxonomy":"category","embeddable":true,"href":"https:\/\/szelkialto.hu\/index.php?rest_route=%2Fwp%2Fv2%2Fcategories&post=3453"},{"taxonomy":"post_tag","embeddable":true,"href":"https:\/\/szelkialto.hu\/index.php?rest_route=%2Fwp%2Fv2%2Ftags&post=3453"}],"curies":[{"name":"wp","href":"https:\/\/api.w.org\/{rel}","templated":true}]}}