{"id":3472,"date":"2019-01-16T10:19:13","date_gmt":"2019-01-16T09:19:13","guid":{"rendered":"https:\/\/szelkialto.hu\/?p=3472"},"modified":"2022-12-06T07:30:11","modified_gmt":"2022-12-06T06:30:11","slug":"elhunyt-varnagy-attila","status":"publish","type":"post","link":"https:\/\/szelkialto.hu\/?p=3472","title":{"rendered":"Elhunyt V\u00e1rnagy Attila&#8230;"},"content":{"rendered":"<p>Elhunyt <strong>V\u00e1rnagy Attila<\/strong> a Filharm\u00f3nia d\u00e9l-dun\u00e1nt\u00fali \u00e9s p\u00e9csi kirendelts\u00e9g\u00e9nek egykori igazgat\u00f3ja, fagottm\u0171v\u00e9sz, nyugd\u00edjas zenekari zen\u00e9sz.<\/p>\n<p><img loading=\"lazy\" decoding=\"async\" class=\"aligncenter wp-image-3473 size-full\" src=\"https:\/\/szelkialto.hu\/wp-content\/uploads\/varnagy_attila.jpg\" alt=\"\" width=\"227\" height=\"176\" \/><\/p>\n<p>A legend\u00e1s <strong>Mecsek F\u00fav\u00f3s\u00f6t\u00f6s<\/strong>, a <strong>P\u00e9csi Szimfonikus Zenekar<\/strong> tagjak\u00e9nt \u00e9s <strong>S\u00f3lyom Kati<\/strong> f\u00e9rjek\u00e9nt ismert\u00fck meg a 70-es \u00e9vek v\u00e9g\u00e9n szem\u00e9lyesen. \u0150 volt az, akinek k\u00f6sz\u00f6nhet\u0151en nem az <strong>ORI<\/strong> <em>(Orsz\u00e1gos Rendez\u0151 Iroda)<\/em>, hanem az <strong>Orsz\u00e1gos Filharm\u00f3nia<\/strong> \u00e1ltal kiadott m\u0171k\u00f6d\u00e9si enged\u00e9ly\u00fcnk volt, amire nagyon b\u00fcszk\u00e9k voltunk akkoriban.<\/p>\n<div id=\"attachment_3474\" style=\"width: 464px\" class=\"wp-caption aligncenter\"><img loading=\"lazy\" decoding=\"async\" aria-describedby=\"caption-attachment-3474\" class=\"wp-image-3474 size-full\" src=\"https:\/\/szelkialto.hu\/wp-content\/uploads\/mecsek_fuvosotos.jpg\" alt=\"\" width=\"454\" height=\"284\" \/><p id=\"caption-attachment-3474\" class=\"wp-caption-text\"><em>A Mecsek F\u00fav\u00f3s\u00f6t\u00f6s tagjak\u00e9nt, fiatalon<\/em><\/p><\/div>\n<p>\u0150 volt az is, aki nem t\u00f6r\u0151dve a rosszall\u00e1ssal, megt\u00f6rve a Filharm\u00f3nia szigor\u00fa szab\u00e1lyait \u00e9s hagyom\u00e1nyait, el\u0151sz\u00f6r beengedte a Sz\u00e9lki\u00e1lt\u00f3t a Filharm\u00f3nia ifj\u00fas\u00e1gi b\u00e9rletes koncertjeinek hangverseny helysz\u00edneire fell\u00e9p\u0151k\u00e9nt a <strong>Vers \u00e9s dallam<\/strong> c\u00edm\u0171 m\u0171sorunkkal.<\/p>\n<p>El\u0151sz\u00f6r P\u00e9csett, azt\u00e1n k\u00e9s\u0151bb Baranya megy\u00e9ben adtunk sikeres filharm\u00f3ni\u00e1s koncerteket, azt\u00e1n a pozit\u00edv visszajelz\u00e9sek alapj\u00e1n az\u00f3ta bej\u00e1rtuk szinte az eg\u00e9sz vid\u00e9ki Magyarorsz\u00e1got az ifj\u00fas\u00e1gi b\u00e9rletek fell\u00e9p\u0151ik\u00e9nt. A hossz\u00fa \u00e9vek alatt sz\u00e1zn\u00e1l is t\u00f6bb ilyen koncertet adtunk orsz\u00e1gszerte.<\/p>\n<p>Nagy megtiszteltet\u00e9sk\u00e9nt \u00e9rt benn\u00fcnket az is, hogy vend\u00e9gei lehett\u00fcnk a <strong>Don\u00e1tusban<\/strong> tal\u00e1lhat\u00f3 h\u00edres borospinc\u00e9j\u00e9ben, ahol minden t\u00e1rgy vil\u00e1gh\u00edr\u0171 zen\u00e9szek eml\u00e9k\u00e9t id\u00e9zi, akik mind-mind megfordultak n\u00e1luk a p\u00e9csi koncertjeik ut\u00e1n.<\/p>\n<p>K\u00f6sz\u00f6nj\u00fck sz\u00e9pen a sok seg\u00edts\u00e9get, \u00e9s ezeket a sz\u00e9p \u00e9lm\u00e9nyeket kedves Attila!<\/p>\n<p>&nbsp;<\/p>\n","protected":false},"excerpt":{"rendered":"<p>Elhunyt V\u00e1rnagy Attila a Filharm\u00f3nia d\u00e9l-dun\u00e1nt\u00fali \u00e9s p\u00e9csi kirendelts\u00e9g\u00e9nek egykori igazgat\u00f3ja, fagottm\u0171v\u00e9sz, nyugd\u00edjas zenekari zen\u00e9sz. A legend\u00e1s Mecsek F\u00fav\u00f3s\u00f6t\u00f6s, a P\u00e9csi Szimfonikus Zenekar tagjak\u00e9nt \u00e9s S\u00f3lyom Kati f\u00e9rjek\u00e9nt ismert\u00fck meg a 70-es \u00e9vek v\u00e9g\u00e9n szem\u00e9lyesen. \u0150 volt az, akinek k\u00f6sz\u00f6nhet\u0151en&#46;&#46;&#46;<\/p>\n","protected":false},"author":3,"featured_media":3473,"comment_status":"open","ping_status":"closed","sticky":false,"template":"","format":"standard","meta":{"footnotes":"","_links_to":"","_links_to_target":""},"categories":[4],"tags":[158,19,140,157],"class_list":["post-3472","post","type-post","status-publish","format-standard","has-post-thumbnail","hentry","category-koncertek","tag-donatus","tag-filharmonia","tag-pecs","tag-varnagy-attila"],"rttpg_featured_image_url":{"full":["https:\/\/szelkialto.hu\/wp-content\/uploads\/varnagy_attila.jpg",227,176,false],"landscape":["https:\/\/szelkialto.hu\/wp-content\/uploads\/varnagy_attila.jpg",227,176,false],"portraits":["https:\/\/szelkialto.hu\/wp-content\/uploads\/varnagy_attila.jpg",227,176,false],"thumbnail":["https:\/\/szelkialto.hu\/wp-content\/uploads\/varnagy_attila-150x150.jpg",150,150,true],"medium":["https:\/\/szelkialto.hu\/wp-content\/uploads\/varnagy_attila.jpg",227,176,false],"large":["https:\/\/szelkialto.hu\/wp-content\/uploads\/varnagy_attila.jpg",227,176,false],"1536x1536":["https:\/\/szelkialto.hu\/wp-content\/uploads\/varnagy_attila.jpg",227,176,false],"2048x2048":["https:\/\/szelkialto.hu\/wp-content\/uploads\/varnagy_attila.jpg",227,176,false],"thumb-small":["https:\/\/szelkialto.hu\/wp-content\/uploads\/varnagy_attila.jpg",80,62,false],"thumb-standard":["https:\/\/szelkialto.hu\/wp-content\/uploads\/varnagy_attila.jpg",227,176,false],"thumb-medium":["https:\/\/szelkialto.hu\/wp-content\/uploads\/varnagy_attila.jpg",227,176,false],"thumb-large":["https:\/\/szelkialto.hu\/wp-content\/uploads\/varnagy_attila.jpg",227,176,false],"thumb-xlarge":["https:\/\/szelkialto.hu\/wp-content\/uploads\/varnagy_attila.jpg",227,176,false],"thumb-xxlarge":["https:\/\/szelkialto.hu\/wp-content\/uploads\/varnagy_attila.jpg",227,176,false]},"rttpg_author":{"display_name":"Fenyvesi B\u00e9la","author_link":"https:\/\/szelkialto.hu\/?author=3"},"rttpg_comment":0,"rttpg_category":"<a href=\"https:\/\/szelkialto.hu\/?cat=4\" rel=\"category\">koncertek<\/a>","rttpg_excerpt":"Elhunyt V\u00e1rnagy Attila a Filharm\u00f3nia d\u00e9l-dun\u00e1nt\u00fali \u00e9s p\u00e9csi kirendelts\u00e9g\u00e9nek egykori igazgat\u00f3ja, fagottm\u0171v\u00e9sz, nyugd\u00edjas zenekari zen\u00e9sz. A legend\u00e1s Mecsek F\u00fav\u00f3s\u00f6t\u00f6s, a P\u00e9csi Szimfonikus Zenekar tagjak\u00e9nt \u00e9s S\u00f3lyom Kati f\u00e9rjek\u00e9nt ismert\u00fck meg a 70-es \u00e9vek v\u00e9g\u00e9n szem\u00e9lyesen. \u0150 volt az, akinek k\u00f6sz\u00f6nhet\u0151en&#46;&#46;&#46;","_links":{"self":[{"href":"https:\/\/szelkialto.hu\/index.php?rest_route=\/wp\/v2\/posts\/3472","targetHints":{"allow":["GET"]}}],"collection":[{"href":"https:\/\/szelkialto.hu\/index.php?rest_route=\/wp\/v2\/posts"}],"about":[{"href":"https:\/\/szelkialto.hu\/index.php?rest_route=\/wp\/v2\/types\/post"}],"author":[{"embeddable":true,"href":"https:\/\/szelkialto.hu\/index.php?rest_route=\/wp\/v2\/users\/3"}],"replies":[{"embeddable":true,"href":"https:\/\/szelkialto.hu\/index.php?rest_route=%2Fwp%2Fv2%2Fcomments&post=3472"}],"version-history":[{"count":10,"href":"https:\/\/szelkialto.hu\/index.php?rest_route=\/wp\/v2\/posts\/3472\/revisions"}],"predecessor-version":[{"id":3492,"href":"https:\/\/szelkialto.hu\/index.php?rest_route=\/wp\/v2\/posts\/3472\/revisions\/3492"}],"wp:featuredmedia":[{"embeddable":true,"href":"https:\/\/szelkialto.hu\/index.php?rest_route=\/wp\/v2\/media\/3473"}],"wp:attachment":[{"href":"https:\/\/szelkialto.hu\/index.php?rest_route=%2Fwp%2Fv2%2Fmedia&parent=3472"}],"wp:term":[{"taxonomy":"category","embeddable":true,"href":"https:\/\/szelkialto.hu\/index.php?rest_route=%2Fwp%2Fv2%2Fcategories&post=3472"},{"taxonomy":"post_tag","embeddable":true,"href":"https:\/\/szelkialto.hu\/index.php?rest_route=%2Fwp%2Fv2%2Ftags&post=3472"}],"curies":[{"name":"wp","href":"https:\/\/api.w.org\/{rel}","templated":true}]}}