{"id":3493,"date":"2019-04-15T11:36:12","date_gmt":"2019-04-15T09:36:12","guid":{"rendered":"https:\/\/szelkialto.hu\/?p=3493"},"modified":"2022-12-04T14:12:43","modified_gmt":"2022-12-04T13:12:43","slug":"skanzen-husvet-szentendre","status":"publish","type":"post","link":"https:\/\/szelkialto.hu\/?p=3493","title":{"rendered":"Skanzen H\u00fasv\u00e9t \u2013 Szentendre"},"content":{"rendered":"<p><img loading=\"lazy\" decoding=\"async\" class=\"aligncenter size-full wp-image-3499\" src=\"https:\/\/szelkialto.hu\/wp-content\/uploads\/szentendre_skanzen.jpg\" alt=\"\" width=\"454\" height=\"267\" srcset=\"https:\/\/szelkialto.hu\/wp-content\/uploads\/szentendre_skanzen.jpg 454w, https:\/\/szelkialto.hu\/wp-content\/uploads\/szentendre_skanzen-300x176.jpg 300w\" sizes=\"auto, (max-width: 454px) 100vw, 454px\" \/><\/p>\n<p><strong><span style=\"font-size: 14pt;\">H\u00fasv\u00e9ti Sz\u00e9lki\u00e1lt\u00f3 koncert Szentendr\u00e9n a Skanzenben 2019. \u00e1prilis 22-\u00e9n 14:00 \u00f3rakor<\/span><\/strong><\/p>\n<p><strong>Programok 2019. \u00e1prilis 21-22-\u00e9n:<\/strong><\/p>\n<p style=\"padding-left: 40px;\"><strong>Mindk\u00e9t napon 10:00 \u00e9s 15:00 \u00f3rakor<\/strong><\/p>\n<p style=\"padding-left: 80px;\">A H\u00fasv\u00e9ti \u00f6r\u00f6mh\u00edr hoz\u00f3i \u2013 A Langal\u00e9ta Garabonci\u00e1sok g\u00f3lyal\u00e1bas el\u0151ad\u00e1sa<\/p>\n<p style=\"padding-left: 40px;\"><strong>Sz\u00ednpadi programok:<br \/>\n<\/strong><strong>2019. \u00e1prilis 21. (H\u00fasv\u00e9tvas\u00e1rnap)<\/strong><\/p>\n<p style=\"padding-left: 80px;\">11:00 R\u00fcgyfakaszt\u00f3 Vas\u00e1rnap, V\u00edzbevet\u0151 H\u00e9tf\u0151 \u2013 mese gyerekeknek<br \/>\n12:00 Hol j\u00e1rt\u00e1l te b\u00e1r\u00e1nyk\u00e1m \u2013 gyerekkoncert<br \/>\n14:00 Tarsoly Zenekar koncert<br \/>\n16:00 Meszecsinka koncert<\/p>\n<p style=\"padding-left: 40px;\"><strong>2019. \u00e1prilis 22. (H\u00fasv\u00e9th\u00e9tf\u0151)<\/strong><\/p>\n<p style=\"padding-left: 80px;\">11:00 A mese \u00e9bred\u00e9se &#8211; gyerekeknek &#8211; mes\u00e9l: Csernik Szende sz\u00e9kely mesemond\u00f3<br \/>\n12:00 Ma van h\u00fasv\u00e9t napja &#8211; gyerekkoncert<br \/>\n14:00 Sz\u00e9lki\u00e1lt\u00f3 koncert<br \/>\n16:00 T\u00e1zl\u00f3 koncert<\/p>\n<p><img loading=\"lazy\" decoding=\"async\" class=\"aligncenter size-full wp-image-3494\" src=\"https:\/\/szelkialto.hu\/wp-content\/uploads\/skanzen_husvet.jpg\" alt=\"\" width=\"454\" height=\"235\" srcset=\"https:\/\/szelkialto.hu\/wp-content\/uploads\/skanzen_husvet.jpg 454w, https:\/\/szelkialto.hu\/wp-content\/uploads\/skanzen_husvet-300x155.jpg 300w\" sizes=\"auto, (max-width: 454px) 100vw, 454px\" \/><\/p>\n<p style=\"padding-left: 40px;\"><strong>Tov\u00e1bbi programok:<\/strong><\/p>\n<p style=\"padding-left: 80px;\">K\u00e9zm\u0171ves programok<br \/>\nJ\u00e1t\u00e9kos programok<br \/>\nMeseudvar<br \/>\nIsmerd meg a p\u00e1sztorok \u00e9let\u00e9t! <br \/>\nH\u00fasv\u00e9ti n\u00e9pszok\u00e1sok bemutat\u00f3ja a Lajta N\u00e9pt\u00e1ncegy\u00fcttessel<br \/>\n\u00c9nek, zene, t\u00e1nc<br \/>\nH\u00fasv\u00e9ti \u00e9telek k\u00e9sz\u00edt\u00e9se<br \/>\nFiatalok p\u00e1rv\u00e1laszt\u00f3 szok\u00e1sai<br \/>\nHajfon\u00e1s<br \/>\nLocsol\u00e1s, locsol\u00f3b\u00e1l k\u00f6z\u00f6s \u00e9nekkel, t\u00e1nccal, t\u00e1nctan\u00edt\u00e1s<br \/>\nCiteramuzsika<br \/>\nV\u00f6dr\u00f6s locsol\u00e1s<br \/>\nKomat\u00e1l-viv\u00e9s<br \/>\nV\u00e1s\u00e1r<br \/>\n\u201eKOS-tol\u00f3k\u201d<br \/>\nTematikus t\u00far\u00e1k<br \/>\nH\u00fasv\u00e9ti titokt\u00fara gyerekeknek, 5 j\u00e1t\u00e9kos \u00e1llom\u00e1ssal<\/p>\n<p>R\u00e9szletek a <a href=\"http:\/\/skanzen.hu\/hu\/latogatas\/programok\/skanzen-husvet\"><strong>Skanzen honlapj\u00e1n<\/strong><\/a>.<\/p>\n<p>&nbsp;<\/p>\n","protected":false},"excerpt":{"rendered":"<p>H\u00fasv\u00e9ti Sz\u00e9lki\u00e1lt\u00f3 koncert Szentendr\u00e9n a Skanzenben 2019. \u00e1prilis 22-\u00e9n 14:00 \u00f3rakor Programok 2019. \u00e1prilis 21-22-\u00e9n: Mindk\u00e9t napon 10:00 \u00e9s 15:00 \u00f3rakor A H\u00fasv\u00e9ti \u00f6r\u00f6mh\u00edr hoz\u00f3i \u2013 A Langal\u00e9ta Garabonci\u00e1sok g\u00f3lyal\u00e1bas el\u0151ad\u00e1sa Sz\u00ednpadi programok: 2019. \u00e1prilis 21. (H\u00fasv\u00e9tvas\u00e1rnap) 11:00 R\u00fcgyfakaszt\u00f3 Vas\u00e1rnap,&#46;&#46;&#46;<\/p>\n","protected":false},"author":3,"featured_media":4412,"comment_status":"open","ping_status":"closed","sticky":false,"template":"","format":"standard","meta":{"footnotes":"","_links_to":"","_links_to_target":""},"categories":[4],"tags":[159],"class_list":["post-3493","post","type-post","status-publish","format-standard","has-post-thumbnail","hentry","category-koncertek","tag-husvet"],"rttpg_featured_image_url":{"full":["https:\/\/szelkialto.hu\/wp-content\/uploads\/skanzen_husvet-1.jpg",270,267,false],"landscape":["https:\/\/szelkialto.hu\/wp-content\/uploads\/skanzen_husvet-1.jpg",270,267,false],"portraits":["https:\/\/szelkialto.hu\/wp-content\/uploads\/skanzen_husvet-1.jpg",270,267,false],"thumbnail":["https:\/\/szelkialto.hu\/wp-content\/uploads\/skanzen_husvet-1-150x150.jpg",150,150,true],"medium":["https:\/\/szelkialto.hu\/wp-content\/uploads\/skanzen_husvet-1.jpg",270,267,false],"large":["https:\/\/szelkialto.hu\/wp-content\/uploads\/skanzen_husvet-1.jpg",270,267,false],"1536x1536":["https:\/\/szelkialto.hu\/wp-content\/uploads\/skanzen_husvet-1.jpg",270,267,false],"2048x2048":["https:\/\/szelkialto.hu\/wp-content\/uploads\/skanzen_husvet-1.jpg",270,267,false],"thumb-small":["https:\/\/szelkialto.hu\/wp-content\/uploads\/skanzen_husvet-1-80x80.jpg",80,80,true],"thumb-standard":["https:\/\/szelkialto.hu\/wp-content\/uploads\/skanzen_husvet-1.jpg",270,267,false],"thumb-medium":["https:\/\/szelkialto.hu\/wp-content\/uploads\/skanzen_husvet-1-270x245.jpg",270,245,true],"thumb-large":["https:\/\/szelkialto.hu\/wp-content\/uploads\/skanzen_husvet-1.jpg",270,267,false],"thumb-xlarge":["https:\/\/szelkialto.hu\/wp-content\/uploads\/skanzen_husvet-1.jpg",270,267,false],"thumb-xxlarge":["https:\/\/szelkialto.hu\/wp-content\/uploads\/skanzen_husvet-1.jpg",270,267,false]},"rttpg_author":{"display_name":"Fenyvesi B\u00e9la","author_link":"https:\/\/szelkialto.hu\/?author=3"},"rttpg_comment":0,"rttpg_category":"<a href=\"https:\/\/szelkialto.hu\/?cat=4\" rel=\"category\">koncertek<\/a>","rttpg_excerpt":"H\u00fasv\u00e9ti Sz\u00e9lki\u00e1lt\u00f3 koncert Szentendr\u00e9n a Skanzenben 2019. \u00e1prilis 22-\u00e9n 14:00 \u00f3rakor Programok 2019. \u00e1prilis 21-22-\u00e9n: Mindk\u00e9t napon 10:00 \u00e9s 15:00 \u00f3rakor A H\u00fasv\u00e9ti \u00f6r\u00f6mh\u00edr hoz\u00f3i \u2013 A Langal\u00e9ta Garabonci\u00e1sok g\u00f3lyal\u00e1bas el\u0151ad\u00e1sa Sz\u00ednpadi programok: 2019. \u00e1prilis 21. (H\u00fasv\u00e9tvas\u00e1rnap) 11:00 R\u00fcgyfakaszt\u00f3 Vas\u00e1rnap,&#46;&#46;&#46;","_links":{"self":[{"href":"https:\/\/szelkialto.hu\/index.php?rest_route=\/wp\/v2\/posts\/3493","targetHints":{"allow":["GET"]}}],"collection":[{"href":"https:\/\/szelkialto.hu\/index.php?rest_route=\/wp\/v2\/posts"}],"about":[{"href":"https:\/\/szelkialto.hu\/index.php?rest_route=\/wp\/v2\/types\/post"}],"author":[{"embeddable":true,"href":"https:\/\/szelkialto.hu\/index.php?rest_route=\/wp\/v2\/users\/3"}],"replies":[{"embeddable":true,"href":"https:\/\/szelkialto.hu\/index.php?rest_route=%2Fwp%2Fv2%2Fcomments&post=3493"}],"version-history":[{"count":8,"href":"https:\/\/szelkialto.hu\/index.php?rest_route=\/wp\/v2\/posts\/3493\/revisions"}],"predecessor-version":[{"id":3503,"href":"https:\/\/szelkialto.hu\/index.php?rest_route=\/wp\/v2\/posts\/3493\/revisions\/3503"}],"wp:featuredmedia":[{"embeddable":true,"href":"https:\/\/szelkialto.hu\/index.php?rest_route=\/wp\/v2\/media\/4412"}],"wp:attachment":[{"href":"https:\/\/szelkialto.hu\/index.php?rest_route=%2Fwp%2Fv2%2Fmedia&parent=3493"}],"wp:term":[{"taxonomy":"category","embeddable":true,"href":"https:\/\/szelkialto.hu\/index.php?rest_route=%2Fwp%2Fv2%2Fcategories&post=3493"},{"taxonomy":"post_tag","embeddable":true,"href":"https:\/\/szelkialto.hu\/index.php?rest_route=%2Fwp%2Fv2%2Ftags&post=3493"}],"curies":[{"name":"wp","href":"https:\/\/api.w.org\/{rel}","templated":true}]}}