{"id":3505,"date":"2019-04-23T17:07:51","date_gmt":"2019-04-23T15:07:51","guid":{"rendered":"https:\/\/szelkialto.hu\/?p=3505"},"modified":"2022-12-04T13:51:49","modified_gmt":"2022-12-04T12:51:49","slug":"kalaka-50-szelkialto-45","status":"publish","type":"post","link":"https:\/\/szelkialto.hu\/?p=3505","title":{"rendered":"Kal\u00e1ka 50 \u2013 Sz\u00e9lki\u00e1lt\u00f3 45"},"content":{"rendered":"<p><img loading=\"lazy\" decoding=\"async\" class=\"aligncenter size-full wp-image-3506\" src=\"https:\/\/szelkialto.hu\/wp-content\/uploads\/Kalaka.jpg\" alt=\"\" width=\"454\" height=\"185\" srcset=\"https:\/\/szelkialto.hu\/wp-content\/uploads\/Kalaka.jpg 454w, https:\/\/szelkialto.hu\/wp-content\/uploads\/Kalaka-300x122.jpg 300w\" sizes=\"auto, (max-width: 454px) 100vw, 454px\" \/><\/p>\n<p style=\"text-align: center;\"><span style=\"font-size: 14pt;\"><strong>Marczib\u00e1nyi T\u00e9ri M\u0171vel\u0151d\u00e9si K\u00f6zpont<\/strong><\/span><\/p>\n<p style=\"text-align: center;\"><span style=\"font-size: 14pt;\"><strong>2019. \u00e1prilis 27. 19:00<\/strong><\/span><\/p>\n<p style=\"text-align: center;\"><em><span style=\"font-size: 14pt;\"><strong>Vend\u00e9g: a Sz\u00e9lki\u00e1lt\u00f3<\/strong><\/span><\/em><\/p>\n<p><img loading=\"lazy\" decoding=\"async\" class=\"aligncenter wp-image-3507 size-full\" src=\"https:\/\/szelkialto.hu\/wp-content\/uploads\/Szelkialto-1.jpg\" alt=\"\" width=\"454\" height=\"303\" \/><\/p>\n<p>&nbsp;<\/p>\n","protected":false},"excerpt":{"rendered":"<p>Marczib\u00e1nyi T\u00e9ri M\u0171vel\u0151d\u00e9si K\u00f6zpont 2019. \u00e1prilis 27. 19:00 Vend\u00e9g: a Sz\u00e9lki\u00e1lt\u00f3 &nbsp;<\/p>\n","protected":false},"author":3,"featured_media":4406,"comment_status":"open","ping_status":"closed","sticky":false,"template":"","format":"standard","meta":{"footnotes":"","_links_to":"","_links_to_target":""},"categories":[53,12,4],"tags":[160,161],"class_list":["post-3505","post","type-post","status-publish","format-standard","has-post-thumbnail","hentry","category-enekelt-vers","category-irodalom-2","category-koncertek","tag-kalaka-50","tag-szelkialto-45"],"rttpg_featured_image_url":{"full":["https:\/\/szelkialto.hu\/wp-content\/uploads\/jubileumi_koncert.jpg",224,241,false],"landscape":["https:\/\/szelkialto.hu\/wp-content\/uploads\/jubileumi_koncert.jpg",224,241,false],"portraits":["https:\/\/szelkialto.hu\/wp-content\/uploads\/jubileumi_koncert.jpg",224,241,false],"thumbnail":["https:\/\/szelkialto.hu\/wp-content\/uploads\/jubileumi_koncert-150x150.jpg",150,150,true],"medium":["https:\/\/szelkialto.hu\/wp-content\/uploads\/jubileumi_koncert.jpg",224,241,false],"large":["https:\/\/szelkialto.hu\/wp-content\/uploads\/jubileumi_koncert.jpg",224,241,false],"1536x1536":["https:\/\/szelkialto.hu\/wp-content\/uploads\/jubileumi_koncert.jpg",224,241,false],"2048x2048":["https:\/\/szelkialto.hu\/wp-content\/uploads\/jubileumi_koncert.jpg",224,241,false],"thumb-small":["https:\/\/szelkialto.hu\/wp-content\/uploads\/jubileumi_koncert-80x80.jpg",80,80,true],"thumb-standard":["https:\/\/szelkialto.hu\/wp-content\/uploads\/jubileumi_koncert.jpg",224,241,false],"thumb-medium":["https:\/\/szelkialto.hu\/wp-content\/uploads\/jubileumi_koncert.jpg",224,241,false],"thumb-large":["https:\/\/szelkialto.hu\/wp-content\/uploads\/jubileumi_koncert.jpg",224,241,false],"thumb-xlarge":["https:\/\/szelkialto.hu\/wp-content\/uploads\/jubileumi_koncert.jpg",224,241,false],"thumb-xxlarge":["https:\/\/szelkialto.hu\/wp-content\/uploads\/jubileumi_koncert.jpg",224,241,false]},"rttpg_author":{"display_name":"Fenyvesi B\u00e9la","author_link":"https:\/\/szelkialto.hu\/?author=3"},"rttpg_comment":0,"rttpg_category":"<a href=\"https:\/\/szelkialto.hu\/?cat=53\" rel=\"category\">\u00e9nekelt vers<\/a> <a href=\"https:\/\/szelkialto.hu\/?cat=12\" rel=\"category\">irodalom<\/a> <a href=\"https:\/\/szelkialto.hu\/?cat=4\" rel=\"category\">koncertek<\/a>","rttpg_excerpt":"Marczib\u00e1nyi T\u00e9ri M\u0171vel\u0151d\u00e9si K\u00f6zpont 2019. \u00e1prilis 27. 19:00 Vend\u00e9g: a Sz\u00e9lki\u00e1lt\u00f3 &nbsp;","_links":{"self":[{"href":"https:\/\/szelkialto.hu\/index.php?rest_route=\/wp\/v2\/posts\/3505","targetHints":{"allow":["GET"]}}],"collection":[{"href":"https:\/\/szelkialto.hu\/index.php?rest_route=\/wp\/v2\/posts"}],"about":[{"href":"https:\/\/szelkialto.hu\/index.php?rest_route=\/wp\/v2\/types\/post"}],"author":[{"embeddable":true,"href":"https:\/\/szelkialto.hu\/index.php?rest_route=\/wp\/v2\/users\/3"}],"replies":[{"embeddable":true,"href":"https:\/\/szelkialto.hu\/index.php?rest_route=%2Fwp%2Fv2%2Fcomments&post=3505"}],"version-history":[{"count":6,"href":"https:\/\/szelkialto.hu\/index.php?rest_route=\/wp\/v2\/posts\/3505\/revisions"}],"predecessor-version":[{"id":3513,"href":"https:\/\/szelkialto.hu\/index.php?rest_route=\/wp\/v2\/posts\/3505\/revisions\/3513"}],"wp:featuredmedia":[{"embeddable":true,"href":"https:\/\/szelkialto.hu\/index.php?rest_route=\/wp\/v2\/media\/4406"}],"wp:attachment":[{"href":"https:\/\/szelkialto.hu\/index.php?rest_route=%2Fwp%2Fv2%2Fmedia&parent=3505"}],"wp:term":[{"taxonomy":"category","embeddable":true,"href":"https:\/\/szelkialto.hu\/index.php?rest_route=%2Fwp%2Fv2%2Fcategories&post=3505"},{"taxonomy":"post_tag","embeddable":true,"href":"https:\/\/szelkialto.hu\/index.php?rest_route=%2Fwp%2Fv2%2Ftags&post=3505"}],"curies":[{"name":"wp","href":"https:\/\/api.w.org\/{rel}","templated":true}]}}