{"id":3627,"date":"2019-04-30T16:17:15","date_gmt":"2019-04-30T14:17:15","guid":{"rendered":"https:\/\/szelkialto.hu\/?p=3627"},"modified":"2022-12-04T14:11:01","modified_gmt":"2022-12-04T13:11:01","slug":"ii-anyafesztival-szelkialto-koncert","status":"publish","type":"post","link":"https:\/\/szelkialto.hu\/?p=3627","title":{"rendered":"II. Anyafesztiv\u00e1l \u2013 Sz\u00e9lki\u00e1lt\u00f3 koncert"},"content":{"rendered":"<p><a href=\"https:\/\/www.facebook.com\/events\/m%C3%A1riagy%C5%B1di-kegyhely\/anyafesztiv%C3%A1l\/536134420245026\/\"><img loading=\"lazy\" decoding=\"async\" class=\"aligncenter size-full wp-image-3628\" src=\"https:\/\/szelkialto.hu\/wp-content\/uploads\/anya_gyermek.jpg\" alt=\"\" width=\"454\" height=\"424\" srcset=\"https:\/\/szelkialto.hu\/wp-content\/uploads\/anya_gyermek.jpg 454w, https:\/\/szelkialto.hu\/wp-content\/uploads\/anya_gyermek-300x280.jpg 300w\" sizes=\"auto, (max-width: 454px) 100vw, 454px\" \/><\/a><\/p>\n<p><span style=\"font-size: 14pt;\">2019. m\u00e1jus 4. 17:30 Sz\u00e9lki\u00e1lt\u00f3 koncert<\/span><br \/>\n<span style=\"font-size: 14pt;\">P\u00e9cs, D\u00f3m K\u0151t\u00e1r<\/span><\/p>\n<p><a href=\"https:\/\/www.facebook.com\/events\/m%C3%A1riagy%C5%B1di-kegyhely\/anyafesztiv%C3%A1l\/536134420245026\/\"><img loading=\"lazy\" decoding=\"async\" class=\"aligncenter size-full wp-image-3631\" src=\"https:\/\/szelkialto.hu\/wp-content\/uploads\/anyafesztival.jpg\" alt=\"\" width=\"454\" height=\"255\" srcset=\"https:\/\/szelkialto.hu\/wp-content\/uploads\/anyafesztival.jpg 454w, https:\/\/szelkialto.hu\/wp-content\/uploads\/anyafesztival-300x169.jpg 300w\" sizes=\"auto, (max-width: 454px) 100vw, 454px\" \/><\/a><\/p>\n<p>&nbsp;<\/p>\n","protected":false},"excerpt":{"rendered":"<p>2019. m\u00e1jus 4. 17:30 Sz\u00e9lki\u00e1lt\u00f3 koncert P\u00e9cs, D\u00f3m K\u0151t\u00e1r &nbsp;<\/p>\n","protected":false},"author":3,"featured_media":3628,"comment_status":"open","ping_status":"closed","sticky":false,"template":"","format":"standard","meta":{"footnotes":"","_links_to":"","_links_to_target":""},"categories":[54,4],"tags":[],"class_list":["post-3627","post","type-post","status-publish","format-standard","has-post-thumbnail","hentry","category-fesztival","category-koncertek"],"rttpg_featured_image_url":{"full":["https:\/\/szelkialto.hu\/wp-content\/uploads\/anya_gyermek.jpg",454,424,false],"landscape":["https:\/\/szelkialto.hu\/wp-content\/uploads\/anya_gyermek.jpg",454,424,false],"portraits":["https:\/\/szelkialto.hu\/wp-content\/uploads\/anya_gyermek.jpg",454,424,false],"thumbnail":["https:\/\/szelkialto.hu\/wp-content\/uploads\/anya_gyermek-150x150.jpg",150,150,true],"medium":["https:\/\/szelkialto.hu\/wp-content\/uploads\/anya_gyermek-300x280.jpg",300,280,true],"large":["https:\/\/szelkialto.hu\/wp-content\/uploads\/anya_gyermek.jpg",454,424,false],"1536x1536":["https:\/\/szelkialto.hu\/wp-content\/uploads\/anya_gyermek.jpg",454,424,false],"2048x2048":["https:\/\/szelkialto.hu\/wp-content\/uploads\/anya_gyermek.jpg",454,424,false],"thumb-small":["https:\/\/szelkialto.hu\/wp-content\/uploads\/anya_gyermek.jpg",80,75,false],"thumb-standard":["https:\/\/szelkialto.hu\/wp-content\/uploads\/anya_gyermek.jpg",320,299,false],"thumb-medium":["https:\/\/szelkialto.hu\/wp-content\/uploads\/anya_gyermek.jpg",262,245,false],"thumb-large":["https:\/\/szelkialto.hu\/wp-content\/uploads\/anya_gyermek.jpg",364,340,false],"thumb-xlarge":["https:\/\/szelkialto.hu\/wp-content\/uploads\/anya_gyermek.jpg",454,424,false],"thumb-xxlarge":["https:\/\/szelkialto.hu\/wp-content\/uploads\/anya_gyermek.jpg",454,424,false]},"rttpg_author":{"display_name":"Fenyvesi B\u00e9la","author_link":"https:\/\/szelkialto.hu\/?author=3"},"rttpg_comment":0,"rttpg_category":"<a href=\"https:\/\/szelkialto.hu\/?cat=54\" rel=\"category\">fesztiv\u00e1l<\/a> <a href=\"https:\/\/szelkialto.hu\/?cat=4\" rel=\"category\">koncertek<\/a>","rttpg_excerpt":"2019. m\u00e1jus 4. 17:30 Sz\u00e9lki\u00e1lt\u00f3 koncert P\u00e9cs, D\u00f3m K\u0151t\u00e1r &nbsp;","_links":{"self":[{"href":"https:\/\/szelkialto.hu\/index.php?rest_route=\/wp\/v2\/posts\/3627","targetHints":{"allow":["GET"]}}],"collection":[{"href":"https:\/\/szelkialto.hu\/index.php?rest_route=\/wp\/v2\/posts"}],"about":[{"href":"https:\/\/szelkialto.hu\/index.php?rest_route=\/wp\/v2\/types\/post"}],"author":[{"embeddable":true,"href":"https:\/\/szelkialto.hu\/index.php?rest_route=\/wp\/v2\/users\/3"}],"replies":[{"embeddable":true,"href":"https:\/\/szelkialto.hu\/index.php?rest_route=%2Fwp%2Fv2%2Fcomments&post=3627"}],"version-history":[{"count":4,"href":"https:\/\/szelkialto.hu\/index.php?rest_route=\/wp\/v2\/posts\/3627\/revisions"}],"predecessor-version":[{"id":3633,"href":"https:\/\/szelkialto.hu\/index.php?rest_route=\/wp\/v2\/posts\/3627\/revisions\/3633"}],"wp:featuredmedia":[{"embeddable":true,"href":"https:\/\/szelkialto.hu\/index.php?rest_route=\/wp\/v2\/media\/3628"}],"wp:attachment":[{"href":"https:\/\/szelkialto.hu\/index.php?rest_route=%2Fwp%2Fv2%2Fmedia&parent=3627"}],"wp:term":[{"taxonomy":"category","embeddable":true,"href":"https:\/\/szelkialto.hu\/index.php?rest_route=%2Fwp%2Fv2%2Fcategories&post=3627"},{"taxonomy":"post_tag","embeddable":true,"href":"https:\/\/szelkialto.hu\/index.php?rest_route=%2Fwp%2Fv2%2Ftags&post=3627"}],"curies":[{"name":"wp","href":"https:\/\/api.w.org\/{rel}","templated":true}]}}