{"id":3681,"date":"2019-05-15T12:27:00","date_gmt":"2019-05-15T10:27:00","guid":{"rendered":"https:\/\/szelkialto.hu\/?p=3681"},"modified":"2022-12-04T14:01:07","modified_gmt":"2022-12-04T13:01:07","slug":"szeelkialto-a-reformatus-zenei-fesztivalon","status":"publish","type":"post","link":"https:\/\/szelkialto.hu\/?p=3681","title":{"rendered":"Sz\u00e9lki\u00e1lt\u00f3 a Reform\u00e1tus Zenei Fesztiv\u00e1lon"},"content":{"rendered":"<p><span style=\"font-size: 14pt;\"><strong>2019. m\u00e1jus 26. 16:00<\/strong><\/span><br \/>\n<span style=\"font-size: 14pt;\"><strong>Budapest<br \/>\nBak\u00e1ts t\u00e9ri sz\u00ednpad<\/strong><\/span><\/p>\n<p style=\"text-align: center;\"><strong><a href=\"https:\/\/issuu.com\/reformatuszeneifesztival\/docs\/xvi_rzf_fidelio\" target=\"_blank\" rel=\"noopener noreferrer\"><img loading=\"lazy\" decoding=\"async\" class=\"aligncenter size-full wp-image-3683\" src=\"https:\/\/szelkialto.hu\/wp-content\/uploads\/XV_RZF.jpg\" alt=\"\" width=\"454\" height=\"644\" srcset=\"https:\/\/szelkialto.hu\/wp-content\/uploads\/XV_RZF.jpg 454w, https:\/\/szelkialto.hu\/wp-content\/uploads\/XV_RZF-211x300.jpg 211w\" sizes=\"auto, (max-width: 454px) 100vw, 454px\" \/><\/a><\/strong><\/p>\n<p style=\"text-align: center;\"><strong><a href=\"https:\/\/issuu.com\/reformatuszeneifesztival\/docs\/xvi_rzf_fidelio\" target=\"_blank\" rel=\"noopener noreferrer\"><span style=\"font-size: 14pt;\">M\u0171sorf\u00fczet<\/span><\/a><\/strong><\/p>\n<p>&nbsp;<\/p>\n","protected":false},"excerpt":{"rendered":"<p>2019. m\u00e1jus 26. 16:00 Budapest Bak\u00e1ts t\u00e9ri sz\u00ednpad M\u0171sorf\u00fczet &nbsp;<\/p>\n","protected":false},"author":3,"featured_media":4408,"comment_status":"open","ping_status":"closed","sticky":false,"template":"","format":"standard","meta":{"footnotes":"","_links_to":"","_links_to_target":""},"categories":[53,54,12,4],"tags":[164],"class_list":["post-3681","post","type-post","status-publish","format-standard","has-post-thumbnail","hentry","category-enekelt-vers","category-fesztival","category-irodalom-2","category-koncertek","tag-reformatus-zenei-fesztival"],"rttpg_featured_image_url":{"full":["https:\/\/szelkialto.hu\/wp-content\/uploads\/XVI-Reformatus_zenei_fesztival.jpg",1034,1066,false],"landscape":["https:\/\/szelkialto.hu\/wp-content\/uploads\/XVI-Reformatus_zenei_fesztival.jpg",1034,1066,false],"portraits":["https:\/\/szelkialto.hu\/wp-content\/uploads\/XVI-Reformatus_zenei_fesztival.jpg",1034,1066,false],"thumbnail":["https:\/\/szelkialto.hu\/wp-content\/uploads\/XVI-Reformatus_zenei_fesztival-150x150.jpg",150,150,true],"medium":["https:\/\/szelkialto.hu\/wp-content\/uploads\/XVI-Reformatus_zenei_fesztival-291x300.jpg",291,300,true],"large":["https:\/\/szelkialto.hu\/wp-content\/uploads\/XVI-Reformatus_zenei_fesztival-993x1024.jpg",993,1024,true],"1536x1536":["https:\/\/szelkialto.hu\/wp-content\/uploads\/XVI-Reformatus_zenei_fesztival.jpg",1034,1066,false],"2048x2048":["https:\/\/szelkialto.hu\/wp-content\/uploads\/XVI-Reformatus_zenei_fesztival.jpg",1034,1066,false],"thumb-small":["https:\/\/szelkialto.hu\/wp-content\/uploads\/XVI-Reformatus_zenei_fesztival-80x80.jpg",80,80,true],"thumb-standard":["https:\/\/szelkialto.hu\/wp-content\/uploads\/XVI-Reformatus_zenei_fesztival-320x320.jpg",320,320,true],"thumb-medium":["https:\/\/szelkialto.hu\/wp-content\/uploads\/XVI-Reformatus_zenei_fesztival-520x245.jpg",520,245,true],"thumb-large":["https:\/\/szelkialto.hu\/wp-content\/uploads\/XVI-Reformatus_zenei_fesztival-720x340.jpg",720,340,true],"thumb-xlarge":["https:\/\/szelkialto.hu\/wp-content\/uploads\/XVI-Reformatus_zenei_fesztival-980x450.jpg",980,450,true],"thumb-xxlarge":["https:\/\/szelkialto.hu\/wp-content\/uploads\/XVI-Reformatus_zenei_fesztival-1034x500.jpg",1034,500,true]},"rttpg_author":{"display_name":"Fenyvesi B\u00e9la","author_link":"https:\/\/szelkialto.hu\/?author=3"},"rttpg_comment":0,"rttpg_category":"<a href=\"https:\/\/szelkialto.hu\/?cat=53\" rel=\"category\">\u00e9nekelt vers<\/a> <a href=\"https:\/\/szelkialto.hu\/?cat=54\" rel=\"category\">fesztiv\u00e1l<\/a> <a href=\"https:\/\/szelkialto.hu\/?cat=12\" rel=\"category\">irodalom<\/a> <a href=\"https:\/\/szelkialto.hu\/?cat=4\" rel=\"category\">koncertek<\/a>","rttpg_excerpt":"2019. m\u00e1jus 26. 16:00 Budapest Bak\u00e1ts t\u00e9ri sz\u00ednpad M\u0171sorf\u00fczet &nbsp;","_links":{"self":[{"href":"https:\/\/szelkialto.hu\/index.php?rest_route=\/wp\/v2\/posts\/3681","targetHints":{"allow":["GET"]}}],"collection":[{"href":"https:\/\/szelkialto.hu\/index.php?rest_route=\/wp\/v2\/posts"}],"about":[{"href":"https:\/\/szelkialto.hu\/index.php?rest_route=\/wp\/v2\/types\/post"}],"author":[{"embeddable":true,"href":"https:\/\/szelkialto.hu\/index.php?rest_route=\/wp\/v2\/users\/3"}],"replies":[{"embeddable":true,"href":"https:\/\/szelkialto.hu\/index.php?rest_route=%2Fwp%2Fv2%2Fcomments&post=3681"}],"version-history":[{"count":10,"href":"https:\/\/szelkialto.hu\/index.php?rest_route=\/wp\/v2\/posts\/3681\/revisions"}],"predecessor-version":[{"id":3693,"href":"https:\/\/szelkialto.hu\/index.php?rest_route=\/wp\/v2\/posts\/3681\/revisions\/3693"}],"wp:featuredmedia":[{"embeddable":true,"href":"https:\/\/szelkialto.hu\/index.php?rest_route=\/wp\/v2\/media\/4408"}],"wp:attachment":[{"href":"https:\/\/szelkialto.hu\/index.php?rest_route=%2Fwp%2Fv2%2Fmedia&parent=3681"}],"wp:term":[{"taxonomy":"category","embeddable":true,"href":"https:\/\/szelkialto.hu\/index.php?rest_route=%2Fwp%2Fv2%2Fcategories&post=3681"},{"taxonomy":"post_tag","embeddable":true,"href":"https:\/\/szelkialto.hu\/index.php?rest_route=%2Fwp%2Fv2%2Ftags&post=3681"}],"curies":[{"name":"wp","href":"https:\/\/api.w.org\/{rel}","templated":true}]}}