{"id":3753,"date":"2019-10-21T16:01:14","date_gmt":"2019-10-21T14:01:14","guid":{"rendered":"https:\/\/szelkialto.hu\/?p=3753"},"modified":"2022-12-04T13:48:10","modified_gmt":"2022-12-04T12:48:10","slug":"aucasin-es-nicolete-ofrancia-szephistoria","status":"publish","type":"post","link":"https:\/\/szelkialto.hu\/?p=3753","title":{"rendered":"Aucasin \u00e9s Nicolete \u2013 \u00f3francia sz\u00e9phist\u00f3ria"},"content":{"rendered":"<p><img loading=\"lazy\" decoding=\"async\" class=\"aligncenter wp-image-3770\" src=\"https:\/\/szelkialto.hu\/wp-content\/uploads\/Aucasin_es_Nicolete-CD_borito_korong-web.png\" alt=\"Aucasin \u00e9s Nicolete CD korong\" width=\"454\" height=\"454\" srcset=\"https:\/\/szelkialto.hu\/wp-content\/uploads\/Aucasin_es_Nicolete-CD_borito_korong-web.png 800w, https:\/\/szelkialto.hu\/wp-content\/uploads\/Aucasin_es_Nicolete-CD_borito_korong-web-150x150.png 150w, https:\/\/szelkialto.hu\/wp-content\/uploads\/Aucasin_es_Nicolete-CD_borito_korong-web-300x300.png 300w, https:\/\/szelkialto.hu\/wp-content\/uploads\/Aucasin_es_Nicolete-CD_borito_korong-web-768x768.png 768w\" sizes=\"auto, (max-width: 454px) 100vw, 454px\" \/><\/p>\n<p><span style=\"font-size: 14pt; font-family: times new roman, times, serif;\">A Sz\u00e9lki\u00e1lt\u00f3 egy\u00fcttes 45. \u00e9ves jubileuma alkalm\u00e1b\u00f3l \u2013 saj\u00e1t kiad\u00e1sunkban \u2013 megjelentett\u00fck az <a href=\"https:\/\/mek.oszk.hu\/16900\/16952\" target=\"_blank\" rel=\"noopener noreferrer\"><strong>Aucasin \u00e9s Nicolete<\/strong><\/a> c\u00edm\u0171 \u00f3francia sz\u00e9phist\u00f3ria zen\u00e9j\u00e9t CD-n. <\/span><\/p>\n<p><span style=\"font-size: 14pt; font-family: times new roman, times, serif;\">A lemez a <a href=\"http:\/\/pecsiharmadikszinhaz.hu\/\"><strong>P\u00e9csi Harmadik Sz\u00ednh\u00e1z<\/strong><\/a> \u00e1ltal 1993-ban sz\u00ednre vitt darab bet\u00e9tdalait tartalmazza.<\/span><\/p>\n<p><img loading=\"lazy\" decoding=\"async\" class=\"aligncenter wp-image-3760\" src=\"https:\/\/szelkialto.hu\/wp-content\/uploads\/Aucasin_es_Nicolete-CD_borito_front-web.jpg\" alt=\"Aucasin \u00e9s Nicolete CD bor\u00edt\u00f3\" width=\"454\" height=\"450\" srcset=\"https:\/\/szelkialto.hu\/wp-content\/uploads\/Aucasin_es_Nicolete-CD_borito_front-web.jpg 800w, https:\/\/szelkialto.hu\/wp-content\/uploads\/Aucasin_es_Nicolete-CD_borito_front-web-150x150.jpg 150w, https:\/\/szelkialto.hu\/wp-content\/uploads\/Aucasin_es_Nicolete-CD_borito_front-web-300x297.jpg 300w, https:\/\/szelkialto.hu\/wp-content\/uploads\/Aucasin_es_Nicolete-CD_borito_front-web-768x761.jpg 768w\" sizes=\"auto, (max-width: 454px) 100vw, 454px\" \/><\/p>\n<p><span style=\"font-size: 14pt; font-family: times new roman, times, serif;\">A darab szerz\u0151je ismeretlen, a ford\u00edt\u00e1s <a href=\"https:\/\/hu.wikipedia.org\/wiki\/T%C3%B3th_%C3%81rp%C3%A1d_(k%C3%B6lt%C5%91)\" target=\"_blank\" rel=\"noopener noreferrer\"><strong>T\u00f3th \u00c1rp\u00e1d<\/strong><\/a> munk\u00e1ja.<br \/>\nRendez\u0151: <strong>Ditzendy Attila<\/strong><br \/>\n<\/span><\/p>\n<p><img loading=\"lazy\" decoding=\"async\" class=\"aligncenter wp-image-3759\" src=\"https:\/\/szelkialto.hu\/wp-content\/uploads\/Aucasin_es_Nicolete-CD_borito_back-web.jpg\" alt=\"Aucasin \u00e9s Nicolete CD bor\u00edt\u00f3 h\u00e1tlap\" width=\"454\" height=\"385\" srcset=\"https:\/\/szelkialto.hu\/wp-content\/uploads\/Aucasin_es_Nicolete-CD_borito_back-web.jpg 800w, https:\/\/szelkialto.hu\/wp-content\/uploads\/Aucasin_es_Nicolete-CD_borito_back-web-300x255.jpg 300w, https:\/\/szelkialto.hu\/wp-content\/uploads\/Aucasin_es_Nicolete-CD_borito_back-web-768x652.jpg 768w\" sizes=\"auto, (max-width: 454px) 100vw, 454px\" \/><\/p>\n<p><span style=\"font-size: 14pt; font-family: times new roman, times, serif;\">A lemezen a <strong>Sz\u00e9lki\u00e1lt\u00f3 egy\u00fcttesen<\/strong> k\u00edv\u00fcl k\u00f6zrem\u0171k\u00f6dik a darab k\u00e9t f\u0151szerepl\u0151je, <strong>Beleznay Endre<\/strong> \u00e9s <strong>Pal\u00e1sti Gabi<\/strong>.<\/span><\/p>\n<p><span style=\"font-size: 14pt; font-family: times new roman, times, serif;\">A CD megjelen\u00e9s\u00e9t t\u00e1mogatta:<\/span><\/p>\n<p style=\"padding-left: 40px;\"><a href=\"https:\/\/www.pecsiujsag.hu\/pecs\/hir\/helyi-hireink\/pecsi-arcok---dr-kiss-endre-kotelessegem-a-varos-szeretete\"><span style=\"font-size: 14pt; font-family: times new roman, times, serif;\"><strong>Dr. Kiss Endre<\/strong><\/span><\/a><\/p>\n<p><span style=\"font-size: 14pt; font-family: times new roman, times, serif;\">\u00e9s a<\/span><\/p>\n<p><a href=\"http:\/\/www.nka.hu\" target=\"_blank\" rel=\"noopener noreferrer\"><img loading=\"lazy\" decoding=\"async\" class=\"aligncenter wp-image-3771\" src=\"https:\/\/szelkialto.hu\/wp-content\/uploads\/NKA_logo_2012_RGB.jpg\" alt=\"NKA logo\" width=\"200\" height=\"84\" \/><\/a><\/p>\n<p><span style=\"font-size: 14pt; font-family: times new roman, times, serif;\">Az el\u0151ad\u00e1s korabeli sz\u00f3r\u00f3lapja, rajta a teljes st\u00e1blist\u00e1val:<\/span><\/p>\n<p><a href=\"https:\/\/mandadb.hu\/tetel\/496895\/Aucasin_es_Nicolete_bemutato_roplap\" target=\"_blank\" rel=\"noopener noreferrer\"><img loading=\"lazy\" decoding=\"async\" class=\"aligncenter wp-image-3755\" src=\"https:\/\/szelkialto.hu\/wp-content\/uploads\/aucasin_es_nicolete.png\" alt=\"Aucasin \u00e9s Nicolete plak\u00e1t\" width=\"454\" height=\"642\" srcset=\"https:\/\/szelkialto.hu\/wp-content\/uploads\/aucasin_es_nicolete.png 400w, https:\/\/szelkialto.hu\/wp-content\/uploads\/aucasin_es_nicolete-212x300.png 212w\" sizes=\"auto, (max-width: 454px) 100vw, 454px\" \/><\/a><\/p>\n<p style=\"text-align: center;\"><span style=\"font-family: times new roman, times, serif;\"><em><span style=\"font-size: 10pt;\">(A k\u00e9pre kattintva a sz\u00f3r\u00f3lap megtekinthet\u0151 az eredeti hely\u00e9n, a <a href=\"http:\/\/mandarchiv.hu\" target=\"_blank\" rel=\"noopener noreferrer\">Magyar Nemzeti Digit\u00e1lis Arch\u00edvum<\/a> oldal\u00e1n.)<\/span><\/em><\/span><\/p>\n<p>&nbsp;<\/p>\n","protected":false},"excerpt":{"rendered":"<p>A Sz\u00e9lki\u00e1lt\u00f3 egy\u00fcttes 45. \u00e9ves jubileuma alkalm\u00e1b\u00f3l \u2013 saj\u00e1t kiad\u00e1sunkban \u2013 megjelentett\u00fck az Aucasin \u00e9s Nicolete c\u00edm\u0171 \u00f3francia sz\u00e9phist\u00f3ria zen\u00e9j\u00e9t CD-n. A lemez a P\u00e9csi Harmadik Sz\u00ednh\u00e1z \u00e1ltal 1993-ban sz\u00ednre vitt darab bet\u00e9tdalait tartalmazza. A darab szerz\u0151je ismeretlen, a ford\u00edt\u00e1s&#46;&#46;&#46;<\/p>\n","protected":false},"author":3,"featured_media":3760,"comment_status":"open","ping_status":"closed","sticky":false,"template":"","format":"standard","meta":{"footnotes":"","_links_to":"","_links_to_target":""},"categories":[17,53,6],"tags":[170,130],"class_list":["post-3753","post","type-post","status-publish","format-standard","has-post-thumbnail","hentry","category-cd","category-enekelt-vers","category-lemezek","tag-aucasin-es-nicolete","tag-uj-cd"],"rttpg_featured_image_url":{"full":["https:\/\/szelkialto.hu\/wp-content\/uploads\/Aucasin_es_Nicolete-CD_borito_front-web.jpg",800,793,false],"landscape":["https:\/\/szelkialto.hu\/wp-content\/uploads\/Aucasin_es_Nicolete-CD_borito_front-web.jpg",800,793,false],"portraits":["https:\/\/szelkialto.hu\/wp-content\/uploads\/Aucasin_es_Nicolete-CD_borito_front-web.jpg",800,793,false],"thumbnail":["https:\/\/szelkialto.hu\/wp-content\/uploads\/Aucasin_es_Nicolete-CD_borito_front-web-150x150.jpg",150,150,true],"medium":["https:\/\/szelkialto.hu\/wp-content\/uploads\/Aucasin_es_Nicolete-CD_borito_front-web-300x297.jpg",300,297,true],"large":["https:\/\/szelkialto.hu\/wp-content\/uploads\/Aucasin_es_Nicolete-CD_borito_front-web.jpg",800,793,false],"1536x1536":["https:\/\/szelkialto.hu\/wp-content\/uploads\/Aucasin_es_Nicolete-CD_borito_front-web.jpg",800,793,false],"2048x2048":["https:\/\/szelkialto.hu\/wp-content\/uploads\/Aucasin_es_Nicolete-CD_borito_front-web.jpg",800,793,false],"thumb-small":["https:\/\/szelkialto.hu\/wp-content\/uploads\/Aucasin_es_Nicolete-CD_borito_front-web.jpg",80,80,false],"thumb-standard":["https:\/\/szelkialto.hu\/wp-content\/uploads\/Aucasin_es_Nicolete-CD_borito_front-web.jpg",320,317,false],"thumb-medium":["https:\/\/szelkialto.hu\/wp-content\/uploads\/Aucasin_es_Nicolete-CD_borito_front-web.jpg",247,245,false],"thumb-large":["https:\/\/szelkialto.hu\/wp-content\/uploads\/Aucasin_es_Nicolete-CD_borito_front-web.jpg",343,340,false],"thumb-xlarge":["https:\/\/szelkialto.hu\/wp-content\/uploads\/Aucasin_es_Nicolete-CD_borito_front-web.jpg",454,450,false],"thumb-xxlarge":["https:\/\/szelkialto.hu\/wp-content\/uploads\/Aucasin_es_Nicolete-CD_borito_front-web.jpg",504,500,false]},"rttpg_author":{"display_name":"Fenyvesi B\u00e9la","author_link":"https:\/\/szelkialto.hu\/?author=3"},"rttpg_comment":0,"rttpg_category":"<a href=\"https:\/\/szelkialto.hu\/?cat=17\" rel=\"category\">CD<\/a> <a href=\"https:\/\/szelkialto.hu\/?cat=53\" rel=\"category\">\u00e9nekelt vers<\/a> <a href=\"https:\/\/szelkialto.hu\/?cat=6\" rel=\"category\">lemezek<\/a>","rttpg_excerpt":"A Sz\u00e9lki\u00e1lt\u00f3 egy\u00fcttes 45. \u00e9ves jubileuma alkalm\u00e1b\u00f3l \u2013 saj\u00e1t kiad\u00e1sunkban \u2013 megjelentett\u00fck az Aucasin \u00e9s Nicolete c\u00edm\u0171 \u00f3francia sz\u00e9phist\u00f3ria zen\u00e9j\u00e9t CD-n. A lemez a P\u00e9csi Harmadik Sz\u00ednh\u00e1z \u00e1ltal 1993-ban sz\u00ednre vitt darab bet\u00e9tdalait tartalmazza. A darab szerz\u0151je ismeretlen, a ford\u00edt\u00e1s&#46;&#46;&#46;","_links":{"self":[{"href":"https:\/\/szelkialto.hu\/index.php?rest_route=\/wp\/v2\/posts\/3753","targetHints":{"allow":["GET"]}}],"collection":[{"href":"https:\/\/szelkialto.hu\/index.php?rest_route=\/wp\/v2\/posts"}],"about":[{"href":"https:\/\/szelkialto.hu\/index.php?rest_route=\/wp\/v2\/types\/post"}],"author":[{"embeddable":true,"href":"https:\/\/szelkialto.hu\/index.php?rest_route=\/wp\/v2\/users\/3"}],"replies":[{"embeddable":true,"href":"https:\/\/szelkialto.hu\/index.php?rest_route=%2Fwp%2Fv2%2Fcomments&post=3753"}],"version-history":[{"count":28,"href":"https:\/\/szelkialto.hu\/index.php?rest_route=\/wp\/v2\/posts\/3753\/revisions"}],"predecessor-version":[{"id":3900,"href":"https:\/\/szelkialto.hu\/index.php?rest_route=\/wp\/v2\/posts\/3753\/revisions\/3900"}],"wp:featuredmedia":[{"embeddable":true,"href":"https:\/\/szelkialto.hu\/index.php?rest_route=\/wp\/v2\/media\/3760"}],"wp:attachment":[{"href":"https:\/\/szelkialto.hu\/index.php?rest_route=%2Fwp%2Fv2%2Fmedia&parent=3753"}],"wp:term":[{"taxonomy":"category","embeddable":true,"href":"https:\/\/szelkialto.hu\/index.php?rest_route=%2Fwp%2Fv2%2Fcategories&post=3753"},{"taxonomy":"post_tag","embeddable":true,"href":"https:\/\/szelkialto.hu\/index.php?rest_route=%2Fwp%2Fv2%2Ftags&post=3753"}],"curies":[{"name":"wp","href":"https:\/\/api.w.org\/{rel}","templated":true}]}}