{"id":3864,"date":"2019-11-27T14:52:11","date_gmt":"2019-11-27T13:52:11","guid":{"rendered":"https:\/\/szelkialto.hu\/?p=3864"},"modified":"2022-12-04T13:42:03","modified_gmt":"2022-12-04T12:42:03","slug":"adventi-enek-2","status":"publish","type":"post","link":"https:\/\/szelkialto.hu\/?p=3864","title":{"rendered":"Adventi \u00e9nek&#8230;"},"content":{"rendered":"<p style=\"line-height: 30px;\"><span style=\"font-family: georgia, palatino, serif;\"><strong><span style=\"font-size: 18pt;\">Kar\u00e1csonyi koncert<\/span><\/strong><\/span><\/p>\n<p style=\"line-height: 30px;\"><span style=\"font-family: georgia, palatino, serif; font-size: 16pt;\"><strong>Zsolnay Kultur\u00e1lis Negyed<br \/>\nPTE M\u0171v\u00e9szeti Kar<br \/>\nLiszt Ferenc Hangversenyterem<\/strong><\/span><\/p>\n<p><span style=\"font-size: 14pt;\">2019. december 18. 18:00<\/span><\/p>\n<p><img loading=\"lazy\" decoding=\"async\" class=\"aligncenter size-full wp-image-3878\" src=\"https:\/\/szelkialto.hu\/wp-content\/uploads\/2016-12-18-Vemend.jpg\" alt=\"\" width=\"454\" height=\"338\" srcset=\"https:\/\/szelkialto.hu\/wp-content\/uploads\/2016-12-18-Vemend.jpg 454w, https:\/\/szelkialto.hu\/wp-content\/uploads\/2016-12-18-Vemend-300x223.jpg 300w\" sizes=\"auto, (max-width: 454px) 100vw, 454px\" \/><\/p>\n<p><strong>Bel\u00e9p\u0151jegyek:<\/strong><\/p>\n<p style=\"padding-left: 40px;\">Teljes \u00e1r\u00fa: 2.000 Ft<br \/>\nPTE Polg\u00e1r jegy: 1.000 Ft<br \/>\nGyermekjegy: 500 Ft<br \/>\nPTE MK dolgoz\u00f3k \u00e9s hallgat\u00f3k sz\u00e1m\u00e1ra szakmai jegy: 500 Ft<br \/>\nNyugd\u00edjas jegy: 500 Ft<\/p>\n<p><strong>Online jegyv\u00e1s\u00e1rl\u00e1s:<\/strong> <a href=\"https:\/\/www.jegymester.hu\/hun\/Event\/38016402\/Szelkialto-Egyuttes:-ADVENTI-ENEK\" target=\"_blank\" rel=\"noopener noreferrer\">www.jegymester.hu<\/a><\/p>\n<p><strong>Szem\u00e9lyes jegyv\u00e1s\u00e1rl\u00e1s:<\/strong> a Zsolnay \u00d6r\u00f6ks\u00e9gkezel\u0151 Nonprofit Kft. infopontjain<\/p>\n<p style=\"padding-left: 40px;\">Zsolnay Negyed L\u00e1togat\u00f3k\u00f6zpont<br \/>\nInfopont &amp; Shop (a Boltok utc\u00e1ja v\u00e9g\u00e9n)<br \/>\nVend\u00e9gh\u00e1z recepci\u00f3<br \/>\nM\u0171v\u00e9szetek \u00e9s Irodalom H\u00e1za<br \/>\nKultUR\u00c1N Infopont (P\u00e9cs, Ybl Mikl\u00f3s u. 7\/2.)<br \/>\nKod\u00e1ly K\u00f6zpont<br \/>\n\u00e9s 1 \u00f3r\u00e1val koncert el\u0151tt a Hangversenyterem bej\u00e1rat\u00e1n\u00e1l<\/p>\n<p>&nbsp;<\/p>\n","protected":false},"excerpt":{"rendered":"<p>Kar\u00e1csonyi koncert Zsolnay Kultur\u00e1lis Negyed PTE M\u0171v\u00e9szeti Kar Liszt Ferenc Hangversenyterem 2019. december 18. 18:00 Bel\u00e9p\u0151jegyek: Teljes \u00e1r\u00fa: 2.000 Ft PTE Polg\u00e1r jegy: 1.000 Ft Gyermekjegy: 500 Ft PTE MK dolgoz\u00f3k \u00e9s hallgat\u00f3k sz\u00e1m\u00e1ra szakmai jegy: 500 Ft Nyugd\u00edjas jegy:&#46;&#46;&#46;<\/p>\n","protected":false},"author":3,"featured_media":4403,"comment_status":"open","ping_status":"closed","sticky":false,"template":"","format":"standard","meta":{"footnotes":"","_links_to":"","_links_to_target":""},"categories":[53,12,4],"tags":[156,172,174,89,87,173,140],"class_list":["post-3864","post","type-post","status-publish","format-standard","has-post-thumbnail","hentry","category-enekelt-vers","category-irodalom-2","category-koncertek","tag-advent","tag-adventi-enek","tag-adventi-koncert","tag-karacsony","tag-karacsonyi-koncert","tag-liszt-terem","tag-pecs"],"rttpg_featured_image_url":{"full":["https:\/\/szelkialto.hu\/wp-content\/uploads\/adventi_enek.jpg",322,338,false],"landscape":["https:\/\/szelkialto.hu\/wp-content\/uploads\/adventi_enek.jpg",322,338,false],"portraits":["https:\/\/szelkialto.hu\/wp-content\/uploads\/adventi_enek.jpg",322,338,false],"thumbnail":["https:\/\/szelkialto.hu\/wp-content\/uploads\/adventi_enek-150x150.jpg",150,150,true],"medium":["https:\/\/szelkialto.hu\/wp-content\/uploads\/adventi_enek-286x300.jpg",286,300,true],"large":["https:\/\/szelkialto.hu\/wp-content\/uploads\/adventi_enek.jpg",322,338,false],"1536x1536":["https:\/\/szelkialto.hu\/wp-content\/uploads\/adventi_enek.jpg",322,338,false],"2048x2048":["https:\/\/szelkialto.hu\/wp-content\/uploads\/adventi_enek.jpg",322,338,false],"thumb-small":["https:\/\/szelkialto.hu\/wp-content\/uploads\/adventi_enek-80x80.jpg",80,80,true],"thumb-standard":["https:\/\/szelkialto.hu\/wp-content\/uploads\/adventi_enek-320x320.jpg",320,320,true],"thumb-medium":["https:\/\/szelkialto.hu\/wp-content\/uploads\/adventi_enek-322x245.jpg",322,245,true],"thumb-large":["https:\/\/szelkialto.hu\/wp-content\/uploads\/adventi_enek.jpg",322,338,false],"thumb-xlarge":["https:\/\/szelkialto.hu\/wp-content\/uploads\/adventi_enek.jpg",322,338,false],"thumb-xxlarge":["https:\/\/szelkialto.hu\/wp-content\/uploads\/adventi_enek.jpg",322,338,false]},"rttpg_author":{"display_name":"Fenyvesi B\u00e9la","author_link":"https:\/\/szelkialto.hu\/?author=3"},"rttpg_comment":0,"rttpg_category":"<a href=\"https:\/\/szelkialto.hu\/?cat=53\" rel=\"category\">\u00e9nekelt vers<\/a> <a href=\"https:\/\/szelkialto.hu\/?cat=12\" rel=\"category\">irodalom<\/a> <a href=\"https:\/\/szelkialto.hu\/?cat=4\" rel=\"category\">koncertek<\/a>","rttpg_excerpt":"Kar\u00e1csonyi koncert Zsolnay Kultur\u00e1lis Negyed PTE M\u0171v\u00e9szeti Kar Liszt Ferenc Hangversenyterem 2019. december 18. 18:00 Bel\u00e9p\u0151jegyek: Teljes \u00e1r\u00fa: 2.000 Ft PTE Polg\u00e1r jegy: 1.000 Ft Gyermekjegy: 500 Ft PTE MK dolgoz\u00f3k \u00e9s hallgat\u00f3k sz\u00e1m\u00e1ra szakmai jegy: 500 Ft Nyugd\u00edjas jegy:&#46;&#46;&#46;","_links":{"self":[{"href":"https:\/\/szelkialto.hu\/index.php?rest_route=\/wp\/v2\/posts\/3864","targetHints":{"allow":["GET"]}}],"collection":[{"href":"https:\/\/szelkialto.hu\/index.php?rest_route=\/wp\/v2\/posts"}],"about":[{"href":"https:\/\/szelkialto.hu\/index.php?rest_route=\/wp\/v2\/types\/post"}],"author":[{"embeddable":true,"href":"https:\/\/szelkialto.hu\/index.php?rest_route=\/wp\/v2\/users\/3"}],"replies":[{"embeddable":true,"href":"https:\/\/szelkialto.hu\/index.php?rest_route=%2Fwp%2Fv2%2Fcomments&post=3864"}],"version-history":[{"count":14,"href":"https:\/\/szelkialto.hu\/index.php?rest_route=\/wp\/v2\/posts\/3864\/revisions"}],"predecessor-version":[{"id":3879,"href":"https:\/\/szelkialto.hu\/index.php?rest_route=\/wp\/v2\/posts\/3864\/revisions\/3879"}],"wp:featuredmedia":[{"embeddable":true,"href":"https:\/\/szelkialto.hu\/index.php?rest_route=\/wp\/v2\/media\/4403"}],"wp:attachment":[{"href":"https:\/\/szelkialto.hu\/index.php?rest_route=%2Fwp%2Fv2%2Fmedia&parent=3864"}],"wp:term":[{"taxonomy":"category","embeddable":true,"href":"https:\/\/szelkialto.hu\/index.php?rest_route=%2Fwp%2Fv2%2Fcategories&post=3864"},{"taxonomy":"post_tag","embeddable":true,"href":"https:\/\/szelkialto.hu\/index.php?rest_route=%2Fwp%2Fv2%2Ftags&post=3864"}],"curies":[{"name":"wp","href":"https:\/\/api.w.org\/{rel}","templated":true}]}}