{"id":3881,"date":"2019-12-05T11:08:27","date_gmt":"2019-12-05T10:08:27","guid":{"rendered":"https:\/\/szelkialto.hu\/?p=3881"},"modified":"2022-12-04T13:40:09","modified_gmt":"2022-12-04T12:40:09","slug":"szelkialto-lemezek-karacsonyra","status":"publish","type":"post","link":"https:\/\/szelkialto.hu\/?p=3881","title":{"rendered":"Sz\u00e9lki\u00e1lt\u00f3 lemezek kar\u00e1csonyra&#8230;"},"content":{"rendered":"<p>&nbsp;<\/p>\n<p><span style=\"font-size: 12pt;\">Az <a href=\"https:\/\/szelkialto.hu\/?page_id=3804\" target=\"_blank\" rel=\"noopener noreferrer\"><strong>Aucasin \u00e9s Nicolete<\/strong><\/a>, a <a href=\"https:\/\/szelkialto.hu\/?page_id=3302\" target=\"_blank\" rel=\"noopener noreferrer\"><strong>Platon ben\u00e9z az ablakon<\/strong><\/a>, a <a href=\"https:\/\/szelkialto.hu\/?page_id=2586\" target=\"_blank\" rel=\"noopener noreferrer\"><strong>Hymnus a borhoz<\/strong><\/a> \u00e9s a <a href=\"https:\/\/szelkialto.hu\/?page_id=1603\" target=\"_blank\" rel=\"noopener noreferrer\"><strong>M\u00e1rai<\/strong><\/a> c. lemezeink megv\u00e1s\u00e1rolhat\u00f3k <a href=\"http:\/\/www.pecs.hu\" target=\"_blank\" rel=\"noopener noreferrer\"><strong>P\u00e9csett<\/strong><\/a> szem\u00e9lyesen a <a href=\"https:\/\/hu-hu.facebook.com\/corvinakonyvesbolt\" target=\"_blank\" rel=\"noopener noreferrer\"><strong>Corvina K\u00f6nyvesboltban<\/strong><\/a> <em>(r\u00e9gebben <strong>Idegennyelv\u0171 K\u00f6nyvesbolt<\/strong>)<\/em> a <strong>Sz\u00e9chenyi t\u00e9ren,<\/strong><\/span><\/p>\n<p><img loading=\"lazy\" decoding=\"async\" class=\"aligncenter size-full wp-image-3882\" src=\"https:\/\/szelkialto.hu\/wp-content\/uploads\/Corvina_Konyvesbolt_Pecs.jpg\" alt=\"\" width=\"454\" height=\"321\" srcset=\"https:\/\/szelkialto.hu\/wp-content\/uploads\/Corvina_Konyvesbolt_Pecs.jpg 454w, https:\/\/szelkialto.hu\/wp-content\/uploads\/Corvina_Konyvesbolt_Pecs-300x212.jpg 300w\" sizes=\"auto, (max-width: 454px) 100vw, 454px\" \/><\/p>\n<p><span style=\"font-size: 12pt;\">vagy online a <a href=\"https:\/\/www.lira.hu\" target=\"_blank\" rel=\"noopener noreferrer\">lira.hu<\/a> oldalon, \u00e9s a <strong><a href=\"http:\/\/kalakazenebolt.hu\" target=\"_blank\" rel=\"noopener noreferrer\">Kal\u00e1ka Zeneboltban<\/a> Budapesten<\/strong> a <strong>De\u00e1k t\u00e9ren<\/strong>, ahol a r\u00e9gebbi lemezeink is kaphat\u00f3k.<\/span><\/p>\n<p><img loading=\"lazy\" decoding=\"async\" class=\"aligncenter size-full wp-image-3884\" src=\"https:\/\/szelkialto.hu\/wp-content\/uploads\/Kalak_Zenebolt_Budapest.jpg\" alt=\"\" width=\"454\" height=\"485\" srcset=\"https:\/\/szelkialto.hu\/wp-content\/uploads\/Kalak_Zenebolt_Budapest.jpg 454w, https:\/\/szelkialto.hu\/wp-content\/uploads\/Kalak_Zenebolt_Budapest-281x300.jpg 281w\" sizes=\"auto, (max-width: 454px) 100vw, 454px\" \/><\/p>\n","protected":false},"excerpt":{"rendered":"<p>&nbsp; Az Aucasin \u00e9s Nicolete, a Platon ben\u00e9z az ablakon, a Hymnus a borhoz \u00e9s a M\u00e1rai c. lemezeink megv\u00e1s\u00e1rolhat\u00f3k P\u00e9csett szem\u00e9lyesen a Corvina K\u00f6nyvesboltban (r\u00e9gebben Idegennyelv\u0171 K\u00f6nyvesbolt) a Sz\u00e9chenyi t\u00e9ren, vagy online a lira.hu oldalon, \u00e9s a Kal\u00e1ka Zeneboltban&#46;&#46;&#46;<\/p>\n","protected":false},"author":3,"featured_media":3884,"comment_status":"open","ping_status":"closed","sticky":false,"template":"","format":"standard","meta":{"footnotes":"","_links_to":"","_links_to_target":""},"categories":[17,53,12,6,51,7],"tags":[170,36,121,30,175],"class_list":["post-3881","post","type-post","status-publish","format-standard","has-post-thumbnail","hentry","category-cd","category-enekelt-vers","category-irodalom-2","category-lemezek","category-zene-2","category-zenekar","tag-aucasin-es-nicolete","tag-bertok-laszlo","tag-hymnus-a-borhoz","tag-marai-sandor","tag-platon-benez-az-ablakon"],"rttpg_featured_image_url":{"full":["https:\/\/szelkialto.hu\/wp-content\/uploads\/Kalak_Zenebolt_Budapest.jpg",454,485,false],"landscape":["https:\/\/szelkialto.hu\/wp-content\/uploads\/Kalak_Zenebolt_Budapest.jpg",454,485,false],"portraits":["https:\/\/szelkialto.hu\/wp-content\/uploads\/Kalak_Zenebolt_Budapest.jpg",454,485,false],"thumbnail":["https:\/\/szelkialto.hu\/wp-content\/uploads\/Kalak_Zenebolt_Budapest-150x150.jpg",150,150,true],"medium":["https:\/\/szelkialto.hu\/wp-content\/uploads\/Kalak_Zenebolt_Budapest-281x300.jpg",281,300,true],"large":["https:\/\/szelkialto.hu\/wp-content\/uploads\/Kalak_Zenebolt_Budapest.jpg",454,485,false],"1536x1536":["https:\/\/szelkialto.hu\/wp-content\/uploads\/Kalak_Zenebolt_Budapest.jpg",454,485,false],"2048x2048":["https:\/\/szelkialto.hu\/wp-content\/uploads\/Kalak_Zenebolt_Budapest.jpg",454,485,false],"thumb-small":["https:\/\/szelkialto.hu\/wp-content\/uploads\/Kalak_Zenebolt_Budapest.jpg",75,80,false],"thumb-standard":["https:\/\/szelkialto.hu\/wp-content\/uploads\/Kalak_Zenebolt_Budapest.jpg",300,320,false],"thumb-medium":["https:\/\/szelkialto.hu\/wp-content\/uploads\/Kalak_Zenebolt_Budapest.jpg",229,245,false],"thumb-large":["https:\/\/szelkialto.hu\/wp-content\/uploads\/Kalak_Zenebolt_Budapest.jpg",318,340,false],"thumb-xlarge":["https:\/\/szelkialto.hu\/wp-content\/uploads\/Kalak_Zenebolt_Budapest.jpg",421,450,false],"thumb-xxlarge":["https:\/\/szelkialto.hu\/wp-content\/uploads\/Kalak_Zenebolt_Budapest.jpg",454,485,false]},"rttpg_author":{"display_name":"Fenyvesi B\u00e9la","author_link":"https:\/\/szelkialto.hu\/?author=3"},"rttpg_comment":0,"rttpg_category":"<a href=\"https:\/\/szelkialto.hu\/?cat=17\" rel=\"category\">CD<\/a> <a href=\"https:\/\/szelkialto.hu\/?cat=53\" rel=\"category\">\u00e9nekelt vers<\/a> <a href=\"https:\/\/szelkialto.hu\/?cat=12\" rel=\"category\">irodalom<\/a> <a href=\"https:\/\/szelkialto.hu\/?cat=6\" rel=\"category\">lemezek<\/a> <a href=\"https:\/\/szelkialto.hu\/?cat=51\" rel=\"category\">zene<\/a> <a href=\"https:\/\/szelkialto.hu\/?cat=7\" rel=\"category\">zenekar<\/a>","rttpg_excerpt":"&nbsp; Az Aucasin \u00e9s Nicolete, a Platon ben\u00e9z az ablakon, a Hymnus a borhoz \u00e9s a M\u00e1rai c. lemezeink megv\u00e1s\u00e1rolhat\u00f3k P\u00e9csett szem\u00e9lyesen a Corvina K\u00f6nyvesboltban (r\u00e9gebben Idegennyelv\u0171 K\u00f6nyvesbolt) a Sz\u00e9chenyi t\u00e9ren, vagy online a lira.hu oldalon, \u00e9s a Kal\u00e1ka Zeneboltban&#46;&#46;&#46;","_links":{"self":[{"href":"https:\/\/szelkialto.hu\/index.php?rest_route=\/wp\/v2\/posts\/3881","targetHints":{"allow":["GET"]}}],"collection":[{"href":"https:\/\/szelkialto.hu\/index.php?rest_route=\/wp\/v2\/posts"}],"about":[{"href":"https:\/\/szelkialto.hu\/index.php?rest_route=\/wp\/v2\/types\/post"}],"author":[{"embeddable":true,"href":"https:\/\/szelkialto.hu\/index.php?rest_route=\/wp\/v2\/users\/3"}],"replies":[{"embeddable":true,"href":"https:\/\/szelkialto.hu\/index.php?rest_route=%2Fwp%2Fv2%2Fcomments&post=3881"}],"version-history":[{"count":7,"href":"https:\/\/szelkialto.hu\/index.php?rest_route=\/wp\/v2\/posts\/3881\/revisions"}],"predecessor-version":[{"id":3886,"href":"https:\/\/szelkialto.hu\/index.php?rest_route=\/wp\/v2\/posts\/3881\/revisions\/3886"}],"wp:featuredmedia":[{"embeddable":true,"href":"https:\/\/szelkialto.hu\/index.php?rest_route=\/wp\/v2\/media\/3884"}],"wp:attachment":[{"href":"https:\/\/szelkialto.hu\/index.php?rest_route=%2Fwp%2Fv2%2Fmedia&parent=3881"}],"wp:term":[{"taxonomy":"category","embeddable":true,"href":"https:\/\/szelkialto.hu\/index.php?rest_route=%2Fwp%2Fv2%2Fcategories&post=3881"},{"taxonomy":"post_tag","embeddable":true,"href":"https:\/\/szelkialto.hu\/index.php?rest_route=%2Fwp%2Fv2%2Ftags&post=3881"}],"curies":[{"name":"wp","href":"https:\/\/api.w.org\/{rel}","templated":true}]}}