{"id":4023,"date":"2020-07-15T09:54:38","date_gmt":"2020-07-15T07:54:38","guid":{"rendered":"https:\/\/szelkialto.hu\/?p=4023"},"modified":"2023-05-20T19:31:32","modified_gmt":"2023-05-20T17:31:32","slug":"terzene-koncertek","status":"publish","type":"post","link":"https:\/\/szelkialto.hu\/?p=4023","title":{"rendered":"T\u00e9rzene koncertek&#8230;"},"content":{"rendered":"<\/p>\n<p style=\"text-align: center;\"><a href=\"http:\/\/terzene.hu\/\"><img loading=\"lazy\" decoding=\"async\" class=\"aligncenter\" src=\"https:\/\/szelkialto.hu\/wp-content\/uploads\/terzene-top-logo_02.jpg\" alt=\"\" width=\"451\" height=\"304\" \/><\/a><\/p>\n<p>Folytat\u00f3dnak a <a href=\"http:\/\/terzene.hu\"><strong>T\u00e9rzene<\/strong><\/a> koncertek szerte az orsz\u00e1gban a <a href=\"http:\/\/filharmonia.hu\"><strong>Filharm\u00f3nia Magyarorsz\u00e1g<\/strong><\/a> szervez\u00e9s\u00e9ben. Az elm\u00falt h\u00e9tv\u00e9g\u00e9n h\u00e1rom helysz\u00ednen j\u00e1tszottunk.<\/p>\n<p><strong>M\u00e9lyk\u00faton<\/strong>, a piact\u00e9ren:<\/p>\n<p style=\"text-align: center;\"><img decoding=\"async\" class=\"aligncenter\" src=\"https:\/\/szelkialto.hu\/wp-content\/uploads\/Melykut_26_web.jpg\" alt=\"A Sz\u00e9lki\u00e1lt\u00f3 M\u00e9lyk\u00faton\" width=\"100%\" \/><\/p>\n<p><strong>J\u00e1noshalm\u00e1n<\/strong> a B\u00e9ke t\u00e9ren:<\/p>\n<p style=\"text-align: center;\"><img decoding=\"async\" class=\"aligncenter\" src=\"https:\/\/szelkialto.hu\/wp-content\/uploads\/Janoshalma_4_web.jpg\" alt=\"A Sz\u00e9lki\u00e1lt\u00f3 J\u00e1noshalm\u00e1n\" width=\"100%\" \/><\/p>\n<p><strong>B\u00e1csalm\u00e1son<\/strong> a M\u0171vel\u0151d\u00e9si H\u00e1z el\u0151tt:<\/p>\n<p style=\"text-align: center;\"><img decoding=\"async\" class=\"aligncenter\" src=\"https:\/\/szelkialto.hu\/wp-content\/uploads\/Bacsalmas_5_web.jpg\" alt=\"A Sz\u00e9lki\u00e1lt\u00f3 B\u00e1csalm\u00e1son\" width=\"100%\" \/><\/p>\n<p>Most h\u00e9tv\u00e9g\u00e9n folytat\u00f3dik a koncertsorozat <strong>B\u00e1tasz\u00e9ken 14:00 \u00f3rakor<\/strong> (Budai utca 39.,\u00a0 Z\u00f6ld H\u00e1z), <strong>Szeksz\u00e1rdon 16:00 \u00f3rakor<\/strong> (Garay t\u00e9r) \u00e9s <strong>Kaposv\u00e1ron 19:00 \u00f3rakor<\/strong> (Kossuth t\u00e9r, a Gard\u2019Ann Cukr\u00e1szda mellett).<\/p>\n<p>Mindenkit v\u00e1runk szeretettel!<\/p>\n<p>&nbsp;<\/p>\n","protected":false},"excerpt":{"rendered":"<p>Folytat\u00f3dnak a T\u00e9rzene koncertek szerte az orsz\u00e1gban a Filharm\u00f3nia Magyarorsz\u00e1g szervez\u00e9s\u00e9ben. Az elm\u00falt h\u00e9tv\u00e9g\u00e9n h\u00e1rom helysz\u00ednen j\u00e1tszottunk. M\u00e9lyk\u00faton, a piact\u00e9ren: J\u00e1noshalm\u00e1n a B\u00e9ke t\u00e9ren: B\u00e1csalm\u00e1son a M\u0171vel\u0151d\u00e9si H\u00e1z el\u0151tt: Most h\u00e9tv\u00e9g\u00e9n folytat\u00f3dik a koncertsorozat B\u00e1tasz\u00e9ken 14:00 \u00f3rakor (Budai utca 39.,\u00a0&#46;&#46;&#46;<\/p>\n","protected":false},"author":3,"featured_media":5292,"comment_status":"open","ping_status":"closed","sticky":false,"template":"","format":"standard","meta":{"footnotes":"","_links_to":"","_links_to_target":""},"categories":[4],"tags":[181,182],"class_list":["post-4023","post","type-post","status-publish","format-standard","has-post-thumbnail","hentry","category-koncertek","tag-filharmonia-magyarorszag","tag-terzene"],"rttpg_featured_image_url":{"full":["https:\/\/szelkialto.hu\/wp-content\/uploads\/terzene01.jpg",633,301,false],"landscape":["https:\/\/szelkialto.hu\/wp-content\/uploads\/terzene01.jpg",633,301,false],"portraits":["https:\/\/szelkialto.hu\/wp-content\/uploads\/terzene01.jpg",633,301,false],"thumbnail":["https:\/\/szelkialto.hu\/wp-content\/uploads\/terzene01-150x150.jpg",150,150,true],"medium":["https:\/\/szelkialto.hu\/wp-content\/uploads\/terzene01-300x143.jpg",300,143,true],"large":["https:\/\/szelkialto.hu\/wp-content\/uploads\/terzene01.jpg",633,301,false],"1536x1536":["https:\/\/szelkialto.hu\/wp-content\/uploads\/terzene01.jpg",633,301,false],"2048x2048":["https:\/\/szelkialto.hu\/wp-content\/uploads\/terzene01.jpg",633,301,false],"thumb-small":["https:\/\/szelkialto.hu\/wp-content\/uploads\/terzene01-80x80.jpg",80,80,true],"thumb-standard":["https:\/\/szelkialto.hu\/wp-content\/uploads\/terzene01-320x301.jpg",320,301,true],"thumb-medium":["https:\/\/szelkialto.hu\/wp-content\/uploads\/terzene01-520x245.jpg",520,245,true],"thumb-large":["https:\/\/szelkialto.hu\/wp-content\/uploads\/terzene01.jpg",633,301,false],"thumb-xlarge":["https:\/\/szelkialto.hu\/wp-content\/uploads\/terzene01.jpg",633,301,false],"thumb-xxlarge":["https:\/\/szelkialto.hu\/wp-content\/uploads\/terzene01.jpg",633,301,false]},"rttpg_author":{"display_name":"Fenyvesi B\u00e9la","author_link":"https:\/\/szelkialto.hu\/?author=3"},"rttpg_comment":0,"rttpg_category":"<a href=\"https:\/\/szelkialto.hu\/?cat=4\" rel=\"category\">koncertek<\/a>","rttpg_excerpt":"Folytat\u00f3dnak a T\u00e9rzene koncertek szerte az orsz\u00e1gban a Filharm\u00f3nia Magyarorsz\u00e1g szervez\u00e9s\u00e9ben. Az elm\u00falt h\u00e9tv\u00e9g\u00e9n h\u00e1rom helysz\u00ednen j\u00e1tszottunk. M\u00e9lyk\u00faton, a piact\u00e9ren: J\u00e1noshalm\u00e1n a B\u00e9ke t\u00e9ren: B\u00e1csalm\u00e1son a M\u0171vel\u0151d\u00e9si H\u00e1z el\u0151tt: Most h\u00e9tv\u00e9g\u00e9n folytat\u00f3dik a koncertsorozat B\u00e1tasz\u00e9ken 14:00 \u00f3rakor (Budai utca 39.,\u00a0&#46;&#46;&#46;","_links":{"self":[{"href":"https:\/\/szelkialto.hu\/index.php?rest_route=\/wp\/v2\/posts\/4023","targetHints":{"allow":["GET"]}}],"collection":[{"href":"https:\/\/szelkialto.hu\/index.php?rest_route=\/wp\/v2\/posts"}],"about":[{"href":"https:\/\/szelkialto.hu\/index.php?rest_route=\/wp\/v2\/types\/post"}],"author":[{"embeddable":true,"href":"https:\/\/szelkialto.hu\/index.php?rest_route=\/wp\/v2\/users\/3"}],"replies":[{"embeddable":true,"href":"https:\/\/szelkialto.hu\/index.php?rest_route=%2Fwp%2Fv2%2Fcomments&post=4023"}],"version-history":[{"count":19,"href":"https:\/\/szelkialto.hu\/index.php?rest_route=\/wp\/v2\/posts\/4023\/revisions"}],"predecessor-version":[{"id":5316,"href":"https:\/\/szelkialto.hu\/index.php?rest_route=\/wp\/v2\/posts\/4023\/revisions\/5316"}],"wp:featuredmedia":[{"embeddable":true,"href":"https:\/\/szelkialto.hu\/index.php?rest_route=\/wp\/v2\/media\/5292"}],"wp:attachment":[{"href":"https:\/\/szelkialto.hu\/index.php?rest_route=%2Fwp%2Fv2%2Fmedia&parent=4023"}],"wp:term":[{"taxonomy":"category","embeddable":true,"href":"https:\/\/szelkialto.hu\/index.php?rest_route=%2Fwp%2Fv2%2Fcategories&post=4023"},{"taxonomy":"post_tag","embeddable":true,"href":"https:\/\/szelkialto.hu\/index.php?rest_route=%2Fwp%2Fv2%2Ftags&post=4023"}],"curies":[{"name":"wp","href":"https:\/\/api.w.org\/{rel}","templated":true}]}}