{"id":4047,"date":"2020-09-21T14:20:33","date_gmt":"2020-09-21T12:20:33","guid":{"rendered":"https:\/\/szelkialto.hu\/?p=4047"},"modified":"2023-05-20T19:28:39","modified_gmt":"2023-05-20T17:28:39","slug":"bertok-laszlo-kolto-elment-kozulunk","status":"publish","type":"post","link":"https:\/\/szelkialto.hu\/?p=4047","title":{"rendered":"Bert\u00f3k L\u00e1szl\u00f3 k\u00f6lt\u0151 elment&#8230;"},"content":{"rendered":"<p style=\"text-align: center; font-size: 14pt; font-weight: bold; margin-top: 20px;\">1935. december 6. \u2013 2020. szeptember 14.<\/p>\n<p style=\"text-align: center;\"><img loading=\"lazy\" decoding=\"async\" src=\"https:\/\/szelkialto.hu\/wp-content\/uploads\/Bertok_Laszlo-2.jpg\" alt=\"\" width=\"451\" height=\"359\" \/><\/p>\n<p style=\"font-size: 10pt; text-align: center; margin-top: -10px;\">Bert\u00f3k L\u00e1szl\u00f3 a Kod\u00e1ly K\u00f6zpontban, 2014. december 13-\u00e1n,<br \/>\na Sz\u00e9lki\u00e1lt\u00f3 40. \u00e9ves jubileumi koncertj\u00e9n<br \/>\n<span style=\"font-size: 8pt;\"><em>Fot\u00f3: T\u00f3th L\u00e1szl\u00f3<\/em><\/span><\/p>\n<p>&nbsp;<\/p>\n<h2 style=\"text-align: center; color: black;\"><a href=\"https:\/\/www.youtube.com\/watch?v=v4bF488N7iI\">Bert\u00f3k L\u00e1szl\u00f3: Plat\u00f3n ben\u00e9z az ablakon<\/a><\/h2>\n<p>&nbsp;<\/p>\n<p style=\"text-align: center;\">A visszavert f\u00e9ny \u00e9vszaka,<br \/>\nPlat\u00f3n ben\u00e9z az ablakon,<br \/>\nkez\u00e9ben \u00e1s\u00f3 \u00e9s kapa,<br \/>\ncsod\u00e1lkozik, hogy itt lakom.<\/p>\n<p style=\"text-align: center;\">Mondan\u00e1m, hogy r\u00f6gt\u00f6n megyek,<br \/>\nlehetn\u00e9k m\u00e9g j\u00f3 asztalos,<br \/>\nde megb\u00e9n\u00edt a d\u00f6bbenet,<br \/>\nsil\u00e1ny t\u00fck\u00f6rr\u00e9 foncsoroz.<\/p>\n<p style=\"text-align: center;\">Mondan\u00e1m, hogy nem \u00e9n vagyok,<br \/>\nb\u0171n\u00f6ss\u00e9 tett a f\u00e9lelem,<br \/>\nh\u00e1tam m\u00f6g\u00f6tt a l\u00e9t dadog,<br \/>\nel\u0151ttem a t\u00f6rt\u00e9nelem.<\/p>\n<p style=\"text-align: center;\">Mondan\u00e1m, hogy nincsen rem\u00e9ny,<br \/>\nhogy maholnap \u00f6tven leszek,<br \/>\ns ami \u00e1rny\u00e9kb\u00f3l k\u00f6ltem\u00e9ny,<br \/>\na val\u00f3s\u00e1gban egyszeregy.<\/p>\n<p style=\"text-align: center;\">Mondan\u00e1m, hogy akkor mi van,<br \/>\nmi\u00e9rt jobb, aki boldogabb,<br \/>\ns ha a var\u00e1zs anyagtalan,<br \/>\nmire eml\u00e9kszik az anyag?<\/p>\n<p style=\"text-align: center;\">Mondan\u00e1m, hogy egy\u00e9bir\u00e1nt,<br \/>\nhogy v\u00e1rtam m\u00e1r, hogy j\u00f3napot,<br \/>\nde minden sorv\u00e9g r\u00edmbe r\u00e1nt,<br \/>\ncsak hazudn\u00e9k, csak hallgatok.<\/p>\n<p style=\"text-align: center;\"><em>(1984)<\/em><\/p>\n<p style=\"text-align: center;\">\u00a0<\/p>\n<h2 style=\"text-align: center; color: black;\">Bert\u00f3k L\u00e1szl\u00f3: K\u00e9t szikla k\u00f6z\u00f6tt annyi csak<\/h2>\n<p>&nbsp;<\/p>\n<p class=\"western\" style=\"text-align: center;\">K\u00e9t szikla k\u00f6z\u00f6tt annyi csak,<br \/>\nhogy szemben megl\u00e1tod magad,<br \/>\ns hegyen-v\u00f6lgy\u00f6n \u00e1t oda m\u00e9gy,<br \/>\nhi\u00e1ba n\u0151 a szakad\u00e9k.<\/p>\n<p class=\"western\" style=\"text-align: center;\">K\u00e9t magad k\u00f6z\u00f6tt annyi csak,<br \/>\nhogy ez is, az is t\u00e1volabb,<br \/>\n\u00e9s ak\u00e1rminek \u00e1lmodod,<br \/>\nmire oda\u00e9rsz, nincsen ott.<\/p>\n<p class=\"western\" style=\"text-align: center;\">K\u00e9t v\u00e9ge k\u00f6z\u00f6tt annyi csak,<br \/>\nhogy ez kiz\u00e1r, az nem fogad,<br \/>\ns mert porr\u00e1 lesznek n\u00e9lk\u00fcled,<br \/>\nnyomodat bottal \u00fctheted.<\/p>\n<p class=\"western\" style=\"text-align: center;\"><em>(2002.szeptember)<\/em><\/p>\n<p style=\"text-align: center;\">\u00a0<\/p>\n<h2 style=\"text-align: center; color: black;\">Bert\u00f3k L\u00e1szl\u00f3: A l\u00e9legzetv\u00e9telnyi cs\u00f6ndben<\/h2>\n<p>&nbsp;<\/p>\n<p class=\"western\" style=\"text-align: center;\">A l\u00e9legzetv\u00e9telnyi cs\u00f6ndben,<br \/>\nmes\u00e9ben, dalban, ima k\u00f6zben,<br \/>\na hol volt, hol nem volt seholban,<br \/>\namikor hang nincs m\u00e1r, csak sz\u00f3 van,<\/p>\n<p class=\"western\" style=\"text-align: center;\">a szemben, f\u00fclben, tapint\u00e1sban<br \/>\nvisszalopakod\u00f3 csod\u00e1ban,<br \/>\naz igenn\u00e9 ord\u00edtott nemben,<br \/>\na s\u00edron \u00e1tugr\u00f3 gyerekben,<\/p>\n<p class=\"western\" style=\"text-align: center;\">a gondolatban, mozdulatban,<br \/>\nmikor a k\u0151 befel\u00e9 csobban,<br \/>\na hull\u00e1mba vesz\u0151 mosolyban,<br \/>\na pillanatban ott maradtam.<\/p>\n<p class=\"western\" style=\"text-align: center;\"><em>(2008. m\u00e1rcius)<\/em><\/p>\n<p style=\"text-align: center;\">\u00a0<\/p>\n<p style=\"text-align: center;\"><a href=\"http:\/\/bertoklaszlo.hu\"><strong>http:\/\/bertoklaszlo.hu<\/strong><\/a><\/p>\n<p>&nbsp;<\/p>\n","protected":false},"excerpt":{"rendered":"<p>1935. december 6. \u2013 2020. szeptember 14. Bert\u00f3k L\u00e1szl\u00f3 a Kod\u00e1ly K\u00f6zpontban, 2014. december 13-\u00e1n, a Sz\u00e9lki\u00e1lt\u00f3 40. \u00e9ves jubileumi koncertj\u00e9n Fot\u00f3: T\u00f3th L\u00e1szl\u00f3 &nbsp; Bert\u00f3k L\u00e1szl\u00f3: Plat\u00f3n ben\u00e9z az ablakon &nbsp; A visszavert f\u00e9ny \u00e9vszaka, Plat\u00f3n ben\u00e9z az ablakon,&#46;&#46;&#46;<\/p>\n","protected":false},"author":3,"featured_media":5291,"comment_status":"open","ping_status":"closed","sticky":false,"template":"","format":"standard","meta":{"footnotes":"","_links_to":"","_links_to_target":""},"categories":[12,11],"tags":[36,142],"class_list":["post-4047","post","type-post","status-publish","format-standard","has-post-thumbnail","hentry","category-irodalom-2","category-koltok","tag-bertok-laszlo","tag-enekelt-vers"],"rttpg_featured_image_url":{"full":["https:\/\/szelkialto.hu\/wp-content\/uploads\/bertok_laszlo01.jpg",633,301,false],"landscape":["https:\/\/szelkialto.hu\/wp-content\/uploads\/bertok_laszlo01.jpg",633,301,false],"portraits":["https:\/\/szelkialto.hu\/wp-content\/uploads\/bertok_laszlo01.jpg",633,301,false],"thumbnail":["https:\/\/szelkialto.hu\/wp-content\/uploads\/bertok_laszlo01-150x150.jpg",150,150,true],"medium":["https:\/\/szelkialto.hu\/wp-content\/uploads\/bertok_laszlo01-300x143.jpg",300,143,true],"large":["https:\/\/szelkialto.hu\/wp-content\/uploads\/bertok_laszlo01.jpg",633,301,false],"1536x1536":["https:\/\/szelkialto.hu\/wp-content\/uploads\/bertok_laszlo01.jpg",633,301,false],"2048x2048":["https:\/\/szelkialto.hu\/wp-content\/uploads\/bertok_laszlo01.jpg",633,301,false],"thumb-small":["https:\/\/szelkialto.hu\/wp-content\/uploads\/bertok_laszlo01-80x80.jpg",80,80,true],"thumb-standard":["https:\/\/szelkialto.hu\/wp-content\/uploads\/bertok_laszlo01-320x301.jpg",320,301,true],"thumb-medium":["https:\/\/szelkialto.hu\/wp-content\/uploads\/bertok_laszlo01-520x245.jpg",520,245,true],"thumb-large":["https:\/\/szelkialto.hu\/wp-content\/uploads\/bertok_laszlo01.jpg",633,301,false],"thumb-xlarge":["https:\/\/szelkialto.hu\/wp-content\/uploads\/bertok_laszlo01.jpg",633,301,false],"thumb-xxlarge":["https:\/\/szelkialto.hu\/wp-content\/uploads\/bertok_laszlo01.jpg",633,301,false]},"rttpg_author":{"display_name":"Fenyvesi B\u00e9la","author_link":"https:\/\/szelkialto.hu\/?author=3"},"rttpg_comment":0,"rttpg_category":"<a href=\"https:\/\/szelkialto.hu\/?cat=12\" rel=\"category\">irodalom<\/a> <a href=\"https:\/\/szelkialto.hu\/?cat=11\" rel=\"category\">k\u00f6lt\u0151k<\/a>","rttpg_excerpt":"1935. december 6. \u2013 2020. szeptember 14. Bert\u00f3k L\u00e1szl\u00f3 a Kod\u00e1ly K\u00f6zpontban, 2014. december 13-\u00e1n, a Sz\u00e9lki\u00e1lt\u00f3 40. \u00e9ves jubileumi koncertj\u00e9n Fot\u00f3: T\u00f3th L\u00e1szl\u00f3 &nbsp; Bert\u00f3k L\u00e1szl\u00f3: Plat\u00f3n ben\u00e9z az ablakon &nbsp; A visszavert f\u00e9ny \u00e9vszaka, Plat\u00f3n ben\u00e9z az ablakon,&#46;&#46;&#46;","_links":{"self":[{"href":"https:\/\/szelkialto.hu\/index.php?rest_route=\/wp\/v2\/posts\/4047","targetHints":{"allow":["GET"]}}],"collection":[{"href":"https:\/\/szelkialto.hu\/index.php?rest_route=\/wp\/v2\/posts"}],"about":[{"href":"https:\/\/szelkialto.hu\/index.php?rest_route=\/wp\/v2\/types\/post"}],"author":[{"embeddable":true,"href":"https:\/\/szelkialto.hu\/index.php?rest_route=\/wp\/v2\/users\/3"}],"replies":[{"embeddable":true,"href":"https:\/\/szelkialto.hu\/index.php?rest_route=%2Fwp%2Fv2%2Fcomments&post=4047"}],"version-history":[{"count":29,"href":"https:\/\/szelkialto.hu\/index.php?rest_route=\/wp\/v2\/posts\/4047\/revisions"}],"predecessor-version":[{"id":5314,"href":"https:\/\/szelkialto.hu\/index.php?rest_route=\/wp\/v2\/posts\/4047\/revisions\/5314"}],"wp:featuredmedia":[{"embeddable":true,"href":"https:\/\/szelkialto.hu\/index.php?rest_route=\/wp\/v2\/media\/5291"}],"wp:attachment":[{"href":"https:\/\/szelkialto.hu\/index.php?rest_route=%2Fwp%2Fv2%2Fmedia&parent=4047"}],"wp:term":[{"taxonomy":"category","embeddable":true,"href":"https:\/\/szelkialto.hu\/index.php?rest_route=%2Fwp%2Fv2%2Fcategories&post=4047"},{"taxonomy":"post_tag","embeddable":true,"href":"https:\/\/szelkialto.hu\/index.php?rest_route=%2Fwp%2Fv2%2Ftags&post=4047"}],"curies":[{"name":"wp","href":"https:\/\/api.w.org\/{rel}","templated":true}]}}