{"id":4228,"date":"2022-05-11T10:13:16","date_gmt":"2022-05-11T08:13:16","guid":{"rendered":"https:\/\/szelkialto.hu\/?p=4228"},"modified":"2023-05-20T19:32:52","modified_gmt":"2023-05-20T17:32:52","slug":"hangrol-hangra-enekel-az-iskola","status":"publish","type":"post","link":"https:\/\/szelkialto.hu\/?p=4228","title":{"rendered":"Hangr\u00f3l hangra \u2013 \u00c9nekel az iskola"},"content":{"rendered":"<\/p>\n<p>Az elm\u00falt \u00e9v v\u00e9g\u00e9n megkeresett benn\u00fcnket a <a href=\"https:\/\/kota.hu\" target=\"_blank\" rel=\"noopener\"><strong>K\u00d3TA<\/strong><\/a> (<em>Magyar K\u00f3rusok, Zenekarok \u00e9s N\u00e9pzenei Egy\u00fcttesek Sz\u00f6vets\u00e9ge<\/em>) \u00e9s egy\u00fcttm\u0171k\u00f6d\u00e9st aj\u00e1nlott a <strong>Hangr\u00f3l Hangra \u2013 \u00c9nekel az iskola<\/strong> programj\u00e1ban. E programban, a K\u00d3TA szervez\u00e9s\u00e9ben val\u00f3sul meg a Sz\u00e9lki\u00e1lt\u00f3 egy\u00fcttes tavaszi orsz\u00e1gos turn\u00e9ja, amelynek sor\u00e1n meg\u00e9nekeltetj\u00fck az \u00e1ltal\u00e1nos- \u00e9s k\u00f6z\u00e9piskol\u00e1s koroszt\u00e1lyt a fogad\u00f3 iskol\u00e1kban.<\/p>\n<p>A koncertekre kiv\u00e1lasztott dalok a magyar n\u00e9pzen\u00e9n, a zenei kultur\u00e1lis \u00f6r\u00f6ks\u00e9g\u00fcnk \u00e9nekein kereszt\u00fcl er\u0151s\u00edtik a fiatalokban a k\u00f6z\u00f6ss\u00e9gi alkot\u00e1s, teremt\u00e9s \u00e9s egy\u00fcv\u00e9 tartoz\u00e1s \u00e9rzet\u00e9t. A Sz\u00e9lki\u00e1lt\u00f3 egy\u00fcttes \u2013 Bert\u00f3k L\u00e1szl\u00f3 Kossuth-d\u00edjas k\u00f6lt\u0151 \u00e1ltal \u00edrt \u2013 <strong>Boldogs\u00e1g-dal<\/strong> c. dal\u00e1nak megtanul\u00e1s\u00e1hoz a programban r\u00e9sztvev\u0151 iskol\u00e1k \u00e9nek-zene tan\u00e1rai kotta- \u00e9s hanganyagot is kaptak, hogy a koncerteken a gyerekekkel k\u00f6z\u00f6sen tudjuk el\u00e9nekelni a dalt, ak\u00e1r t\u00f6bb sz\u00f3lamban is.<\/p>\n<p>A Sz\u00e9lki\u00e1lt\u00f3-turn\u00e9t egy t\u00f6bbfordul\u00f3s, a t\u00e9mak\u00f6rt k\u00f6r\u00fclj\u00e1r\u00f3 zenei vet\u00e9lked\u0151 is kieg\u00e9sz\u00edti, melyet a K\u00d3TA a r\u00e9sztvev\u0151 iskol\u00e1k sz\u00e1m\u00e1ra \u00edrt ki.<\/p>\n<p>Az els\u0151 koncertek \u2013 Bonyh\u00e1don \u00e9s G\u00f6d\u00f6ll\u0151n k\u00e9t-k\u00e9t el\u0151ad\u00e1s \u2013 m\u00e1r megval\u00f3sultak, a k\u00f6vetkez\u0151 \u00e1llom\u00e1sok Szolnok, Baja, Duna\u00fajv\u00e1ros \u00e9s Miskolc lesznek. A bonyh\u00e1di koncert vide\u00f3felv\u00e9tele megtekinthet\u0151 a <a href=\"https:\/\/www.youtube.com\/watch?v=rFJb_y4J7EM\" target=\"_blank\" rel=\"noopener\"><strong>Youtube<\/strong><\/a>-on.<\/p>\n<p>\u00c1lljon itt n\u00e9h\u00e1ny id\u00e9zet a g\u00f6d\u00f6ll\u0151i Erkel Ferenc \u00c1ltal\u00e1nos Iskol\u00e1ban megtartott koncertek ut\u00e1n a gyerekekt\u0151l \u00e9s tan\u00e1r koll\u00e9g\u00e1kt\u00f3l sz\u00e1rmaz\u00f3 visszajelz\u00e9s:<\/p>\n<p><strong>2. c<\/strong><br \/>\n<span style=\"font-size: 10pt;\"><em>&#8220;&#8230;a Sz\u00e9lki\u00e1lt\u00f3 zenekar egy olyan gyerekk\u00f6zpont\u00fa m\u0171sorral lepte meg a tanul\u00f3inkat, amely hatalmas zenei \u00e9lm\u00e9ny mellett felkeltette az \u00e9rdekl\u0151d\u00e9st a k\u00fcl\u00f6nb\u00f6z\u0151 hangszerek ir\u00e1nt is. A gyerekek nyitottak voltak erre a fajta zen\u00e9re. Bens\u0151s\u00e9ges \u00e9s \u00f6nfeledt tev\u00e9kenys\u00e9get ny\u00fajtott az interakt\u00edv el\u0151ad\u00e1s, a k\u00f6z\u00f6s produkci\u00f3. Ezek mellett n\u00e9melyik gyereknek az els\u0151 olyan \u00e9lm\u00e9nye volt, amelyben hangszerekkel, zen\u00e9szekkel tal\u00e1lkozhatott. A csillog\u00f3 szemeket l\u00e1tva megtapasztaltuk, hogy a zene el\u00e9rhet\u0151 \u00f6r\u00f6mforr\u00e1s. A gyerekek fantasztikusan \u00e9nekeltek. &#8220;<\/em><\/span><\/p>\n<p><strong>4. a<\/strong><br \/>\n<img loading=\"lazy\" decoding=\"async\" class=\"aligncenter size-full wp-image-4229\" src=\"https:\/\/szelkialto.hu\/wp-content\/uploads\/4a.jpg\" alt=\"\" width=\"600\" height=\"800\" srcset=\"https:\/\/szelkialto.hu\/wp-content\/uploads\/4a.jpg 600w, https:\/\/szelkialto.hu\/wp-content\/uploads\/4a-225x300.jpg 225w\" sizes=\"auto, (max-width: 600px) 100vw, 600px\" \/><\/p>\n<p>&nbsp;<\/p>\n<p><strong>4. c<\/strong><\/p>\n<p><img loading=\"lazy\" decoding=\"async\" class=\"aligncenter wp-image-4233\" src=\"https:\/\/szelkialto.hu\/wp-content\/uploads\/4c.jpg\" alt=\"\" width=\"600\" height=\"860\" srcset=\"https:\/\/szelkialto.hu\/wp-content\/uploads\/4c.jpg 558w, https:\/\/szelkialto.hu\/wp-content\/uploads\/4c-209x300.jpg 209w\" sizes=\"auto, (max-width: 600px) 100vw, 600px\" \/><\/p>\n<p>&nbsp;<\/p>\n<p><strong>5. a<\/strong><br \/>\n<span style=\"font-size: 10pt;\"><em>&#8220;&#8230;Nagyon j\u00f3l \u00e9rezt\u00fck magunkat a koncerten. Hangulatos, vid\u00e1m zen\u00e9t j\u00e1tszottak. Gy\u00f6ny\u00f6r\u0171en \u00e9nekeltek a b\u00e1csik, j\u00f3 volt a kisug\u00e1rz\u00e1suk. Az volt a legjobb, amikor egy\u00fctt \u00e9nekelt\u00fcnk. Gyuri b\u00e1csi nagyon j\u00f3l ropta \u00e9s vicces volt, hogy Levi is kiment a sz\u00ednpadra. A Boldogs\u00e1g dal volt a legjobb.&#8221;<\/em><\/span><\/p>\n<p><strong>5. b<\/strong><br \/>\n<span style=\"font-size: 10pt;\"><em>Az oszt\u00e1lyf\u0151n\u00f6k nev\u00e9ben:<\/em><\/span><br \/>\n<span style=\"font-size: 10pt;\"><em>Nagy \u00f6r\u00f6m volt ez mindannyiunknak. Felemel\u0151 \u00e9s meghat\u00f3 \u00e9rz\u00e9s volt sok id\u0151 ut\u00e1n egy\u00fctt l\u00e1tni \u00e9s hallani a gyermekeinket. Nem sz\u00e9gyellem, de \u00e9n megk\u00f6nnyeztem a boldogs\u00e1g dalt, \u00edgy hallani \u00e9s \u00e9rezni nagyon meghat\u00f3 volt. J\u00f3 volt l\u00e1tni az oszt\u00e1lyomat, miut\u00e1n felold\u00f3dtak a g\u00e1tl\u00e1saik, \u00f6nfeledten, \u00f6r\u00f6mmel \u00e9nekeltek. A dal tanul\u00e1sa sor\u00e1n nem gondolt\u00e1k, hogy mi s\u00fcl ki ebb\u0151l, s \u0151k is meglep\u0151dtek a nagyszer\u0171 \u00e9lm\u00e9nyen.<br \/>\n<\/em><em>Az el\u0151ad\u00e1s ut\u00e1n volt szerencs\u00e9m p\u00e1r sz\u00f3t v\u00e1ltani az egy\u00fcttes egyik tagj\u00e1val. L\u00e1tszott rajta a meghat\u00f3dotts\u00e1g \u00e9s a boldogs\u00e1g. Sok ilyen \u00e9lm\u00e9nyt k\u00edv\u00e1nok m\u00e9g a di\u00e1kjainknak \u00e9s nek\u00fcnk. \u0136\u00f6sz\u00f6net \u00e9rte!!! \ud83d\ude42<\/em><\/span><\/p>\n<p>&nbsp;<\/p>\n","protected":false},"excerpt":{"rendered":"<p>Az elm\u00falt \u00e9v v\u00e9g\u00e9n megkeresett benn\u00fcnket a K\u00d3TA (Magyar K\u00f3rusok, Zenekarok \u00e9s N\u00e9pzenei Egy\u00fcttesek Sz\u00f6vets\u00e9ge) \u00e9s egy\u00fcttm\u0171k\u00f6d\u00e9st aj\u00e1nlott a Hangr\u00f3l Hangra \u2013 \u00c9nekel az iskola programj\u00e1ban. E programban, a K\u00d3TA szervez\u00e9s\u00e9ben val\u00f3sul meg a Sz\u00e9lki\u00e1lt\u00f3 egy\u00fcttes tavaszi orsz\u00e1gos turn\u00e9ja, amelynek&#46;&#46;&#46;<\/p>\n","protected":false},"author":3,"featured_media":5287,"comment_status":"open","ping_status":"closed","sticky":false,"template":"","format":"standard","meta":{"footnotes":"","_links_to":"","_links_to_target":""},"categories":[53,12,4],"tags":[193,194,192,191],"class_list":["post-4228","post","type-post","status-publish","format-standard","has-post-thumbnail","hentry","category-enekelt-vers","category-irodalom-2","category-koncertek","tag-bonyhad","tag-godollo","tag-hangrol-hangra-enekel-az-iskola","tag-kota"],"rttpg_featured_image_url":{"full":["https:\/\/szelkialto.hu\/wp-content\/uploads\/sopron01.jpg",633,301,false],"landscape":["https:\/\/szelkialto.hu\/wp-content\/uploads\/sopron01.jpg",633,301,false],"portraits":["https:\/\/szelkialto.hu\/wp-content\/uploads\/sopron01.jpg",633,301,false],"thumbnail":["https:\/\/szelkialto.hu\/wp-content\/uploads\/sopron01-150x150.jpg",150,150,true],"medium":["https:\/\/szelkialto.hu\/wp-content\/uploads\/sopron01-300x143.jpg",300,143,true],"large":["https:\/\/szelkialto.hu\/wp-content\/uploads\/sopron01.jpg",633,301,false],"1536x1536":["https:\/\/szelkialto.hu\/wp-content\/uploads\/sopron01.jpg",633,301,false],"2048x2048":["https:\/\/szelkialto.hu\/wp-content\/uploads\/sopron01.jpg",633,301,false],"thumb-small":["https:\/\/szelkialto.hu\/wp-content\/uploads\/sopron01-80x80.jpg",80,80,true],"thumb-standard":["https:\/\/szelkialto.hu\/wp-content\/uploads\/sopron01-320x301.jpg",320,301,true],"thumb-medium":["https:\/\/szelkialto.hu\/wp-content\/uploads\/sopron01-520x245.jpg",520,245,true],"thumb-large":["https:\/\/szelkialto.hu\/wp-content\/uploads\/sopron01.jpg",633,301,false],"thumb-xlarge":["https:\/\/szelkialto.hu\/wp-content\/uploads\/sopron01.jpg",633,301,false],"thumb-xxlarge":["https:\/\/szelkialto.hu\/wp-content\/uploads\/sopron01.jpg",633,301,false]},"rttpg_author":{"display_name":"Fenyvesi B\u00e9la","author_link":"https:\/\/szelkialto.hu\/?author=3"},"rttpg_comment":0,"rttpg_category":"<a href=\"https:\/\/szelkialto.hu\/?cat=53\" rel=\"category\">\u00e9nekelt vers<\/a> <a href=\"https:\/\/szelkialto.hu\/?cat=12\" rel=\"category\">irodalom<\/a> <a href=\"https:\/\/szelkialto.hu\/?cat=4\" rel=\"category\">koncertek<\/a>","rttpg_excerpt":"Az elm\u00falt \u00e9v v\u00e9g\u00e9n megkeresett benn\u00fcnket a K\u00d3TA (Magyar K\u00f3rusok, Zenekarok \u00e9s N\u00e9pzenei Egy\u00fcttesek Sz\u00f6vets\u00e9ge) \u00e9s egy\u00fcttm\u0171k\u00f6d\u00e9st aj\u00e1nlott a Hangr\u00f3l Hangra \u2013 \u00c9nekel az iskola programj\u00e1ban. E programban, a K\u00d3TA szervez\u00e9s\u00e9ben val\u00f3sul meg a Sz\u00e9lki\u00e1lt\u00f3 egy\u00fcttes tavaszi orsz\u00e1gos turn\u00e9ja, amelynek&#46;&#46;&#46;","_links":{"self":[{"href":"https:\/\/szelkialto.hu\/index.php?rest_route=\/wp\/v2\/posts\/4228","targetHints":{"allow":["GET"]}}],"collection":[{"href":"https:\/\/szelkialto.hu\/index.php?rest_route=\/wp\/v2\/posts"}],"about":[{"href":"https:\/\/szelkialto.hu\/index.php?rest_route=\/wp\/v2\/types\/post"}],"author":[{"embeddable":true,"href":"https:\/\/szelkialto.hu\/index.php?rest_route=\/wp\/v2\/users\/3"}],"replies":[{"embeddable":true,"href":"https:\/\/szelkialto.hu\/index.php?rest_route=%2Fwp%2Fv2%2Fcomments&post=4228"}],"version-history":[{"count":7,"href":"https:\/\/szelkialto.hu\/index.php?rest_route=\/wp\/v2\/posts\/4228\/revisions"}],"predecessor-version":[{"id":5317,"href":"https:\/\/szelkialto.hu\/index.php?rest_route=\/wp\/v2\/posts\/4228\/revisions\/5317"}],"wp:featuredmedia":[{"embeddable":true,"href":"https:\/\/szelkialto.hu\/index.php?rest_route=\/wp\/v2\/media\/5287"}],"wp:attachment":[{"href":"https:\/\/szelkialto.hu\/index.php?rest_route=%2Fwp%2Fv2%2Fmedia&parent=4228"}],"wp:term":[{"taxonomy":"category","embeddable":true,"href":"https:\/\/szelkialto.hu\/index.php?rest_route=%2Fwp%2Fv2%2Fcategories&post=4228"},{"taxonomy":"post_tag","embeddable":true,"href":"https:\/\/szelkialto.hu\/index.php?rest_route=%2Fwp%2Fv2%2Ftags&post=4228"}],"curies":[{"name":"wp","href":"https:\/\/api.w.org\/{rel}","templated":true}]}}