{"id":4243,"date":"2022-09-12T12:47:39","date_gmt":"2022-09-12T10:47:39","guid":{"rendered":"https:\/\/szelkialto.hu\/?p=4243"},"modified":"2023-05-20T16:04:13","modified_gmt":"2023-05-20T14:04:13","slug":"kiallitas-megnyito-es-koncert-dombovaron","status":"publish","type":"post","link":"https:\/\/szelkialto.hu\/?p=4243","title":{"rendered":"Ki\u00e1ll\u00edt\u00e1s megnyit\u00f3 \u00e9s koncert Domb\u00f3v\u00e1ron"},"content":{"rendered":"<p><img loading=\"lazy\" decoding=\"async\" class=\"aligncenter size-full wp-image-4244\" src=\"https:\/\/szelkialto.hu\/wp-content\/uploads\/kigyos_plakat_dombovar.jpg\" alt=\"\" width=\"660\" height=\"928\" srcset=\"https:\/\/szelkialto.hu\/wp-content\/uploads\/kigyos_plakat_dombovar.jpg 660w, https:\/\/szelkialto.hu\/wp-content\/uploads\/kigyos_plakat_dombovar-213x300.jpg 213w\" sizes=\"auto, (max-width: 660px) 100vw, 660px\" \/><\/p>\n<p><img loading=\"lazy\" decoding=\"async\" class=\"aligncenter size-full wp-image-4245\" src=\"https:\/\/szelkialto.hu\/wp-content\/uploads\/szelkialto_plakat_dombovar.jpg\" alt=\"\" width=\"660\" height=\"933\" srcset=\"https:\/\/szelkialto.hu\/wp-content\/uploads\/szelkialto_plakat_dombovar.jpg 660w, https:\/\/szelkialto.hu\/wp-content\/uploads\/szelkialto_plakat_dombovar-212x300.jpg 212w\" sizes=\"auto, (max-width: 660px) 100vw, 660px\" \/><\/p>\n","protected":false},"excerpt":{"rendered":"","protected":false},"author":3,"featured_media":5286,"comment_status":"open","ping_status":"closed","sticky":false,"template":"","format":"standard","meta":{"footnotes":"","_links_to":"","_links_to_target":""},"categories":[53,12,4],"tags":[195,116,197,196],"class_list":["post-4243","post","type-post","status-publish","format-standard","has-post-thumbnail","hentry","category-enekelt-vers","category-irodalom-2","category-koncertek","tag-a-zene-vilagnapja","tag-dombovar","tag-kigyos-bori","tag-kigyos-sandor"],"rttpg_featured_image_url":{"full":["https:\/\/szelkialto.hu\/wp-content\/uploads\/kigyos_plakat_dombovar.02.jpg",633,301,false],"landscape":["https:\/\/szelkialto.hu\/wp-content\/uploads\/kigyos_plakat_dombovar.02.jpg",633,301,false],"portraits":["https:\/\/szelkialto.hu\/wp-content\/uploads\/kigyos_plakat_dombovar.02.jpg",633,301,false],"thumbnail":["https:\/\/szelkialto.hu\/wp-content\/uploads\/kigyos_plakat_dombovar.02-150x150.jpg",150,150,true],"medium":["https:\/\/szelkialto.hu\/wp-content\/uploads\/kigyos_plakat_dombovar.02-300x143.jpg",300,143,true],"large":["https:\/\/szelkialto.hu\/wp-content\/uploads\/kigyos_plakat_dombovar.02.jpg",633,301,false],"1536x1536":["https:\/\/szelkialto.hu\/wp-content\/uploads\/kigyos_plakat_dombovar.02.jpg",633,301,false],"2048x2048":["https:\/\/szelkialto.hu\/wp-content\/uploads\/kigyos_plakat_dombovar.02.jpg",633,301,false],"thumb-small":["https:\/\/szelkialto.hu\/wp-content\/uploads\/kigyos_plakat_dombovar.02-80x80.jpg",80,80,true],"thumb-standard":["https:\/\/szelkialto.hu\/wp-content\/uploads\/kigyos_plakat_dombovar.02-320x301.jpg",320,301,true],"thumb-medium":["https:\/\/szelkialto.hu\/wp-content\/uploads\/kigyos_plakat_dombovar.02-520x245.jpg",520,245,true],"thumb-large":["https:\/\/szelkialto.hu\/wp-content\/uploads\/kigyos_plakat_dombovar.02.jpg",633,301,false],"thumb-xlarge":["https:\/\/szelkialto.hu\/wp-content\/uploads\/kigyos_plakat_dombovar.02.jpg",633,301,false],"thumb-xxlarge":["https:\/\/szelkialto.hu\/wp-content\/uploads\/kigyos_plakat_dombovar.02.jpg",633,301,false]},"rttpg_author":{"display_name":"Fenyvesi B\u00e9la","author_link":"https:\/\/szelkialto.hu\/?author=3"},"rttpg_comment":0,"rttpg_category":"<a href=\"https:\/\/szelkialto.hu\/?cat=53\" rel=\"category\">\u00e9nekelt vers<\/a> <a href=\"https:\/\/szelkialto.hu\/?cat=12\" rel=\"category\">irodalom<\/a> <a href=\"https:\/\/szelkialto.hu\/?cat=4\" rel=\"category\">koncertek<\/a>","rttpg_excerpt":null,"_links":{"self":[{"href":"https:\/\/szelkialto.hu\/index.php?rest_route=\/wp\/v2\/posts\/4243","targetHints":{"allow":["GET"]}}],"collection":[{"href":"https:\/\/szelkialto.hu\/index.php?rest_route=\/wp\/v2\/posts"}],"about":[{"href":"https:\/\/szelkialto.hu\/index.php?rest_route=\/wp\/v2\/types\/post"}],"author":[{"embeddable":true,"href":"https:\/\/szelkialto.hu\/index.php?rest_route=\/wp\/v2\/users\/3"}],"replies":[{"embeddable":true,"href":"https:\/\/szelkialto.hu\/index.php?rest_route=%2Fwp%2Fv2%2Fcomments&post=4243"}],"version-history":[{"count":1,"href":"https:\/\/szelkialto.hu\/index.php?rest_route=\/wp\/v2\/posts\/4243\/revisions"}],"predecessor-version":[{"id":4246,"href":"https:\/\/szelkialto.hu\/index.php?rest_route=\/wp\/v2\/posts\/4243\/revisions\/4246"}],"wp:featuredmedia":[{"embeddable":true,"href":"https:\/\/szelkialto.hu\/index.php?rest_route=\/wp\/v2\/media\/5286"}],"wp:attachment":[{"href":"https:\/\/szelkialto.hu\/index.php?rest_route=%2Fwp%2Fv2%2Fmedia&parent=4243"}],"wp:term":[{"taxonomy":"category","embeddable":true,"href":"https:\/\/szelkialto.hu\/index.php?rest_route=%2Fwp%2Fv2%2Fcategories&post=4243"},{"taxonomy":"post_tag","embeddable":true,"href":"https:\/\/szelkialto.hu\/index.php?rest_route=%2Fwp%2Fv2%2Ftags&post=4243"}],"curies":[{"name":"wp","href":"https:\/\/api.w.org\/{rel}","templated":true}]}}