{"id":5206,"date":"2022-12-23T16:30:35","date_gmt":"2022-12-23T15:30:35","guid":{"rendered":"https:\/\/szelkialto.hu\/?p=5206"},"modified":"2023-05-20T19:25:57","modified_gmt":"2023-05-20T17:25:57","slug":"szep-unnepet","status":"publish","type":"post","link":"https:\/\/szelkialto.hu\/?p=5206","title":{"rendered":"Sz\u00e9p \u00fcnnepet!"},"content":{"rendered":"<p style=\"padding-left: 120px;\">Adjon Isten minden j\u00f3t, minden j\u00f3t,<br \/>\nJobb id\u0151t, mint tavaly v\u00f3t&#8217;, tavaly v\u00f3t&#8217;.<br \/>\nSok\u00a0 \u00f6r\u00f6met a h\u00e1zba, a h\u00e1zba,<br \/>\nBoldogs\u00e1got haz\u00e1nkba, haz\u00e1nkba.<\/p>\n<p style=\"padding-left: 120px;\">Adjon Isten mind jobbat, mind jobbat,<br \/>\nNe csak mindig a rosszat, a rosszat.<br \/>\nMit\u0151l f\u00e9l\u00fcnk, mentsen meg, mentsen meg,<br \/>\nAmit v\u00e1runk, legyen meg, legyen meg!<\/p>\n<p><img loading=\"lazy\" decoding=\"async\" class=\"aligncenter size-full wp-image-5205\" src=\"https:\/\/szelkialto.hu\/wp-content\/uploads\/winter02.jpg\" alt=\"\" width=\"1200\" height=\"1800\" srcset=\"https:\/\/szelkialto.hu\/wp-content\/uploads\/winter02.jpg 1200w, https:\/\/szelkialto.hu\/wp-content\/uploads\/winter02-200x300.jpg 200w, https:\/\/szelkialto.hu\/wp-content\/uploads\/winter02-683x1024.jpg 683w, https:\/\/szelkialto.hu\/wp-content\/uploads\/winter02-768x1152.jpg 768w, https:\/\/szelkialto.hu\/wp-content\/uploads\/winter02-1024x1536.jpg 1024w\" sizes=\"auto, (max-width: 1200px) 100vw, 1200px\" \/><\/p>\n","protected":false},"excerpt":{"rendered":"<p>Adjon Isten minden j\u00f3t, minden j\u00f3t, Jobb id\u0151t, mint tavaly v\u00f3t&#8217;, tavaly v\u00f3t&#8217;. Sok\u00a0 \u00f6r\u00f6met a h\u00e1zba, a h\u00e1zba, Boldogs\u00e1got haz\u00e1nkba, haz\u00e1nkba. Adjon Isten mind jobbat, mind jobbat, Ne csak mindig a rosszat, a rosszat. Mit\u0151l f\u00e9l\u00fcnk, mentsen meg, mentsen&#46;&#46;&#46;<\/p>\n","protected":false},"author":3,"featured_media":5270,"comment_status":"open","ping_status":"closed","sticky":false,"template":"","format":"standard","meta":{"footnotes":"","_links_to":"","_links_to_target":""},"categories":[53,12,88],"tags":[89,200],"class_list":["post-5206","post","type-post","status-publish","format-standard","has-post-thumbnail","hentry","category-enekelt-vers","category-irodalom-2","category-jokivansag","tag-karacsony","tag-ujev"],"rttpg_featured_image_url":{"full":["https:\/\/szelkialto.hu\/wp-content\/uploads\/winter04.jpg",633,301,false],"landscape":["https:\/\/szelkialto.hu\/wp-content\/uploads\/winter04.jpg",633,301,false],"portraits":["https:\/\/szelkialto.hu\/wp-content\/uploads\/winter04.jpg",633,301,false],"thumbnail":["https:\/\/szelkialto.hu\/wp-content\/uploads\/winter04-150x150.jpg",150,150,true],"medium":["https:\/\/szelkialto.hu\/wp-content\/uploads\/winter04-300x143.jpg",300,143,true],"large":["https:\/\/szelkialto.hu\/wp-content\/uploads\/winter04.jpg",633,301,false],"1536x1536":["https:\/\/szelkialto.hu\/wp-content\/uploads\/winter04.jpg",633,301,false],"2048x2048":["https:\/\/szelkialto.hu\/wp-content\/uploads\/winter04.jpg",633,301,false],"thumb-small":["https:\/\/szelkialto.hu\/wp-content\/uploads\/winter04-80x80.jpg",80,80,true],"thumb-standard":["https:\/\/szelkialto.hu\/wp-content\/uploads\/winter04-320x301.jpg",320,301,true],"thumb-medium":["https:\/\/szelkialto.hu\/wp-content\/uploads\/winter04-520x245.jpg",520,245,true],"thumb-large":["https:\/\/szelkialto.hu\/wp-content\/uploads\/winter04.jpg",633,301,false],"thumb-xlarge":["https:\/\/szelkialto.hu\/wp-content\/uploads\/winter04.jpg",633,301,false],"thumb-xxlarge":["https:\/\/szelkialto.hu\/wp-content\/uploads\/winter04.jpg",633,301,false]},"rttpg_author":{"display_name":"Fenyvesi B\u00e9la","author_link":"https:\/\/szelkialto.hu\/?author=3"},"rttpg_comment":0,"rttpg_category":"<a href=\"https:\/\/szelkialto.hu\/?cat=53\" rel=\"category\">\u00e9nekelt vers<\/a> <a href=\"https:\/\/szelkialto.hu\/?cat=12\" rel=\"category\">irodalom<\/a> <a href=\"https:\/\/szelkialto.hu\/?cat=88\" rel=\"category\">j\u00f3k\u00edv\u00e1ns\u00e1g<\/a>","rttpg_excerpt":"Adjon Isten minden j\u00f3t, minden j\u00f3t, Jobb id\u0151t, mint tavaly v\u00f3t&#8217;, tavaly v\u00f3t&#8217;. Sok\u00a0 \u00f6r\u00f6met a h\u00e1zba, a h\u00e1zba, Boldogs\u00e1got haz\u00e1nkba, haz\u00e1nkba. Adjon Isten mind jobbat, mind jobbat, Ne csak mindig a rosszat, a rosszat. Mit\u0151l f\u00e9l\u00fcnk, mentsen meg, mentsen&#46;&#46;&#46;","_links":{"self":[{"href":"https:\/\/szelkialto.hu\/index.php?rest_route=\/wp\/v2\/posts\/5206","targetHints":{"allow":["GET"]}}],"collection":[{"href":"https:\/\/szelkialto.hu\/index.php?rest_route=\/wp\/v2\/posts"}],"about":[{"href":"https:\/\/szelkialto.hu\/index.php?rest_route=\/wp\/v2\/types\/post"}],"author":[{"embeddable":true,"href":"https:\/\/szelkialto.hu\/index.php?rest_route=\/wp\/v2\/users\/3"}],"replies":[{"embeddable":true,"href":"https:\/\/szelkialto.hu\/index.php?rest_route=%2Fwp%2Fv2%2Fcomments&post=5206"}],"version-history":[{"count":9,"href":"https:\/\/szelkialto.hu\/index.php?rest_route=\/wp\/v2\/posts\/5206\/revisions"}],"predecessor-version":[{"id":5313,"href":"https:\/\/szelkialto.hu\/index.php?rest_route=\/wp\/v2\/posts\/5206\/revisions\/5313"}],"wp:featuredmedia":[{"embeddable":true,"href":"https:\/\/szelkialto.hu\/index.php?rest_route=\/wp\/v2\/media\/5270"}],"wp:attachment":[{"href":"https:\/\/szelkialto.hu\/index.php?rest_route=%2Fwp%2Fv2%2Fmedia&parent=5206"}],"wp:term":[{"taxonomy":"category","embeddable":true,"href":"https:\/\/szelkialto.hu\/index.php?rest_route=%2Fwp%2Fv2%2Fcategories&post=5206"},{"taxonomy":"post_tag","embeddable":true,"href":"https:\/\/szelkialto.hu\/index.php?rest_route=%2Fwp%2Fv2%2Ftags&post=5206"}],"curies":[{"name":"wp","href":"https:\/\/api.w.org\/{rel}","templated":true}]}}