{"id":5214,"date":"2023-02-02T12:11:35","date_gmt":"2023-02-02T11:11:35","guid":{"rendered":"https:\/\/szelkialto.hu\/?p=5214"},"modified":"2023-05-20T19:24:55","modified_gmt":"2023-05-20T17:24:55","slug":"petofi-200-petofi-emlekev-2023-ban","status":"publish","type":"post","link":"https:\/\/szelkialto.hu\/?p=5214","title":{"rendered":"Pet\u0151fi 200 \u2013 Eml\u00e9k\u00e9v 2023"},"content":{"rendered":"<p>200 \u00e9ve, <strong>1823. janu\u00e1r 1-j\u00e9n<\/strong> Kisk\u0151r\u00f6s\u00f6n, Petrovics Istv\u00e1n \u00e9s Hr\u00faz M\u00e1ria gyerekek\u00e9nt megsz\u00fcletett a magyar irodalom egyik legnagyobb k\u00f6lt\u0151je <strong>Pet\u0151fi S\u00e1ndor<\/strong>. Ebb\u0151l az alkalomb\u00f3l a Magyar Orsz\u00e1ggy\u0171l\u00e9s Pet\u0151fi Eml\u00e9k\u00e9vv\u00e9 nyilv\u00e1n\u00edtotta a 2023-as \u00e9vet.<\/p>\n<p><img loading=\"lazy\" decoding=\"async\" class=\"n3VNCb KAlRDb aligncenter\" src=\"https:\/\/versszinhaz.eu\/media\/k2\/items\/cache\/3a9297ca78720986dccc8a65ce802a33_XL.jpg\" alt=\"Pet\u0151fi S\u00e1ndor - Verssz\u00ednh\u00e1z - Monodr\u00e1m\u00e1k, verszenei el\u0151ad\u00e1sok\" width=\"317\" height=\"470\" data-noaft=\"1\" \/><\/p>\n<p>A k\u00f6lt\u0151, \u00e9let\u00e9nek r\u00f6vid 26 \u00e9ve alatt kimer\u00edthetetlen \u00e9s soha el nem \u00e9v\u00fcl\u0151 \u00e9letm\u0171vet hagyott h\u00e1tra, amely nem csak irodalmi szempontb\u00f3l kiemelked\u0151, hanem jelent\u0151s hat\u00e1ssal volt az elk\u00f6vetkez\u0151 id\u0151k magyar nyelv\u00e9re, t\u00f6rt\u00e9nelm\u00e9re \u00e9s politikai \u00e9let\u00e9re is. Nem csak kiv\u00e9teles k\u00f6lt\u0151 volt, hanem szabads\u00e1gharcos is, aki k\u00e9pes volt fel\u00e1ldozni \u00e9let\u00e9t a haz\u00e1j\u00e1\u00e9rt folytatott h\u00e1bor\u00faban.<\/p>\n<p>A Sz\u00e9lki\u00e1lt\u00f3 reperto\u00e1rj\u00e1n \u2013 a bicenten\u00e1riumt\u00f3l f\u00fcggetlen\u00fcl \u2013 r\u00e9g\u00f3ta szerepelnek k\u00f6ltem\u00e9nyei, nem csak k\u00f6lt\u0151i nagys\u00e1ga ok\u00e1n, hanem mert versei \u00e9l\u0151 bizony\u00edt\u00e9kai annak, hogy vers \u00e9s dallam mik\u00e9nt \u00e9lt egy\u00fctt a saj\u00e1t kor\u00e1t\u00f3l a mai napig. N\u00e9h\u00e1ny vers\u00e9t n\u00e9pdalk\u00e9nt \u00e9nekelt\u00e9k, \u00e9s \u00e9neklik ma is, gyakran nem is tudva arr\u00f3l, hogy &#8220;sz\u00f6veg\u00e9nek&#8221; szerz\u0151je Pet\u0151fi S\u00e1ndor.<\/p>\n<p>Sok \u00e9vvel ezel\u0151tt k\u00e9sz\u00edtett\u00fcnk is egy el\u0151ad\u00e1st <strong>Szabads\u00e1g, szerelem<\/strong> c\u00edmmel, amellyel els\u0151sorban az 1848-as forradalom \u00e9s szabads\u00e1gharc \u00e9vfordul\u00f3j\u00e1nak \u00e1ll\u00edtunk eml\u00e9ket, de \u2013 a kett\u0151s t\u00e9ma kapcs\u00e1n \u2013 szemezget\u00fcnk a magyar szerelmi l\u00edra gy\u00f6ngyszemeib\u0151l is.<\/p>\n<p style=\"padding-left: 120px;\">&#8220;Szabads\u00e1g, szerelem!<br \/>\nE kett\u0151 kell nekem.<br \/>\nSzerelmem\u00e9rt f\u00f6l\u00e1ldozom<br \/>\nAz \u00e9letet,<br \/>\nSzabads\u00e1g\u00e9rt f\u00f6l\u00e1ldozom<br \/>\nSzerelmemet.&#8221;<\/p>\n<p style=\"padding-left: 120px;\"><span style=\"font-size: 10pt;\"><em>Pest, 1847. janu\u00e1r 1.<\/em><\/span><\/p>\n<p>&nbsp;<\/p>\n","protected":false},"excerpt":{"rendered":"<p>200 \u00e9ve, 1823. janu\u00e1r 1-j\u00e9n Kisk\u0151r\u00f6s\u00f6n, Petrovics Istv\u00e1n \u00e9s Hr\u00faz M\u00e1ria gyerekek\u00e9nt megsz\u00fcletett a magyar irodalom egyik legnagyobb k\u00f6lt\u0151je Pet\u0151fi S\u00e1ndor. Ebb\u0151l az alkalomb\u00f3l a Magyar Orsz\u00e1ggy\u0171l\u00e9s Pet\u0151fi Eml\u00e9k\u00e9vv\u00e9 nyilv\u00e1n\u00edtotta a 2023-as \u00e9vet. A k\u00f6lt\u0151, \u00e9let\u00e9nek r\u00f6vid 26 \u00e9ve alatt&#46;&#46;&#46;<\/p>\n","protected":false},"author":3,"featured_media":5271,"comment_status":"open","ping_status":"closed","sticky":false,"template":"","format":"standard","meta":{"footnotes":"","_links_to":"","_links_to_target":""},"categories":[12,11],"tags":[201],"class_list":["post-5214","post","type-post","status-publish","format-standard","has-post-thumbnail","hentry","category-irodalom-2","category-koltok","tag-petofi-sandor"],"rttpg_featured_image_url":{"full":["https:\/\/szelkialto.hu\/wp-content\/uploads\/petofi03.jpg",633,301,false],"landscape":["https:\/\/szelkialto.hu\/wp-content\/uploads\/petofi03.jpg",633,301,false],"portraits":["https:\/\/szelkialto.hu\/wp-content\/uploads\/petofi03.jpg",633,301,false],"thumbnail":["https:\/\/szelkialto.hu\/wp-content\/uploads\/petofi03-150x150.jpg",150,150,true],"medium":["https:\/\/szelkialto.hu\/wp-content\/uploads\/petofi03-300x143.jpg",300,143,true],"large":["https:\/\/szelkialto.hu\/wp-content\/uploads\/petofi03.jpg",633,301,false],"1536x1536":["https:\/\/szelkialto.hu\/wp-content\/uploads\/petofi03.jpg",633,301,false],"2048x2048":["https:\/\/szelkialto.hu\/wp-content\/uploads\/petofi03.jpg",633,301,false],"thumb-small":["https:\/\/szelkialto.hu\/wp-content\/uploads\/petofi03-80x80.jpg",80,80,true],"thumb-standard":["https:\/\/szelkialto.hu\/wp-content\/uploads\/petofi03-320x301.jpg",320,301,true],"thumb-medium":["https:\/\/szelkialto.hu\/wp-content\/uploads\/petofi03-520x245.jpg",520,245,true],"thumb-large":["https:\/\/szelkialto.hu\/wp-content\/uploads\/petofi03.jpg",633,301,false],"thumb-xlarge":["https:\/\/szelkialto.hu\/wp-content\/uploads\/petofi03.jpg",633,301,false],"thumb-xxlarge":["https:\/\/szelkialto.hu\/wp-content\/uploads\/petofi03.jpg",633,301,false]},"rttpg_author":{"display_name":"Fenyvesi B\u00e9la","author_link":"https:\/\/szelkialto.hu\/?author=3"},"rttpg_comment":0,"rttpg_category":"<a href=\"https:\/\/szelkialto.hu\/?cat=12\" rel=\"category\">irodalom<\/a> <a href=\"https:\/\/szelkialto.hu\/?cat=11\" rel=\"category\">k\u00f6lt\u0151k<\/a>","rttpg_excerpt":"200 \u00e9ve, 1823. janu\u00e1r 1-j\u00e9n Kisk\u0151r\u00f6s\u00f6n, Petrovics Istv\u00e1n \u00e9s Hr\u00faz M\u00e1ria gyerekek\u00e9nt megsz\u00fcletett a magyar irodalom egyik legnagyobb k\u00f6lt\u0151je Pet\u0151fi S\u00e1ndor. Ebb\u0151l az alkalomb\u00f3l a Magyar Orsz\u00e1ggy\u0171l\u00e9s Pet\u0151fi Eml\u00e9k\u00e9vv\u00e9 nyilv\u00e1n\u00edtotta a 2023-as \u00e9vet. A k\u00f6lt\u0151, \u00e9let\u00e9nek r\u00f6vid 26 \u00e9ve alatt&#46;&#46;&#46;","_links":{"self":[{"href":"https:\/\/szelkialto.hu\/index.php?rest_route=\/wp\/v2\/posts\/5214","targetHints":{"allow":["GET"]}}],"collection":[{"href":"https:\/\/szelkialto.hu\/index.php?rest_route=\/wp\/v2\/posts"}],"about":[{"href":"https:\/\/szelkialto.hu\/index.php?rest_route=\/wp\/v2\/types\/post"}],"author":[{"embeddable":true,"href":"https:\/\/szelkialto.hu\/index.php?rest_route=\/wp\/v2\/users\/3"}],"replies":[{"embeddable":true,"href":"https:\/\/szelkialto.hu\/index.php?rest_route=%2Fwp%2Fv2%2Fcomments&post=5214"}],"version-history":[{"count":14,"href":"https:\/\/szelkialto.hu\/index.php?rest_route=\/wp\/v2\/posts\/5214\/revisions"}],"predecessor-version":[{"id":5312,"href":"https:\/\/szelkialto.hu\/index.php?rest_route=\/wp\/v2\/posts\/5214\/revisions\/5312"}],"wp:featuredmedia":[{"embeddable":true,"href":"https:\/\/szelkialto.hu\/index.php?rest_route=\/wp\/v2\/media\/5271"}],"wp:attachment":[{"href":"https:\/\/szelkialto.hu\/index.php?rest_route=%2Fwp%2Fv2%2Fmedia&parent=5214"}],"wp:term":[{"taxonomy":"category","embeddable":true,"href":"https:\/\/szelkialto.hu\/index.php?rest_route=%2Fwp%2Fv2%2Fcategories&post=5214"},{"taxonomy":"post_tag","embeddable":true,"href":"https:\/\/szelkialto.hu\/index.php?rest_route=%2Fwp%2Fv2%2Ftags&post=5214"}],"curies":[{"name":"wp","href":"https:\/\/api.w.org\/{rel}","templated":true}]}}