{"id":5233,"date":"2023-03-15T15:56:40","date_gmt":"2023-03-15T14:56:40","guid":{"rendered":"https:\/\/szelkialto.hu\/?p=5233"},"modified":"2023-03-15T16:02:30","modified_gmt":"2023-03-15T15:02:30","slug":"versenekmondo","status":"publish","type":"post","link":"https:\/\/szelkialto.hu\/?p=5233","title":{"rendered":"Vers\u00e9nekmond\u00f3"},"content":{"rendered":"<p><a href=\"https:\/\/www.versenekmondo.hu\"><img loading=\"lazy\" decoding=\"async\" class=\"aligncenter size-full wp-image-5236\" src=\"https:\/\/szelkialto.hu\/wp-content\/uploads\/Versenekmondo.jpg\" alt=\"\" width=\"1675\" height=\"386\" srcset=\"https:\/\/szelkialto.hu\/wp-content\/uploads\/Versenekmondo.jpg 1675w, https:\/\/szelkialto.hu\/wp-content\/uploads\/Versenekmondo-300x69.jpg 300w, https:\/\/szelkialto.hu\/wp-content\/uploads\/Versenekmondo-1024x236.jpg 1024w, https:\/\/szelkialto.hu\/wp-content\/uploads\/Versenekmondo-768x177.jpg 768w, https:\/\/szelkialto.hu\/wp-content\/uploads\/Versenekmondo-1536x354.jpg 1536w\" sizes=\"auto, (max-width: 1675px) 100vw, 1675px\" \/><\/a><\/p>\n<p><a href=\"http:\/\/www.misztral.hu\/tagok\/T%C3%B6r%C3%B6k%20M%C3%A1t%C3%A9\/4\"><strong>T\u00f6r\u00f6k M\u00e1t\u00e9<\/strong><\/a>, a <a href=\"http:\/\/www.misztral.hu\/\"><strong>Misztr\u00e1l egy\u00fcttes<\/strong><\/a> egyik alap\u00edt\u00f3 tagja l\u00e9trehozott egy <a href=\"http:\/\/www.misztral.hu\"><strong>weboldalt<\/strong><\/a> azzal a c\u00e9llal, hogy a versmegzen\u00e9s\u00edt\u00e9ssel, \u00e9nekelt versekkel, r\u00e9gizen\u00e9vel foglalkoz\u00f3 magyar zen\u00e9szek munk\u00e1ss\u00e1g\u00e1t bemutassa.<\/p>\n<p>Az oldalon a rengeteg \u00e9rdekes <a href=\"https:\/\/www.versenekmondo.hu\/elk%C3%A9sz%C3%BClt-fot%C3%B3albumok\"><strong>fot\u00f3n<\/strong><\/a> k\u00edv\u00fcl szem\u00e9lyes <a href=\"https:\/\/www.versenekmondo.hu\/besz%C3%A9lget%C3%A9sek-1\"><strong>besz\u00e9lget\u00e9sek<\/strong><\/a>, mini interj\u00fak is olvashat\u00f3k a zen\u00e9szekkel, t\u00f6bbek k\u00f6z\u00f6tt a <strong>Sz\u00e9lki\u00e1lt\u00f3<\/strong> tagjaival is.<\/p>\n<p style=\"padding-left: 40px;\"><strong><a href=\"https:\/\/www.versenekmondo.hu\/post\/fenyvesi-b%C3%A9la\">Fenyvesi B\u00e9la<\/a><\/strong><br \/>\n<a href=\"https:\/\/www.versenekmondo.hu\/post\/lakner-tam%C3%A1s\"><strong>Lakner Tam\u00e1s<\/strong><\/a><br \/>\n<a href=\"https:\/\/www.versenekmondo.hu\/post\/rozs-tam%C3%A1s\"><strong>Rozs Tam\u00e1s<\/strong><\/a><\/p>\n<p>J\u00f3 b\u00f6ng\u00e9sz\u00e9st k\u00edv\u00e1nunk!<\/p>\n","protected":false},"excerpt":{"rendered":"<p>T\u00f6r\u00f6k M\u00e1t\u00e9, a Misztr\u00e1l egy\u00fcttes egyik alap\u00edt\u00f3 tagja l\u00e9trehozott egy weboldalt azzal a c\u00e9llal, hogy a versmegzen\u00e9s\u00edt\u00e9ssel, \u00e9nekelt versekkel, r\u00e9gizen\u00e9vel foglalkoz\u00f3 magyar zen\u00e9szek munk\u00e1ss\u00e1g\u00e1t bemutassa. Az oldalon a rengeteg \u00e9rdekes fot\u00f3n k\u00edv\u00fcl szem\u00e9lyes besz\u00e9lget\u00e9sek, mini interj\u00fak is olvashat\u00f3k a zen\u00e9szekkel,&#46;&#46;&#46;<\/p>\n","protected":false},"author":3,"featured_media":5240,"comment_status":"open","ping_status":"closed","sticky":false,"template":"","format":"standard","meta":{"footnotes":"","_links_to":"","_links_to_target":""},"categories":[53,3],"tags":[23,203,202],"class_list":["post-5233","post","type-post","status-publish","format-standard","has-post-thumbnail","hentry","category-enekelt-vers","category-honlap","tag-misztral","tag-torok-mate","tag-versenekmondo"],"rttpg_featured_image_url":{"full":["https:\/\/szelkialto.hu\/wp-content\/uploads\/Versenekmondo02.jpg",633,301,false],"landscape":["https:\/\/szelkialto.hu\/wp-content\/uploads\/Versenekmondo02.jpg",633,301,false],"portraits":["https:\/\/szelkialto.hu\/wp-content\/uploads\/Versenekmondo02.jpg",633,301,false],"thumbnail":["https:\/\/szelkialto.hu\/wp-content\/uploads\/Versenekmondo02-150x150.jpg",150,150,true],"medium":["https:\/\/szelkialto.hu\/wp-content\/uploads\/Versenekmondo02-300x143.jpg",300,143,true],"large":["https:\/\/szelkialto.hu\/wp-content\/uploads\/Versenekmondo02.jpg",633,301,false],"1536x1536":["https:\/\/szelkialto.hu\/wp-content\/uploads\/Versenekmondo02.jpg",633,301,false],"2048x2048":["https:\/\/szelkialto.hu\/wp-content\/uploads\/Versenekmondo02.jpg",633,301,false],"thumb-small":["https:\/\/szelkialto.hu\/wp-content\/uploads\/Versenekmondo02-80x80.jpg",80,80,true],"thumb-standard":["https:\/\/szelkialto.hu\/wp-content\/uploads\/Versenekmondo02-320x301.jpg",320,301,true],"thumb-medium":["https:\/\/szelkialto.hu\/wp-content\/uploads\/Versenekmondo02-520x245.jpg",520,245,true],"thumb-large":["https:\/\/szelkialto.hu\/wp-content\/uploads\/Versenekmondo02.jpg",633,301,false],"thumb-xlarge":["https:\/\/szelkialto.hu\/wp-content\/uploads\/Versenekmondo02.jpg",633,301,false],"thumb-xxlarge":["https:\/\/szelkialto.hu\/wp-content\/uploads\/Versenekmondo02.jpg",633,301,false]},"rttpg_author":{"display_name":"Fenyvesi B\u00e9la","author_link":"https:\/\/szelkialto.hu\/?author=3"},"rttpg_comment":0,"rttpg_category":"<a href=\"https:\/\/szelkialto.hu\/?cat=53\" rel=\"category\">\u00e9nekelt vers<\/a> <a href=\"https:\/\/szelkialto.hu\/?cat=3\" rel=\"category\">honlap<\/a>","rttpg_excerpt":"T\u00f6r\u00f6k M\u00e1t\u00e9, a Misztr\u00e1l egy\u00fcttes egyik alap\u00edt\u00f3 tagja l\u00e9trehozott egy weboldalt azzal a c\u00e9llal, hogy a versmegzen\u00e9s\u00edt\u00e9ssel, \u00e9nekelt versekkel, r\u00e9gizen\u00e9vel foglalkoz\u00f3 magyar zen\u00e9szek munk\u00e1ss\u00e1g\u00e1t bemutassa. Az oldalon a rengeteg \u00e9rdekes fot\u00f3n k\u00edv\u00fcl szem\u00e9lyes besz\u00e9lget\u00e9sek, mini interj\u00fak is olvashat\u00f3k a zen\u00e9szekkel,&#46;&#46;&#46;","_links":{"self":[{"href":"https:\/\/szelkialto.hu\/index.php?rest_route=\/wp\/v2\/posts\/5233","targetHints":{"allow":["GET"]}}],"collection":[{"href":"https:\/\/szelkialto.hu\/index.php?rest_route=\/wp\/v2\/posts"}],"about":[{"href":"https:\/\/szelkialto.hu\/index.php?rest_route=\/wp\/v2\/types\/post"}],"author":[{"embeddable":true,"href":"https:\/\/szelkialto.hu\/index.php?rest_route=\/wp\/v2\/users\/3"}],"replies":[{"embeddable":true,"href":"https:\/\/szelkialto.hu\/index.php?rest_route=%2Fwp%2Fv2%2Fcomments&post=5233"}],"version-history":[{"count":4,"href":"https:\/\/szelkialto.hu\/index.php?rest_route=\/wp\/v2\/posts\/5233\/revisions"}],"predecessor-version":[{"id":5241,"href":"https:\/\/szelkialto.hu\/index.php?rest_route=\/wp\/v2\/posts\/5233\/revisions\/5241"}],"wp:featuredmedia":[{"embeddable":true,"href":"https:\/\/szelkialto.hu\/index.php?rest_route=\/wp\/v2\/media\/5240"}],"wp:attachment":[{"href":"https:\/\/szelkialto.hu\/index.php?rest_route=%2Fwp%2Fv2%2Fmedia&parent=5233"}],"wp:term":[{"taxonomy":"category","embeddable":true,"href":"https:\/\/szelkialto.hu\/index.php?rest_route=%2Fwp%2Fv2%2Fcategories&post=5233"},{"taxonomy":"post_tag","embeddable":true,"href":"https:\/\/szelkialto.hu\/index.php?rest_route=%2Fwp%2Fv2%2Ftags&post=5233"}],"curies":[{"name":"wp","href":"https:\/\/api.w.org\/{rel}","templated":true}]}}