{"id":5258,"date":"2023-05-19T18:01:48","date_gmt":"2023-05-19T16:01:48","guid":{"rendered":"https:\/\/szelkialto.hu\/?p=5258"},"modified":"2023-05-30T09:59:03","modified_gmt":"2023-05-30T07:59:03","slug":"m2-petofi-tv-akusztik-szelkialto-koncert","status":"publish","type":"post","link":"https:\/\/szelkialto.hu\/?p=5258","title":{"rendered":"M2 Pet\u0151fi TV Akusztik \u2013 Sz\u00e9lki\u00e1lt\u00f3 koncert"},"content":{"rendered":"<p style=\"font-weight: bold;\">Az M2 r\u00f6vid beharangoz\u00f3ja:<\/p>\n<p><iframe loading=\"lazy\" width=\"620\" height=\"349\" src=\"https:\/\/www.youtube.com\/embed\/RhNRZA2YzdY\" title=\"Az Akusztik fell\u00e9p\u0151je: Sz\u00e9lki\u00e1lt\u00f3 (Akusztik \u2013 M2 Pet\u0151fi TV \u2013 05.29.)\" frameborder=\"5\" allow=\"accelerometer; autoplay; clipboard-write; encrypted-media; gyroscope; picture-in-picture; web-share\" allowfullscreen><\/iframe><\/p>\n<p style=\"font-weight: bold;\">Sz\u00e9lki\u00e1lt\u00f3 &amp; Horv\u00e1th Korn\u00e9l &#8211; Nagy L\u00e1szl\u00f3: J\u00e1rtam \u00e9n koromban, h\u00f3ban (Akusztik \u2013 M2 Pet\u0151fi TV):<\/p>\n<p><iframe loading=\"lazy\" width=\"620\" height=\"349\" src=\"https:\/\/www.youtube.com\/embed\/X3A-RTd5zA4\" title=\"Akusztik \u2013 Sz\u00e9lki\u00e1lt\u00f3 &amp; Horv\u00e1th Korn\u00e9l - J\u00e1rtam \u00e9n koromban, h\u00f3ban (Akusztik \u2013 M2 Pet\u0151fi TV)\" frameborder=\"0\" allow=\"accelerometer; autoplay; clipboard-write; encrypted-media; gyroscope; picture-in-picture; web-share\" allowfullscreen><\/iframe><\/p>\n<p style=\"font-weight: bold;\">Sz\u00e9lki\u00e1lt\u00f3 &#8211; Bert\u00f3k L\u00e1szl\u00f3: Boldogs\u00e1g-dal (Akusztik \u2013 M2 Pet\u0151fi TV):<\/p>\n<p><iframe loading=\"lazy\" width=\"620\" height=\"349\" src=\"https:\/\/www.youtube.com\/embed\/Ius4tSAlub4\" title=\"Akusztik \u2013 Sz\u00e9lki\u00e1lt\u00f3 - Boldogs\u00e1g-dal (Akusztik \u2013 M2 Pet\u0151fi TV)\" frameborder=\"0\" allow=\"accelerometer; autoplay; clipboard-write; encrypted-media; gyroscope; picture-in-picture; web-share\" allowfullscreen><\/iframe><\/p>\n<p style=\"font-weight: bold;\">Sz\u00e9lki\u00e1lt\u00f3 &amp; Horv\u00e1th Korn\u00e9l &#8211; We\u00f6res S\u00e1ndor: Rock and roll (Akusztik \u2013 M2 Pet\u0151fi TV):<\/p>\n<p><iframe loading=\"lazy\" width=\"620\" height=\"349\" src=\"https:\/\/www.youtube.com\/embed\/AfFde2So7a0\" title=\"Akusztik \u2013 Sz\u00e9lki\u00e1lt\u00f3 &amp; Horv\u00e1th Korn\u00e9l - Rock and Roll (Akusztik \u2013 M2 Pet\u0151fi TV)\" frameborder=\"0\" allow=\"accelerometer; autoplay; clipboard-write; encrypted-media; gyroscope; picture-in-picture; web-share\" allowfullscreen><\/iframe><\/p>\n<p>2023. \u00e1prilis v\u00e9g\u00e9re megh\u00edv\u00e1st kaptunk az <strong>A38<\/strong>-as haj\u00f3ra egy koncert felv\u00e9telre az <strong>M2 Pet\u0151fi TV Akusztik<\/strong> sorozat\u00e1nak keret\u00e9ben. Nagy \u00f6r\u00f6m\u00fcnkre \u2013 vend\u00e9gm\u0171v\u00e9szk\u00e9nt \u2013 elfogadta megh\u00edv\u00e1sunkat a koncertre <strong>Horv\u00e1th Korn\u00e9l<\/strong> Kossuth- \u00e9s Prima d\u00edjas \u00fct\u0151hangszeres m\u0171v\u00e9sz.<\/p>\n<p><img loading=\"lazy\" decoding=\"async\" class=\"aligncenter size-full wp-image-5259\" src=\"https:\/\/szelkialto.hu\/wp-content\/uploads\/akusztik01.jpg\" alt=\"\" width=\"800\" height=\"434\" srcset=\"https:\/\/szelkialto.hu\/wp-content\/uploads\/akusztik01.jpg 800w, https:\/\/szelkialto.hu\/wp-content\/uploads\/akusztik01-300x163.jpg 300w, https:\/\/szelkialto.hu\/wp-content\/uploads\/akusztik01-768x417.jpg 768w\" sizes=\"auto, (max-width: 800px) 100vw, 800px\" \/><\/p>\n<p>A teljes felv\u00e9tel <strong>2023. m\u00e1jus 28-\u00e1n 21:00<\/strong> \u00f3rakor ker\u00fcl ad\u00e1sba a <strong>Pet\u0151fi R\u00e1di\u00f3ban<\/strong>, <strong>2023. m\u00e1jus 29-\u00e9n 21:15<\/strong>-kor pedig az <strong>M2 Pet\u0151fi TV<\/strong>-ben vet\u00edtik le a teljes filmet.<\/p>\n<p><img loading=\"lazy\" decoding=\"async\" class=\"aligncenter size-full wp-image-5260\" src=\"https:\/\/szelkialto.hu\/wp-content\/uploads\/akusztik02.jpg\" alt=\"\" width=\"800\" height=\"441\" srcset=\"https:\/\/szelkialto.hu\/wp-content\/uploads\/akusztik02.jpg 800w, https:\/\/szelkialto.hu\/wp-content\/uploads\/akusztik02-300x165.jpg 300w, https:\/\/szelkialto.hu\/wp-content\/uploads\/akusztik02-768x423.jpg 768w\" sizes=\"auto, (max-width: 800px) 100vw, 800px\" \/><\/p>\n<p>Mindenkit v\u00e1runk a r\u00e1di\u00f3k \u00e9s a telev\u00edzi\u00f3k el\u0151tt a koncertre <strong>P\u00fcnk\u00f6sd \u00fcnnep\u00e9n<\/strong>.<\/p>\n<p><img loading=\"lazy\" decoding=\"async\" class=\"aligncenter size-full wp-image-5278\" src=\"https:\/\/szelkialto.hu\/wp-content\/uploads\/akusztik06.jpg\" alt=\"\" width=\"800\" height=\"441\" srcset=\"https:\/\/szelkialto.hu\/wp-content\/uploads\/akusztik06.jpg 800w, https:\/\/szelkialto.hu\/wp-content\/uploads\/akusztik06-300x165.jpg 300w, https:\/\/szelkialto.hu\/wp-content\/uploads\/akusztik06-768x423.jpg 768w\" sizes=\"auto, (max-width: 800px) 100vw, 800px\" \/><\/p>\n<p>&nbsp;<\/p>\n","protected":false},"excerpt":{"rendered":"<p>Az M2 r\u00f6vid beharangoz\u00f3ja: Sz\u00e9lki\u00e1lt\u00f3 &amp; Horv\u00e1th Korn\u00e9l &#8211; Nagy L\u00e1szl\u00f3: J\u00e1rtam \u00e9n koromban, h\u00f3ban (Akusztik \u2013 M2 Pet\u0151fi TV): Sz\u00e9lki\u00e1lt\u00f3 &#8211; Bert\u00f3k L\u00e1szl\u00f3: Boldogs\u00e1g-dal (Akusztik \u2013 M2 Pet\u0151fi TV): Sz\u00e9lki\u00e1lt\u00f3 &amp; Horv\u00e1th Korn\u00e9l &#8211; We\u00f6res S\u00e1ndor: Rock and roll&#46;&#46;&#46;<\/p>\n","protected":false},"author":3,"featured_media":5268,"comment_status":"open","ping_status":"closed","sticky":false,"template":"","format":"standard","meta":{"footnotes":"","_links_to":"","_links_to_target":""},"categories":[53,12,4,13],"tags":[205,206,207],"class_list":["post-5258","post","type-post","status-publish","format-standard","has-post-thumbnail","hentry","category-enekelt-vers","category-irodalom-2","category-koncertek","category-tv","tag-akusztik","tag-m2-petofi-tv","tag-mr2-petofi-radio"],"rttpg_featured_image_url":{"full":["https:\/\/szelkialto.hu\/wp-content\/uploads\/akusztik04.jpg",633,301,false],"landscape":["https:\/\/szelkialto.hu\/wp-content\/uploads\/akusztik04.jpg",633,301,false],"portraits":["https:\/\/szelkialto.hu\/wp-content\/uploads\/akusztik04.jpg",633,301,false],"thumbnail":["https:\/\/szelkialto.hu\/wp-content\/uploads\/akusztik04-150x150.jpg",150,150,true],"medium":["https:\/\/szelkialto.hu\/wp-content\/uploads\/akusztik04-300x143.jpg",300,143,true],"large":["https:\/\/szelkialto.hu\/wp-content\/uploads\/akusztik04.jpg",633,301,false],"1536x1536":["https:\/\/szelkialto.hu\/wp-content\/uploads\/akusztik04.jpg",633,301,false],"2048x2048":["https:\/\/szelkialto.hu\/wp-content\/uploads\/akusztik04.jpg",633,301,false],"thumb-small":["https:\/\/szelkialto.hu\/wp-content\/uploads\/akusztik04-80x80.jpg",80,80,true],"thumb-standard":["https:\/\/szelkialto.hu\/wp-content\/uploads\/akusztik04-320x301.jpg",320,301,true],"thumb-medium":["https:\/\/szelkialto.hu\/wp-content\/uploads\/akusztik04-520x245.jpg",520,245,true],"thumb-large":["https:\/\/szelkialto.hu\/wp-content\/uploads\/akusztik04.jpg",633,301,false],"thumb-xlarge":["https:\/\/szelkialto.hu\/wp-content\/uploads\/akusztik04.jpg",633,301,false],"thumb-xxlarge":["https:\/\/szelkialto.hu\/wp-content\/uploads\/akusztik04.jpg",633,301,false]},"rttpg_author":{"display_name":"Fenyvesi B\u00e9la","author_link":"https:\/\/szelkialto.hu\/?author=3"},"rttpg_comment":0,"rttpg_category":"<a href=\"https:\/\/szelkialto.hu\/?cat=53\" rel=\"category\">\u00e9nekelt vers<\/a> <a href=\"https:\/\/szelkialto.hu\/?cat=12\" rel=\"category\">irodalom<\/a> <a href=\"https:\/\/szelkialto.hu\/?cat=4\" rel=\"category\">koncertek<\/a> <a href=\"https:\/\/szelkialto.hu\/?cat=13\" rel=\"category\">telev\u00edzi\u00f3<\/a>","rttpg_excerpt":"Az M2 r\u00f6vid beharangoz\u00f3ja: Sz\u00e9lki\u00e1lt\u00f3 &amp; Horv\u00e1th Korn\u00e9l &#8211; Nagy L\u00e1szl\u00f3: J\u00e1rtam \u00e9n koromban, h\u00f3ban (Akusztik \u2013 M2 Pet\u0151fi TV): Sz\u00e9lki\u00e1lt\u00f3 &#8211; Bert\u00f3k L\u00e1szl\u00f3: Boldogs\u00e1g-dal (Akusztik \u2013 M2 Pet\u0151fi TV): Sz\u00e9lki\u00e1lt\u00f3 &amp; Horv\u00e1th Korn\u00e9l &#8211; We\u00f6res S\u00e1ndor: Rock and roll&#46;&#46;&#46;","_links":{"self":[{"href":"https:\/\/szelkialto.hu\/index.php?rest_route=\/wp\/v2\/posts\/5258","targetHints":{"allow":["GET"]}}],"collection":[{"href":"https:\/\/szelkialto.hu\/index.php?rest_route=\/wp\/v2\/posts"}],"about":[{"href":"https:\/\/szelkialto.hu\/index.php?rest_route=\/wp\/v2\/types\/post"}],"author":[{"embeddable":true,"href":"https:\/\/szelkialto.hu\/index.php?rest_route=\/wp\/v2\/users\/3"}],"replies":[{"embeddable":true,"href":"https:\/\/szelkialto.hu\/index.php?rest_route=%2Fwp%2Fv2%2Fcomments&post=5258"}],"version-history":[{"count":22,"href":"https:\/\/szelkialto.hu\/index.php?rest_route=\/wp\/v2\/posts\/5258\/revisions"}],"predecessor-version":[{"id":5333,"href":"https:\/\/szelkialto.hu\/index.php?rest_route=\/wp\/v2\/posts\/5258\/revisions\/5333"}],"wp:featuredmedia":[{"embeddable":true,"href":"https:\/\/szelkialto.hu\/index.php?rest_route=\/wp\/v2\/media\/5268"}],"wp:attachment":[{"href":"https:\/\/szelkialto.hu\/index.php?rest_route=%2Fwp%2Fv2%2Fmedia&parent=5258"}],"wp:term":[{"taxonomy":"category","embeddable":true,"href":"https:\/\/szelkialto.hu\/index.php?rest_route=%2Fwp%2Fv2%2Fcategories&post=5258"},{"taxonomy":"post_tag","embeddable":true,"href":"https:\/\/szelkialto.hu\/index.php?rest_route=%2Fwp%2Fv2%2Ftags&post=5258"}],"curies":[{"name":"wp","href":"https:\/\/api.w.org\/{rel}","templated":true}]}}