{"id":5336,"date":"2023-06-14T17:15:08","date_gmt":"2023-06-14T15:15:08","guid":{"rendered":"https:\/\/szelkialto.hu\/?p=5336"},"modified":"2023-06-14T17:31:05","modified_gmt":"2023-06-14T15:31:05","slug":"i-bordalnok-enekverseny","status":"publish","type":"post","link":"https:\/\/szelkialto.hu\/?p=5336","title":{"rendered":"I. BORDALNOK \u00c9NEKVERSENY"},"content":{"rendered":"<p>&nbsp;<\/p>\n<table style=\"border-collapse: collapse; width: 100%;\">\n<tbody>\n<tr>\n<td style=\"width: 50%;\"><img loading=\"lazy\" decoding=\"async\" class=\"aligncenter wp-image-5340 size-medium\" src=\"https:\/\/szelkialto.hu\/wp-content\/uploads\/MOL_Uj_Europa_Alapitvany-300x153.png\" alt=\"\" width=\"300\" height=\"153\" srcset=\"https:\/\/szelkialto.hu\/wp-content\/uploads\/MOL_Uj_Europa_Alapitvany-300x153.png 300w, https:\/\/szelkialto.hu\/wp-content\/uploads\/MOL_Uj_Europa_Alapitvany.png 600w\" sizes=\"auto, (max-width: 300px) 100vw, 300px\" \/><\/td>\n<td style=\"width: 50%;\"><img loading=\"lazy\" decoding=\"async\" class=\"aligncenter wp-image-5341 size-medium\" src=\"https:\/\/szelkialto.hu\/wp-content\/uploads\/Bartok_Bela_Ferfikar-300x153.jpg\" alt=\"\" width=\"300\" height=\"153\" srcset=\"https:\/\/szelkialto.hu\/wp-content\/uploads\/Bartok_Bela_Ferfikar-300x153.jpg 300w, https:\/\/szelkialto.hu\/wp-content\/uploads\/Bartok_Bela_Ferfikar.jpg 600w\" sizes=\"auto, (max-width: 300px) 100vw, 300px\" \/><\/td>\n<\/tr>\n<\/tbody>\n<\/table>\n<p style=\"text-align: center;\"><span style=\"font-size: 14pt;\"><strong>I. BORDALNOK \u00c9NEKVERSENY \u2013 P\u00e9cs-Vill\u00e1ny<\/strong><\/span><\/p>\n<p style=\"text-align: center;\">Tehets\u00e9g gondoz\u00f3 program, mely megrendez\u00e9sre ker\u00fcl a<br \/>\n<span style=\"font-size: 14pt;\"><strong>MOL \u00daJ EUROPA ALAPITV\u00c1NY<\/strong> T\u00c1MOGAT\u00c1S\u00c1VAL <\/span><br \/>\n<span style=\"font-size: 14pt;\"><strong>A P\u00c9CSI F\u00c9RFIKAR ALAP\u00cdTV\u00c1NY<\/strong> SZERVEZ\u00c9S\u00c9BEN<\/span><\/p>\n<p>A sz\u0151l\u0151 \u00e9s a bor emberi civiliz\u00e1ci\u00f3t alak\u00edt\u00f3 hat\u00e1sa, kultur\u00e1lis jelent\u0151s\u00e9ge \u00e9s mint a m\u0171v\u00e9szetek mindig \u00faj\u00edt\u00f3 ihlet\u0151je t\u00f6bb \u00e9vezredes hagyom\u00e1nyban gy\u00f6kerezik. A bor szellemi k\u00e9pnek kiteljesed\u00e9s\u00e9hez a m\u0171v\u00e9szet elengedhetetlen t\u00e9nyez\u0151. Tapasztalatok szerint els\u0151sorban az id\u0151sebb koroszt\u00e1ly \u00e9nekel bordalokat. C\u00e9lunk a fiatalok megsz\u00f3l\u00edt\u00e1sa \u00e9s a bordal\u00e9nekl\u00e9s hagyom\u00e1ny\u00e1nak min\u00e9l magasabb sz\u00ednvonal\u00fa \u00e1pol\u00e1sa.<\/p>\n<p><strong>A verseny ki\u00edr\u00e1sa:<\/strong><\/p>\n<p style=\"padding-left: 40px;\">A versenyen r\u00e9szt vehetnek 18-30 \u00e9v k\u00f6z\u00f6tti \u00e9nekesek a k\u00f6vetkez\u0151 kateg\u00f3ri\u00e1kban:<\/p>\n<ol>\n<li style=\"list-style-type: none;\">\n<ol>\n<li><strong>N\u00c9PDAL \u2013 N\u00c9PIES M\u0170DAL<\/strong><\/li>\n<li><strong>OPERETT \u2013 OPERA \u2013 MUSICAL<\/strong><br \/>\nA g\u00e1lakoncertre bejutott gy\u0151ztesek a Pannon Filharmonikusok k\u00f6zrem\u0171k\u00f6d\u00e9s\u00e9vel a k\u00f6vetkez\u0151 zenem\u0171vek el\u0151ad\u00e1s k\u00f6z\u00fcl v\u00e1laszthatnak:<br \/>\nSzirmai Albert: M\u00e1gn\u00e1s Miska \u2013 Cint\u00e1ny\u00e9ros cudar vil\u00e1g<br \/>\nGiuseppe Verdi: Traviata \u2013 Brindisi<br \/>\nBock-Harnick: Heged\u0171s a h\u00e1ztet\u0151n \u2013 To life<\/li>\n<li><strong>VIL\u00c1GZENE (\u00c9NEKELT VERS)<\/strong><\/li>\n<\/ol>\n<\/li>\n<\/ol>\n<p>A versenyz\u0151k csak egy kateg\u00f3ri\u00e1ba nevezhetnek k\u00e9t bordallal, melyek id\u0151tartama nem haladhatja meg a 8 percet.<br \/>\nA hangszerk\u00eds\u00e9retet (zongora) ig\u00e9ny szerint a szervez\u0151k biztos\u00edtanak. Egy\u00e9b hangszerk\u00eds\u00e9retr\u0151l a versenyz\u0151nek kell gondoskodnia! K\u00eds\u00e9retk\u00e9nt el\u0151re r\u00f6gz\u00edtett felv\u00e9tel nem haszn\u00e1lhat\u00f3!<\/p>\n<p><strong>A kateg\u00f3ri\u00e1k d\u00edjaz\u00e1sa:<\/strong><\/p>\n<p style=\"padding-left: 40px;\">\u00a0 I. helyezett 200.000 Ft<br \/>\n\u00a0II. helyezett 150.000 Ft<br \/>\nIII. helyezett 100.000 Ft<\/p>\n<p><strong>K\u00fcl\u00f6nd\u00edj:<\/strong><\/p>\n<p style=\"padding-left: 40px;\">27. Eur\u00f3pai Bordalfesztiv\u00e1l G\u00e1lakoncert \u2013 k\u00f6z\u00f6ns\u00e9g d\u00edj, 100.000 Ft \u00e9rt\u00e9k\u0171 Vill\u00e1nyi Franc Top 12 borcsomag<\/p>\n<p>A zs\u0171ri d\u00f6nthet egy\u00e9b k\u00fcl\u00f6nd\u00edjak kiad\u00e1s\u00e1r\u00f3l vagy arr\u00f3l, hogy valamelyik d\u00edjat nem adja ki. A zs\u0171ri d\u00f6nt\u00e9se v\u00e9gleges \u00e9s nem megfellebbezhet\u0151.<\/p>\n<p><strong>A zs\u0171ri tagjai:<\/strong><\/p>\n<p style=\"padding-left: 40px;\"><strong>Mikl\u00f3sa Erika<\/strong>, Kossuth-d\u00edjas opera\u00e9nekes<br \/>\n<strong>Horv\u00e1th Istv\u00e1n<\/strong> Sim\u00e1ndy-d\u00edjas opera\u00e9nekes<br \/>\n<strong>Prof. dr. Lakner Tam\u00e1s<\/strong> Liszt-d\u00edjas karnagy<\/p>\n<p>Jelentkez\u00e9si hat\u00e1rid\u0151: 2023. j\u00fanius 30.<br \/>\nA jelentkez\u00e9s m\u00f3dja: Az el\u0151zetes v\u00e1logat\u00e1shoz a jelentkez\u00e9si lapot \u00e9s max. 5 perces mp3 hangfelv\u00e9telt a k\u00f6vetkez\u0151 e-mail c\u00edmre sz\u00fcks\u00e9ges bek\u00fcldeni hat\u00e1rid\u0151ig: peferalap@gmail.com<\/p>\n<p>A versenyz\u0151k 2023. j\u00falius 31-ig kapnak \u00e9rtes\u00edt\u00e9st a d\u00f6nt\u00e9sr\u0151l.<br \/>\nA versenyz\u0151k sz\u00e1ll\u00e1s \u00e9s \u00e9tkez\u00e9si k\u00f6lts\u00e9g\u00e9t a szervez\u0151k biztos\u00edtj\u00e1k.<\/p>\n<p>A verseny \u00e9s a hozz\u00e1 kapcsol\u00f3d\u00f3 koncertek a 30. \u00e9vfordul\u00f3j\u00e1t \u00fcnnepl\u0151 Eur\u00f3pai Bordalfesztiv\u00e1l keret\u00e9ben ker\u00fcl megrendez\u00e9sre 2023. szeptember 22-24 k\u00f6z\u00f6tt P\u00e9csett \u00e9s Vill\u00e1nyban.<\/p>\n<p>A fell\u00e9p\u0151 k\u00f3rusok a h\u00e1zigazda Bart\u00f3k B\u00e9la F\u00e9rfikar mellett Olaszorsz\u00e1gb\u00f3l, Szlov\u00e1ki\u00e1b\u00f3l, Szlov\u00e9ni\u00e1b\u00f3l, Sv\u00e9dorsz\u00e1gb\u00f3l, \u00e9rkeznek, akikkel k\u00f6z\u00f6s fell\u00e9p\u00e9seken vesznek r\u00e9szt a Pannon Filharmonikusokkal \u00e9s a Zeng\u0151 Egy\u00fcttessel.<\/p>\n<p><strong>A verseny \u00e9s a koncertek programja:<\/strong><\/p>\n<p style=\"padding-left: 40px;\"><strong>Szeptember 21. cs\u00fct\u00f6rt\u00f6k<\/strong><\/p>\n<p style=\"padding-left: 80px;\">14:00 \u00f3r\u00e1t\u00f3l \u00e9rkez\u00e9s, sz\u00e1ll\u00e1s elfoglal\u00e1sa<br \/>\nD\u00e9lut\u00e1n zongor\u00e1s pr\u00f3ba lehet\u0151s\u00e9g<\/p>\n<p style=\"padding-left: 40px;\"><strong>Szeptember 22. p\u00e9ntek<\/strong><\/p>\n<p style=\"padding-left: 80px;\"><strong>PTE M\u0171v\u00e9szeti Kar Liszt Ferenc Hangversenyterem<\/strong><br \/>\n10.00-14.00 Bordalnok verseny<br \/>\n18.00 A versenyz\u0151k fell\u00e9p\u00e9se a 26. Eur\u00f3pai Bordalfesztiv\u00e1l pincekoncertjein Vill\u00e1nyban.<\/p>\n<p style=\"padding-left: 40px;\"><strong>Szeptember 23. szombat<\/strong><\/p>\n<p style=\"padding-left: 80px;\"><strong>Kod\u00e1ly K\u00f6zpont, P\u00e9cs<\/strong><br \/>\n19.00 G\u00e1lakoncert<br \/>\nA g\u00e1lakoncertre bejutott gy\u0151ztesek a Pannon Filharmonikusok k\u00f6zrem\u0171k\u00f6d\u00e9s\u00e9vel a k\u00f6vetkez\u0151 zenem\u0171vek el\u0151ad\u00e1s k\u00f6z\u00fcl v\u00e1laszthatnak: Szirmai Albert: M\u00e1gn\u00e1s Miska \u2013 Cint\u00e1ny\u00e9ros cudar vil\u00e1g, Giuseppe Verdi: Traviata- Brindisi, Bock- Harnick: Heged\u0171s a h\u00e1ztet\u0151n \u2013 To life.<\/p>\n<p style=\"padding-left: 40px;\"><strong>Szeptember 24. vas\u00e1rnap<\/strong><\/p>\n<p style=\"padding-left: 80px;\"><strong>P\u00e9cs \u2013 Sz\u00e9chenyi t\u00e9r<\/strong><br \/>\n15.00 Bor \u00e9s Dal \u00dcnnepe<br \/>\nA zs\u0171ri \u00e1ltal kiv\u00e1lasztott \u00e9nekesek fell\u00e9p\u00e9se a fesztiv\u00e1l r\u00e9sztvev\u0151ivel egy\u00fctt.<\/p>\n<p>A Bordalnok \u00c9nekverseny szervez\u0151i gondoskodnak a d\u00edjazottak tov\u00e1bbi t\u00e1mogat\u00e1s\u00e1r\u00f3l. <br \/>\nFell\u00e9p\u00e9seket biztos\u00edtanak a Vill\u00e1ny\u2013Sikl\u00f3si Bor\u00fat al\u00e1bbi rendezv\u00e9nyein:<\/p>\n<p style=\"padding-left: 40px;\">Vill\u00e1nyi V\u00f6r\u00f6sbor Fesztiv\u00e1l<br \/>\nM\u00e1rton Napi Rendezv\u00e9nyek<br \/>\nVince Napi Rendezv\u00e9nyek<br \/>\nP\u00e9ntek akkor Vill\u00e1ny<br \/>\nBorzsong\u00e1s<br \/>\nRoze Maraton<\/p>\n<p>A verseny \u00e9vente visszat\u00e9r\u0151en az Eur\u00f3pai Bordalfesztiv\u00e1lokon ker\u00fcl megrendez\u00e9sre.<\/p>\n<p><strong>Tov\u00e1bbi inform\u00e1ci\u00f3k<\/strong><\/p>\n<p style=\"padding-left: 40px;\">Szakmai k\u00e9rd\u00e9sekben: <br \/>\nProf. Dr. Lakner Tam\u00e1s +36 30\u00a0994 6380; violin.tamas@gmail.com<\/p>\n<p style=\"padding-left: 40px;\">Adminisztrat\u00edv k\u00e9rd\u00e9sekben: <br \/>\nHoffner Tibor +30 20\u00a0469 9336; peferalap@gmail.com<\/p>\n","protected":false},"excerpt":{"rendered":"<p>&nbsp; I. BORDALNOK \u00c9NEKVERSENY \u2013 P\u00e9cs-Vill\u00e1ny Tehets\u00e9g gondoz\u00f3 program, mely megrendez\u00e9sre ker\u00fcl a MOL \u00daJ EUROPA ALAPITV\u00c1NY T\u00c1MOGAT\u00c1S\u00c1VAL A P\u00c9CSI F\u00c9RFIKAR ALAP\u00cdTV\u00c1NY SZERVEZ\u00c9S\u00c9BEN A sz\u0151l\u0151 \u00e9s a bor emberi civiliz\u00e1ci\u00f3t alak\u00edt\u00f3 hat\u00e1sa, kultur\u00e1lis jelent\u0151s\u00e9ge \u00e9s mint a m\u0171v\u00e9szetek mindig \u00faj\u00edt\u00f3&#46;&#46;&#46;<\/p>\n","protected":false},"author":3,"featured_media":5344,"comment_status":"open","ping_status":"closed","sticky":false,"template":"","format":"standard","meta":{"footnotes":"","_links_to":"","_links_to_target":""},"categories":[54],"tags":[208,210,209,211],"class_list":["post-5336","post","type-post","status-publish","format-standard","has-post-thumbnail","hentry","category-fesztival","tag-bordalnok-enekverseny","tag-horvath-istvan","tag-miklosa-erika","tag-prof-dr-lakner-tamas"],"rttpg_featured_image_url":{"full":["https:\/\/szelkialto.hu\/wp-content\/uploads\/Bartok_Bela_Ferfikar.02.jpg",633,301,false],"landscape":["https:\/\/szelkialto.hu\/wp-content\/uploads\/Bartok_Bela_Ferfikar.02.jpg",633,301,false],"portraits":["https:\/\/szelkialto.hu\/wp-content\/uploads\/Bartok_Bela_Ferfikar.02.jpg",633,301,false],"thumbnail":["https:\/\/szelkialto.hu\/wp-content\/uploads\/Bartok_Bela_Ferfikar.02-150x150.jpg",150,150,true],"medium":["https:\/\/szelkialto.hu\/wp-content\/uploads\/Bartok_Bela_Ferfikar.02-300x143.jpg",300,143,true],"large":["https:\/\/szelkialto.hu\/wp-content\/uploads\/Bartok_Bela_Ferfikar.02.jpg",633,301,false],"1536x1536":["https:\/\/szelkialto.hu\/wp-content\/uploads\/Bartok_Bela_Ferfikar.02.jpg",633,301,false],"2048x2048":["https:\/\/szelkialto.hu\/wp-content\/uploads\/Bartok_Bela_Ferfikar.02.jpg",633,301,false],"thumb-small":["https:\/\/szelkialto.hu\/wp-content\/uploads\/Bartok_Bela_Ferfikar.02-80x80.jpg",80,80,true],"thumb-standard":["https:\/\/szelkialto.hu\/wp-content\/uploads\/Bartok_Bela_Ferfikar.02-320x301.jpg",320,301,true],"thumb-medium":["https:\/\/szelkialto.hu\/wp-content\/uploads\/Bartok_Bela_Ferfikar.02-520x245.jpg",520,245,true],"thumb-large":["https:\/\/szelkialto.hu\/wp-content\/uploads\/Bartok_Bela_Ferfikar.02.jpg",633,301,false],"thumb-xlarge":["https:\/\/szelkialto.hu\/wp-content\/uploads\/Bartok_Bela_Ferfikar.02.jpg",633,301,false],"thumb-xxlarge":["https:\/\/szelkialto.hu\/wp-content\/uploads\/Bartok_Bela_Ferfikar.02.jpg",633,301,false]},"rttpg_author":{"display_name":"Fenyvesi B\u00e9la","author_link":"https:\/\/szelkialto.hu\/?author=3"},"rttpg_comment":0,"rttpg_category":"<a href=\"https:\/\/szelkialto.hu\/?cat=54\" rel=\"category\">fesztiv\u00e1l<\/a>","rttpg_excerpt":"&nbsp; I. BORDALNOK \u00c9NEKVERSENY \u2013 P\u00e9cs-Vill\u00e1ny Tehets\u00e9g gondoz\u00f3 program, mely megrendez\u00e9sre ker\u00fcl a MOL \u00daJ EUROPA ALAPITV\u00c1NY T\u00c1MOGAT\u00c1S\u00c1VAL A P\u00c9CSI F\u00c9RFIKAR ALAP\u00cdTV\u00c1NY SZERVEZ\u00c9S\u00c9BEN A sz\u0151l\u0151 \u00e9s a bor emberi civiliz\u00e1ci\u00f3t alak\u00edt\u00f3 hat\u00e1sa, kultur\u00e1lis jelent\u0151s\u00e9ge \u00e9s mint a m\u0171v\u00e9szetek mindig \u00faj\u00edt\u00f3&#46;&#46;&#46;","_links":{"self":[{"href":"https:\/\/szelkialto.hu\/index.php?rest_route=\/wp\/v2\/posts\/5336","targetHints":{"allow":["GET"]}}],"collection":[{"href":"https:\/\/szelkialto.hu\/index.php?rest_route=\/wp\/v2\/posts"}],"about":[{"href":"https:\/\/szelkialto.hu\/index.php?rest_route=\/wp\/v2\/types\/post"}],"author":[{"embeddable":true,"href":"https:\/\/szelkialto.hu\/index.php?rest_route=\/wp\/v2\/users\/3"}],"replies":[{"embeddable":true,"href":"https:\/\/szelkialto.hu\/index.php?rest_route=%2Fwp%2Fv2%2Fcomments&post=5336"}],"version-history":[{"count":7,"href":"https:\/\/szelkialto.hu\/index.php?rest_route=\/wp\/v2\/posts\/5336\/revisions"}],"predecessor-version":[{"id":5347,"href":"https:\/\/szelkialto.hu\/index.php?rest_route=\/wp\/v2\/posts\/5336\/revisions\/5347"}],"wp:featuredmedia":[{"embeddable":true,"href":"https:\/\/szelkialto.hu\/index.php?rest_route=\/wp\/v2\/media\/5344"}],"wp:attachment":[{"href":"https:\/\/szelkialto.hu\/index.php?rest_route=%2Fwp%2Fv2%2Fmedia&parent=5336"}],"wp:term":[{"taxonomy":"category","embeddable":true,"href":"https:\/\/szelkialto.hu\/index.php?rest_route=%2Fwp%2Fv2%2Fcategories&post=5336"},{"taxonomy":"post_tag","embeddable":true,"href":"https:\/\/szelkialto.hu\/index.php?rest_route=%2Fwp%2Fv2%2Ftags&post=5336"}],"curies":[{"name":"wp","href":"https:\/\/api.w.org\/{rel}","templated":true}]}}