{"id":5395,"date":"2024-04-11T08:47:09","date_gmt":"2024-04-11T06:47:09","guid":{"rendered":"https:\/\/szelkialto.hu\/?p=5395"},"modified":"2024-05-08T10:51:49","modified_gmt":"2024-05-08T08:51:49","slug":"a-kolteszet-napja-pecs-2014-04-11","status":"publish","type":"post","link":"https:\/\/szelkialto.hu\/?p=5395","title":{"rendered":"A K\u00f6lt\u00e9szet Napja \u2013 P\u00e9cs, 2024. \u00e1prilis 11."},"content":{"rendered":"<p>&nbsp;<\/p>\n<p><span style=\"font-size: 14pt;\"><strong>P\u00e9csi V\u00e1s\u00e1rcsarnok<\/strong><\/span><\/p>\n<p style=\"padding-left: 40px;\">\u00c1prilis 11-\u00e9n, cs\u00fct\u00f6rt\u00f6k\u00f6n Lipics Zsolt felkonfer\u00e1l\u00e1sa ut\u00e1n, N\u00e9meth J\u00e1nos sz\u00ednm\u0171v\u00e9sz el\u0151ad\u00e1s\u00e1ban hallgathatunk meg n\u00e9h\u00e1ny J\u00f3zsef Attila verset. Ezen k\u00edv\u00fcl \u00f3r\u00e1nk\u00e9nt 1-1 lej\u00e1tszott verset hallgathatnak meg a l\u00e1togat\u00f3k.<\/p>\n<p><img loading=\"lazy\" decoding=\"async\" class=\"aligncenter wp-image-5399 size-full\" src=\"https:\/\/szelkialto.hu\/wp-content\/uploads\/vasarcsarnok_kolteszet_napja.jpg\" alt=\"\" width=\"1024\" height=\"1024\" srcset=\"https:\/\/szelkialto.hu\/wp-content\/uploads\/vasarcsarnok_kolteszet_napja.jpg 1024w, https:\/\/szelkialto.hu\/wp-content\/uploads\/vasarcsarnok_kolteszet_napja-300x300.jpg 300w, https:\/\/szelkialto.hu\/wp-content\/uploads\/vasarcsarnok_kolteszet_napja-150x150.jpg 150w, https:\/\/szelkialto.hu\/wp-content\/uploads\/vasarcsarnok_kolteszet_napja-768x768.jpg 768w, https:\/\/szelkialto.hu\/wp-content\/uploads\/vasarcsarnok_kolteszet_napja-80x80.jpg 80w, https:\/\/szelkialto.hu\/wp-content\/uploads\/vasarcsarnok_kolteszet_napja-320x320.jpg 320w\" sizes=\"auto, (max-width: 1024px) 100vw, 1024px\" \/><\/p>\n<p>&nbsp;<\/p>\n<p><span style=\"font-size: 14pt;\"><strong>Versl\u00e1bak<\/strong><\/span><\/p>\n<p style=\"padding-left: 40px;\"><strong>K\u00f6lt\u00e9szet-napi barangol\u00e1s P\u00e9csett<\/strong><\/p>\n<p style=\"padding-left: 40px;\">Program:<\/p>\n<ul>\n<li style=\"list-style-type: none;\">\n<ul>\n<li>14.00 Kossuth t\u00e9r<br \/>\n14.30 Sz\u00e9chenyi t\u00e9r<br \/>\n15.00 J\u00f3kai t\u00e9r<br \/>\nHajnal \u00c9va dr\u00e1macsoportja, a Sz\u00ednes sz\u00ednpad tagjai mondanak verseket<br \/>\nVersmond\u00f3k: Bronzej J\u00e1zmin, Bronzej Levente, Hajdu-Zelei Zita, Holczbauer Gr\u00e9ta, Holczbauer N\u00f3ra, Kling Julianna, Nagy \u00c1d\u00e1m M\u00e1t\u00e9, Ovaska Petra, P\u00f3lya R\u00e9ka Linda, P\u00f3lya Zorka Luna<\/li>\n<li>16.30 Kossuth t\u00e9r<br \/>\n17.00 Sz\u00e9chenyi t\u00e9r<br \/>\n17.30 J\u00f3kai t\u00e9r<br \/>\nSaj\u00e1t verseikb\u0151l felolvasnak: B\u00e1nfi Veronika, Beck Zolt\u00e1n, Feh\u00e9r Dorka, Hajnal \u00c9va, Major Judit, Major Petra, R\u00f3noki Bertalan, Smelka S\u00e1ndor, Szoll\u00e1th Mih\u00e1ly<br \/>\nVerseket \u00e9nekel: Villuth Andr\u00e1s<\/li>\n<li>18.00 Csorba Gy\u0151z\u0151 K\u00f6nyvt\u00e1r Belv\u00e1rosi Fi\u00f3kk\u00f6nyvt\u00e1r \u00e9s Ifj\u00fas\u00e1gi Tanul\u00f3T\u00e9r (Kir\u00e1ly utca 9.)<br \/>\nVersfelovas\u00e1s<\/li>\n<\/ul>\n<\/li>\n<\/ul>\n<p><img loading=\"lazy\" decoding=\"async\" class=\"aligncenter size-full wp-image-5405\" src=\"https:\/\/szelkialto.hu\/wp-content\/uploads\/verslabak.jpg\" alt=\"\" width=\"827\" height=\"1200\" srcset=\"https:\/\/szelkialto.hu\/wp-content\/uploads\/verslabak.jpg 827w, https:\/\/szelkialto.hu\/wp-content\/uploads\/verslabak-207x300.jpg 207w, https:\/\/szelkialto.hu\/wp-content\/uploads\/verslabak-706x1024.jpg 706w, https:\/\/szelkialto.hu\/wp-content\/uploads\/verslabak-768x1114.jpg 768w\" sizes=\"auto, (max-width: 827px) 100vw, 827px\" \/><\/p>\n<p>&nbsp;<\/p>\n<p><span style=\"font-size: 14pt;\"><strong>Pint\u00e9r-kert Arbor\u00e9tum<\/strong><\/span><\/p>\n<p style=\"padding-left: 40px;\"><strong>17:00 Vers-s\u00e9ta a k\u00f6lt\u00e9szet napj\u00e1n<\/strong><\/p>\n<p style=\"padding-left: 40px;\">A s\u00e9ta \u00e1llom\u00e1shelyein \u2013 t\u00f6bbek k\u00f6z\u00f6tt a kis t\u00f3, a pavilon \u00e9s a v\u00e1rrom mellett \u2013 a Hetedh\u00e9that\u00e1r Magazin szerz\u0151i mondj\u00e1k el saj\u00e1t k\u00f6ltem\u00e9nyeiket.<br \/>\nVerseket mondanak: B\u00e1lint M\u00e1ria, Cs\u00e1k Gy\u00f6ngyi, Hekl Krisztina, Smelka S\u00e1ndor.<\/p>\n<p style=\"padding-left: 40px;\">Erre a napra az arbor\u00e9tum Pint\u00e9r-Vers-Kertt\u00e9 alakul: a f\u00e1kon, bokrokon, padokon \u00e9s m\u00e1s helyeken versek fognak megjelenni.<\/p>\n<p style=\"padding-left: 40px;\">(Es\u0151helysz\u00edn: Tettye Oktat\u00e1si K\u00f6zpont, P\u00e9cs, Tettye t\u00e9r 8.)<\/p>\n<p><img loading=\"lazy\" decoding=\"async\" class=\"aligncenter size-full wp-image-5406\" src=\"https:\/\/szelkialto.hu\/wp-content\/uploads\/pinter-kert_arboretum.jpg\" alt=\"\" width=\"2048\" height=\"1360\" srcset=\"https:\/\/szelkialto.hu\/wp-content\/uploads\/pinter-kert_arboretum.jpg 2048w, https:\/\/szelkialto.hu\/wp-content\/uploads\/pinter-kert_arboretum-300x199.jpg 300w, https:\/\/szelkialto.hu\/wp-content\/uploads\/pinter-kert_arboretum-1024x680.jpg 1024w, https:\/\/szelkialto.hu\/wp-content\/uploads\/pinter-kert_arboretum-768x510.jpg 768w, https:\/\/szelkialto.hu\/wp-content\/uploads\/pinter-kert_arboretum-1536x1020.jpg 1536w\" sizes=\"auto, (max-width: 2048px) 100vw, 2048px\" \/><\/p>\n<p>&nbsp;<\/p>\n<p><span style=\"font-size: 14pt;\"><strong>Zsolnay Kultur\u00e1lis Negyed<\/strong><\/span><\/p>\n<p style=\"padding-left: 40px;\"><strong>17:00 Irodalmi s\u00e9ta a Zsolnay Negyedben<\/strong><\/p>\n<p style=\"padding-left: 40px;\">Ezen a napon a rendez\u0151k irodalmi \u00e9s t\u00f6rt\u00e9nelmi kalandoz\u00e1sra invit\u00e1lj\u00e1k a l\u00e1togat\u00f3kat. S\u00e9t\u00e1t tesznek idegenvezet\u00e9ssel a Zsolnay Negyed parkj\u00e1ban, a m\u0171eml\u00e9k \u00e9p\u00fcletek \u00e9s vir\u00e1gz\u00f3 f\u00e1k k\u00f6z\u00f6tt! Az esem\u00e9nyen megl\u00e1togatj\u00e1k a Zsolnay csal\u00e1d \u00e9let\u00e9nek legfontosabb helysz\u00edneit, mik\u00f6zben megismerkedhetnek a t\u00f6rt\u00e9net\u00fckkel. A K\u00f6lt\u00e9szet Napja alkalm\u00e1b\u00f3l ez alkalommal felfedez\u0151 s\u00e9t\u00e1t versek is fogj\u00e1k k\u00eds\u00e9rni. Megeml\u00e9keznek klasszikus \u00e9s kort\u00e1rs k\u00f6lt\u0151kr\u0151l, p\u00e9csi k\u00f6t\u0151d\u00e9s\u0171 alkot\u00f3kr\u00f3l is.<\/p>\n<p style=\"padding-left: 40px;\">A s\u00e9ta id\u0151tartama v\u00e1rhat\u00f3an 70-90 perc.<br \/>\nR\u00e9szv\u00e9teli d\u00edj: 1500 Ft\/ f\u0151<br \/>\nIndul\u00e1s: a Zsolnay Infopont &amp; Shop el\u0151l (K\u00e9zm\u0171ves Boltok Utc\u00e1ja)<\/p>\n<p><img loading=\"lazy\" decoding=\"async\" class=\"aligncenter wp-image-5411\" src=\"https:\/\/szelkialto.hu\/wp-content\/uploads\/zsolna_negyed.jpg\" alt=\"\" width=\"1400\" height=\"692\" srcset=\"https:\/\/szelkialto.hu\/wp-content\/uploads\/zsolna_negyed.jpg 1200w, https:\/\/szelkialto.hu\/wp-content\/uploads\/zsolna_negyed-300x148.jpg 300w, https:\/\/szelkialto.hu\/wp-content\/uploads\/zsolna_negyed-1024x506.jpg 1024w, https:\/\/szelkialto.hu\/wp-content\/uploads\/zsolna_negyed-768x380.jpg 768w\" sizes=\"auto, (max-width: 1400px) 100vw, 1400px\" \/><\/p>\n<p>&nbsp;<\/p>\n<p><span style=\"font-size: 14pt;\"><strong>Csorba Gy\u0151z\u0151 K\u00f6nyvt\u00e1r \u2013 Bert\u00f3k-P\u00f3dium<\/strong><\/span><br \/>\n<strong>Konferenciaterem, 0. szint (P\u00e9cs, Universitas u. 2\/A)<\/strong><\/p>\n<p style=\"padding-left: 40px;\"><strong>17:30 K\u00f6lt\u00e9szet napja a Prae Kiad\u00f3val<\/strong><\/p>\n<p style=\"padding-left: 40px;\">Vend\u00e9gek:<\/p>\n<p style=\"padding-left: 40px;\"><strong>Balogh Endre<\/strong>, a kiad\u00f3 vezet\u0151je<br \/>\n<strong>L\u00e1ng Orsolya<\/strong>, a Bert\u00f3k L\u00e1szl\u00f3 K\u00f6lt\u00e9szeti Kisd\u00edj els\u0151 kit\u00fcntetettje, aki a frissen megjelent &#8220;H\u00e1z, d\u00e9lut\u00e1n&#8221; c\u00edm\u0171 harmadik versesk\u00f6tet\u00e9b\u0151l ad \u00edzel\u00edt\u0151t<br \/>\n<strong>N\u00e9meth G\u00e1bor D\u00e1vid<\/strong> &#8220;Lebeg\u0151 arbor\u00e9tum&#8221; c\u00edm\u0171 m\u00e1sodik versesk\u00f6tet\u00e9t mutatja be<br \/>\n<b>Jakobovits Kitti <\/b>tan\u00e1csad\u00f3-szakpszichol\u00f3gus-irodalomterapeuta<\/p>\n<p style=\"padding-left: 40px;\">A besz\u00e9lget\u00e9st <strong>Moh\u00e1csi Bal\u00e1zs<\/strong> k\u00f6lt\u0151, kritikus, a Bert\u00f3k-p\u00f3dium h\u00e1zigazd\u00e1ja vezeti.<\/p>\n<p><img loading=\"lazy\" decoding=\"async\" class=\"aligncenter wp-image-5412\" src=\"https:\/\/szelkialto.hu\/wp-content\/uploads\/csorba_gyozo_konyvtar.jpg\" alt=\"\" width=\"1400\" height=\"1077\" srcset=\"https:\/\/szelkialto.hu\/wp-content\/uploads\/csorba_gyozo_konyvtar.jpg 975w, https:\/\/szelkialto.hu\/wp-content\/uploads\/csorba_gyozo_konyvtar-300x231.jpg 300w, https:\/\/szelkialto.hu\/wp-content\/uploads\/csorba_gyozo_konyvtar-768x591.jpg 768w\" sizes=\"auto, (max-width: 1400px) 100vw, 1400px\" \/><\/p>\n<p>&nbsp;<\/p>\n<p>&nbsp;<\/p>\n","protected":false},"excerpt":{"rendered":"<p>&nbsp; P\u00e9csi V\u00e1s\u00e1rcsarnok \u00c1prilis 11-\u00e9n, cs\u00fct\u00f6rt\u00f6k\u00f6n Lipics Zsolt felkonfer\u00e1l\u00e1sa ut\u00e1n, N\u00e9meth J\u00e1nos sz\u00ednm\u0171v\u00e9sz el\u0151ad\u00e1s\u00e1ban hallgathatunk meg n\u00e9h\u00e1ny J\u00f3zsef Attila verset. Ezen k\u00edv\u00fcl \u00f3r\u00e1nk\u00e9nt 1-1 lej\u00e1tszott verset hallgathatnak meg a l\u00e1togat\u00f3k. &nbsp; Versl\u00e1bak K\u00f6lt\u00e9szet-napi barangol\u00e1s P\u00e9csett Program: 14.00 Kossuth t\u00e9r 14.30&#46;&#46;&#46;<\/p>\n","protected":false},"author":3,"featured_media":5418,"comment_status":"open","ping_status":"closed","sticky":false,"template":"","format":"standard","meta":{"footnotes":"","_links_to":"","_links_to_target":""},"categories":[1],"tags":[],"class_list":["post-5395","post","type-post","status-publish","format-standard","has-post-thumbnail","hentry","category-nincs-kategorizalva"],"rttpg_featured_image_url":{"full":["https:\/\/szelkialto.hu\/wp-content\/uploads\/kolteszet_napja.jpg",633,301,false],"landscape":["https:\/\/szelkialto.hu\/wp-content\/uploads\/kolteszet_napja.jpg",633,301,false],"portraits":["https:\/\/szelkialto.hu\/wp-content\/uploads\/kolteszet_napja.jpg",633,301,false],"thumbnail":["https:\/\/szelkialto.hu\/wp-content\/uploads\/kolteszet_napja-150x150.jpg",150,150,true],"medium":["https:\/\/szelkialto.hu\/wp-content\/uploads\/kolteszet_napja-300x143.jpg",300,143,true],"large":["https:\/\/szelkialto.hu\/wp-content\/uploads\/kolteszet_napja.jpg",633,301,false],"1536x1536":["https:\/\/szelkialto.hu\/wp-content\/uploads\/kolteszet_napja.jpg",633,301,false],"2048x2048":["https:\/\/szelkialto.hu\/wp-content\/uploads\/kolteszet_napja.jpg",633,301,false],"thumb-small":["https:\/\/szelkialto.hu\/wp-content\/uploads\/kolteszet_napja-80x80.jpg",80,80,true],"thumb-standard":["https:\/\/szelkialto.hu\/wp-content\/uploads\/kolteszet_napja-320x301.jpg",320,301,true],"thumb-medium":["https:\/\/szelkialto.hu\/wp-content\/uploads\/kolteszet_napja-520x245.jpg",520,245,true],"thumb-large":["https:\/\/szelkialto.hu\/wp-content\/uploads\/kolteszet_napja.jpg",633,301,false],"thumb-xlarge":["https:\/\/szelkialto.hu\/wp-content\/uploads\/kolteszet_napja.jpg",633,301,false],"thumb-xxlarge":["https:\/\/szelkialto.hu\/wp-content\/uploads\/kolteszet_napja.jpg",633,301,false]},"rttpg_author":{"display_name":"Fenyvesi B\u00e9la","author_link":"https:\/\/szelkialto.hu\/?author=3"},"rttpg_comment":0,"rttpg_category":"<a href=\"https:\/\/szelkialto.hu\/?cat=1\" rel=\"category\">Nincs kategoriz\u00e1lva<\/a>","rttpg_excerpt":"&nbsp; P\u00e9csi V\u00e1s\u00e1rcsarnok \u00c1prilis 11-\u00e9n, cs\u00fct\u00f6rt\u00f6k\u00f6n Lipics Zsolt felkonfer\u00e1l\u00e1sa ut\u00e1n, N\u00e9meth J\u00e1nos sz\u00ednm\u0171v\u00e9sz el\u0151ad\u00e1s\u00e1ban hallgathatunk meg n\u00e9h\u00e1ny J\u00f3zsef Attila verset. Ezen k\u00edv\u00fcl \u00f3r\u00e1nk\u00e9nt 1-1 lej\u00e1tszott verset hallgathatnak meg a l\u00e1togat\u00f3k. &nbsp; Versl\u00e1bak K\u00f6lt\u00e9szet-napi barangol\u00e1s P\u00e9csett Program: 14.00 Kossuth t\u00e9r 14.30&#46;&#46;&#46;","_links":{"self":[{"href":"https:\/\/szelkialto.hu\/index.php?rest_route=\/wp\/v2\/posts\/5395","targetHints":{"allow":["GET"]}}],"collection":[{"href":"https:\/\/szelkialto.hu\/index.php?rest_route=\/wp\/v2\/posts"}],"about":[{"href":"https:\/\/szelkialto.hu\/index.php?rest_route=\/wp\/v2\/types\/post"}],"author":[{"embeddable":true,"href":"https:\/\/szelkialto.hu\/index.php?rest_route=\/wp\/v2\/users\/3"}],"replies":[{"embeddable":true,"href":"https:\/\/szelkialto.hu\/index.php?rest_route=%2Fwp%2Fv2%2Fcomments&post=5395"}],"version-history":[{"count":17,"href":"https:\/\/szelkialto.hu\/index.php?rest_route=\/wp\/v2\/posts\/5395\/revisions"}],"predecessor-version":[{"id":5458,"href":"https:\/\/szelkialto.hu\/index.php?rest_route=\/wp\/v2\/posts\/5395\/revisions\/5458"}],"wp:featuredmedia":[{"embeddable":true,"href":"https:\/\/szelkialto.hu\/index.php?rest_route=\/wp\/v2\/media\/5418"}],"wp:attachment":[{"href":"https:\/\/szelkialto.hu\/index.php?rest_route=%2Fwp%2Fv2%2Fmedia&parent=5395"}],"wp:term":[{"taxonomy":"category","embeddable":true,"href":"https:\/\/szelkialto.hu\/index.php?rest_route=%2Fwp%2Fv2%2Fcategories&post=5395"},{"taxonomy":"post_tag","embeddable":true,"href":"https:\/\/szelkialto.hu\/index.php?rest_route=%2Fwp%2Fv2%2Ftags&post=5395"}],"curies":[{"name":"wp","href":"https:\/\/api.w.org\/{rel}","templated":true}]}}