{"id":5421,"date":"2024-04-22T11:09:01","date_gmt":"2024-04-22T09:09:01","guid":{"rendered":"https:\/\/szelkialto.hu\/?p=5421"},"modified":"2024-04-23T10:45:50","modified_gmt":"2024-04-23T08:45:50","slug":"pecs-cantat-2024","status":"publish","type":"post","link":"https:\/\/szelkialto.hu\/?p=5421","title":{"rendered":"P\u00e9cs Cantat \u2013 2024"},"content":{"rendered":"<p><img loading=\"lazy\" decoding=\"async\" class=\"alignright wp-image-5428\" src=\"https:\/\/szelkialto.hu\/wp-content\/uploads\/pecs-cantat-300x197.jpg\" alt=\"\" width=\"150\" height=\"99\" srcset=\"https:\/\/szelkialto.hu\/wp-content\/uploads\/pecs-cantat-300x197.jpg 300w, https:\/\/szelkialto.hu\/wp-content\/uploads\/pecs-cantat-1024x674.jpg 1024w, https:\/\/szelkialto.hu\/wp-content\/uploads\/pecs-cantat-768x505.jpg 768w, https:\/\/szelkialto.hu\/wp-content\/uploads\/pecs-cantat.jpg 1181w\" sizes=\"auto, (max-width: 150px) 100vw, 150px\" \/><\/p>\n<p><strong><span style=\"font-size: 18pt;\">P\u00e9cs Cantat Fesztiv\u00e1l<\/span><\/strong><br \/>\n<span style=\"font-size: 14pt;\">2024. m\u00e1jus 18.<\/span><\/p>\n<p><strong>Programok:<\/strong><\/p>\n<p style=\"padding-left: 40px;\">16.00\u201318.00 Sz\u00ednh\u00e1z t\u00e9r, J\u00f3kai t\u00e9r, Hild udvar, Sz\u00e9chenyi t\u00e9r<\/p>\n<p style=\"padding-left: 80px;\"><strong>10-15 perces k\u00f3ruskoncertek<\/strong><\/p>\n<p style=\"padding-left: 120px;\"><em>A fell\u00e9p\u0151 k\u00f3rusok:<\/em><\/p>\n<ul>\n<li style=\"list-style-type: none;\">\n<ul>\n<li style=\"list-style-type: none;\">\n<ul>\n<li style=\"list-style-type: none;\">\n<ul>\n<li style=\"list-style-type: none;\">\n<ul style=\"list-style-type: disc;\">\n<li><em>B\u00e1rdos Lajos Vegyeskar &#8211; Barcs<\/em><\/li>\n<li><em>Bart\u00f3k B\u00e9la F\u00e9rfikar &#8211; P\u00e9cs<\/em><\/li>\n<li><em>Bart\u00f3k B\u00e9la Le\u00e1nykar &#8211; P\u00e9cs<\/em><\/li>\n<li><em>Kod\u00e1ly K\u00f3rus &#8211; Koml\u00f3<\/em><\/li>\n<li><em>Le\u0151wey L\u00e1nykar \u00e9s Vegyeskar &#8211; P\u00e9cs<\/em><\/li>\n<li><em>Mecsek K\u00f3rus &#8211; P\u00e9cs<\/em><\/li>\n<li><em>P\u00e9csi Egyetemi K\u00f3rus<\/em><\/li>\n<li><em>P\u00e9csi Egyetemi N\u0151ikar<\/em><\/li>\n<li><em>A P\u00e9csi M\u0171v\u00e9szeti Gimn\u00e1zium Vegyeskara<\/em><\/li>\n<li><em>P\u00e9csi Testv\u00e9rv\u00e1rosok Terei \u00c1ltal\u00e1nos Iskola Kisk\u00f3rusa<\/em><\/li>\n<li><em>P\u00e9csi Testv\u00e9rv\u00e1rosok Terei \u00c1ltal\u00e1nos Iskola Nagyk\u00f3rusa<\/em><\/li>\n<li><em>Piricsizma \u00c9nekegy\u00fcttes &#8211; P\u00e9cs<\/em><\/li>\n<li><em>Sikl\u00f3si Tenkes Vegyeskar<\/em><\/li>\n<li><em>A Szent M\u00f3r Iskolak\u00f6zpont k\u00f3rusa &#8211; P\u00e9cs<\/em><\/li>\n<li><em>Tin\u00f3di Vegyeskar &#8211; Szigetv\u00e1r<\/em><\/li>\n<li><em>Vocapella &#8211; P\u00e9cs<\/em><\/li>\n<li><em>VoiSingers &#8211; P\u00e9cs<\/em><\/li>\n<\/ul>\n<\/li>\n<\/ul>\n<\/li>\n<\/ul>\n<\/li>\n<\/ul>\n<\/li>\n<\/ul>\n<p style=\"padding-left: 40px;\">18:00-18-30 Sz\u00e9chenyi t\u00e9r<\/p>\n<p style=\"padding-left: 80px;\"><strong>Az \u00c9nekl\u0151 Ifj\u00fas\u00e1g \u00e9s a Helikon Fesztiv\u00e1l gy\u0151ztes k\u00f3rusainak koncertje<\/strong><\/p>\n<p style=\"padding-left: 40px;\">18.30-19.30 Sz\u00e9chenyi t\u00e9r<\/p>\n<p style=\"padding-left: 80px;\"><strong>K\u00f6z\u00f6s \u00e9nekl\u00e9s<br \/>\n<\/strong><span style=\"font-family: Times New Roman, serif;\"><span style=\"font-size: medium;\"><span style=\"font-family: arial, helvetica, sans-serif;\"><span style=\"font-size: 12pt;\">A helysz\u00ednen kiosztott<\/span> <strong>Fesztiv\u00e1l Dalosf\u00fczet<\/strong> seg\u00edts\u00e9g\u00e9vel<\/span><br \/>\n<\/span><\/span><em>K\u00f6zrem\u0171k\u00f6dik a Sz\u00e9lki\u00e1lt\u00f3 egy\u00fcttes<\/em><\/p>\n<p style=\"padding-left: 40px;\">19.30 Sz\u00e9chenyi t\u00e9r<\/p>\n<p style=\"padding-left: 80px;\"><strong>Vers\u00e9nekl\u0151 Fesztiv\u00e1l k\u00f6z\u00f6s \u00e9nekl\u00e9ssel<\/strong><br \/>\n<em>Az 50 \u00e9ves Magyar \u00d6r\u00f6ks\u00e9g d\u00edjas <strong>Sz\u00e9lki\u00e1lt\u00f3 egy\u00fcttes<\/strong> \u00e9s az 55 \u00e9ves Kossuth\u2013d\u00edjas <strong>Kal\u00e1ka egy\u00fcttes<\/strong> jubileumi koncertje<\/em><\/p>\n<p><img loading=\"lazy\" decoding=\"async\" class=\"aligncenter size-full wp-image-5422\" src=\"https:\/\/szelkialto.hu\/wp-content\/uploads\/pecs_cantat-2004.png\" alt=\"\" width=\"1999\" height=\"944\" srcset=\"https:\/\/szelkialto.hu\/wp-content\/uploads\/pecs_cantat-2004.png 1999w, https:\/\/szelkialto.hu\/wp-content\/uploads\/pecs_cantat-2004-300x142.png 300w, https:\/\/szelkialto.hu\/wp-content\/uploads\/pecs_cantat-2004-1024x484.png 1024w, https:\/\/szelkialto.hu\/wp-content\/uploads\/pecs_cantat-2004-768x363.png 768w, https:\/\/szelkialto.hu\/wp-content\/uploads\/pecs_cantat-2004-1536x725.png 1536w, https:\/\/szelkialto.hu\/wp-content\/uploads\/pecs_cantat-2004-520x245.png 520w, https:\/\/szelkialto.hu\/wp-content\/uploads\/pecs_cantat-2004-720x340.png 720w\" sizes=\"auto, (max-width: 1999px) 100vw, 1999px\" \/><\/p>\n","protected":false},"excerpt":{"rendered":"<p>P\u00e9cs Cantat Fesztiv\u00e1l 2024. m\u00e1jus 18. Programok: 16.00\u201318.00 Sz\u00ednh\u00e1z t\u00e9r, J\u00f3kai t\u00e9r, Hild udvar, Sz\u00e9chenyi t\u00e9r 10-15 perces k\u00f3ruskoncertek A fell\u00e9p\u0151 k\u00f3rusok: B\u00e1rdos Lajos Vegyeskar &#8211; Barcs Bart\u00f3k B\u00e9la F\u00e9rfikar &#8211; P\u00e9cs Bart\u00f3k B\u00e9la Le\u00e1nykar &#8211; P\u00e9cs Kod\u00e1ly K\u00f3rus &#8211;&#46;&#46;&#46;<\/p>\n","protected":false},"author":3,"featured_media":5424,"comment_status":"open","ping_status":"closed","sticky":false,"template":"","format":"standard","meta":{"footnotes":"","_links_to":"","_links_to_target":""},"categories":[219,53,54,4],"tags":[218,24,217,110],"class_list":["post-5421","post","type-post","status-publish","format-standard","has-post-thumbnail","hentry","category-50-eves-a-szelkialto","category-enekelt-vers","category-fesztival","category-koncertek","tag-51-eves-a-szelkialto","tag-kalaka","tag-pecs-cantat","tag-szelkialto"],"rttpg_featured_image_url":{"full":["https:\/\/szelkialto.hu\/wp-content\/uploads\/pecs_cantat-2004.jpg",633,301,false],"landscape":["https:\/\/szelkialto.hu\/wp-content\/uploads\/pecs_cantat-2004.jpg",633,301,false],"portraits":["https:\/\/szelkialto.hu\/wp-content\/uploads\/pecs_cantat-2004.jpg",633,301,false],"thumbnail":["https:\/\/szelkialto.hu\/wp-content\/uploads\/pecs_cantat-2004-150x150.jpg",150,150,true],"medium":["https:\/\/szelkialto.hu\/wp-content\/uploads\/pecs_cantat-2004-300x143.jpg",300,143,true],"large":["https:\/\/szelkialto.hu\/wp-content\/uploads\/pecs_cantat-2004.jpg",633,301,false],"1536x1536":["https:\/\/szelkialto.hu\/wp-content\/uploads\/pecs_cantat-2004.jpg",633,301,false],"2048x2048":["https:\/\/szelkialto.hu\/wp-content\/uploads\/pecs_cantat-2004.jpg",633,301,false],"thumb-small":["https:\/\/szelkialto.hu\/wp-content\/uploads\/pecs_cantat-2004-80x80.jpg",80,80,true],"thumb-standard":["https:\/\/szelkialto.hu\/wp-content\/uploads\/pecs_cantat-2004-320x301.jpg",320,301,true],"thumb-medium":["https:\/\/szelkialto.hu\/wp-content\/uploads\/pecs_cantat-2004-520x245.jpg",520,245,true],"thumb-large":["https:\/\/szelkialto.hu\/wp-content\/uploads\/pecs_cantat-2004.jpg",633,301,false],"thumb-xlarge":["https:\/\/szelkialto.hu\/wp-content\/uploads\/pecs_cantat-2004.jpg",633,301,false],"thumb-xxlarge":["https:\/\/szelkialto.hu\/wp-content\/uploads\/pecs_cantat-2004.jpg",633,301,false]},"rttpg_author":{"display_name":"Fenyvesi B\u00e9la","author_link":"https:\/\/szelkialto.hu\/?author=3"},"rttpg_comment":0,"rttpg_category":"<a href=\"https:\/\/szelkialto.hu\/?cat=219\" rel=\"category\">50 \u00e9ves a Sz\u00e9lki\u00e1lt\u00f3<\/a> <a href=\"https:\/\/szelkialto.hu\/?cat=53\" rel=\"category\">\u00e9nekelt vers<\/a> <a href=\"https:\/\/szelkialto.hu\/?cat=54\" rel=\"category\">fesztiv\u00e1l<\/a> <a href=\"https:\/\/szelkialto.hu\/?cat=4\" rel=\"category\">koncertek<\/a>","rttpg_excerpt":"P\u00e9cs Cantat Fesztiv\u00e1l 2024. m\u00e1jus 18. Programok: 16.00\u201318.00 Sz\u00ednh\u00e1z t\u00e9r, J\u00f3kai t\u00e9r, Hild udvar, Sz\u00e9chenyi t\u00e9r 10-15 perces k\u00f3ruskoncertek A fell\u00e9p\u0151 k\u00f3rusok: B\u00e1rdos Lajos Vegyeskar &#8211; Barcs Bart\u00f3k B\u00e9la F\u00e9rfikar &#8211; P\u00e9cs Bart\u00f3k B\u00e9la Le\u00e1nykar &#8211; P\u00e9cs Kod\u00e1ly K\u00f3rus &#8211;&#46;&#46;&#46;","_links":{"self":[{"href":"https:\/\/szelkialto.hu\/index.php?rest_route=\/wp\/v2\/posts\/5421","targetHints":{"allow":["GET"]}}],"collection":[{"href":"https:\/\/szelkialto.hu\/index.php?rest_route=\/wp\/v2\/posts"}],"about":[{"href":"https:\/\/szelkialto.hu\/index.php?rest_route=\/wp\/v2\/types\/post"}],"author":[{"embeddable":true,"href":"https:\/\/szelkialto.hu\/index.php?rest_route=\/wp\/v2\/users\/3"}],"replies":[{"embeddable":true,"href":"https:\/\/szelkialto.hu\/index.php?rest_route=%2Fwp%2Fv2%2Fcomments&post=5421"}],"version-history":[{"count":13,"href":"https:\/\/szelkialto.hu\/index.php?rest_route=\/wp\/v2\/posts\/5421\/revisions"}],"predecessor-version":[{"id":5444,"href":"https:\/\/szelkialto.hu\/index.php?rest_route=\/wp\/v2\/posts\/5421\/revisions\/5444"}],"wp:featuredmedia":[{"embeddable":true,"href":"https:\/\/szelkialto.hu\/index.php?rest_route=\/wp\/v2\/media\/5424"}],"wp:attachment":[{"href":"https:\/\/szelkialto.hu\/index.php?rest_route=%2Fwp%2Fv2%2Fmedia&parent=5421"}],"wp:term":[{"taxonomy":"category","embeddable":true,"href":"https:\/\/szelkialto.hu\/index.php?rest_route=%2Fwp%2Fv2%2Fcategories&post=5421"},{"taxonomy":"post_tag","embeddable":true,"href":"https:\/\/szelkialto.hu\/index.php?rest_route=%2Fwp%2Fv2%2Ftags&post=5421"}],"curies":[{"name":"wp","href":"https:\/\/api.w.org\/{rel}","templated":true}]}}