{"id":5466,"date":"2024-06-18T15:06:05","date_gmt":"2024-06-18T13:06:05","guid":{"rendered":"https:\/\/szelkialto.hu\/?p=5466"},"modified":"2024-06-18T15:23:42","modified_gmt":"2024-06-18T13:23:42","slug":"kalaka-szelkialto-miskolci-szimfonikus-zenekar-kozos-koncert-a-kalaka-fesztivalon","status":"publish","type":"post","link":"https:\/\/szelkialto.hu\/?p=5466","title":{"rendered":"Sz\u00e9lki\u00e1lt\u00f3, Kal\u00e1ka, Miskolci Szimfonikus Zenekar \u2013 k\u00f6z\u00f6s koncert a Kal\u00e1ka Fesztiv\u00e1lon"},"content":{"rendered":"<p><strong><span style=\"font-size: 18pt;\">2024. j\u00fanius 27. 19:00<\/span><\/strong><br \/>\n<strong><span style=\"font-size: 24pt;\">Eger<\/span><\/strong><br \/>\n<strong><span style=\"font-size: 18pt;\">G\u00e1rdonyi G\u00e9za Sz\u00ednh\u00e1z<\/span><\/strong><\/p>\n<p><img loading=\"lazy\" decoding=\"async\" class=\"aligncenter size-full wp-image-5470\" src=\"https:\/\/szelkialto.hu\/wp-content\/uploads\/ggsz.jpg\" alt=\"\" width=\"1920\" height=\"1035\" srcset=\"https:\/\/szelkialto.hu\/wp-content\/uploads\/ggsz.jpg 1920w, https:\/\/szelkialto.hu\/wp-content\/uploads\/ggsz-300x162.jpg 300w, https:\/\/szelkialto.hu\/wp-content\/uploads\/ggsz-1024x552.jpg 1024w, https:\/\/szelkialto.hu\/wp-content\/uploads\/ggsz-768x414.jpg 768w, https:\/\/szelkialto.hu\/wp-content\/uploads\/ggsz-1536x828.jpg 1536w\" sizes=\"auto, (max-width: 1920px) 100vw, 1920px\" \/><\/p>\n<p>Az 55 \u00e9ves <strong>Kal\u00e1ka<\/strong> egy\u00fcttes, az 50 \u00e9ves <strong>Sz\u00e9lki\u00e1lt\u00f3<\/strong>, \u00e9s a <strong>Miskolci Szimfonikus Zenekar<\/strong> k\u00f6z\u00f6s \u00fcnnepi koncertje nyitja meg a Kal\u00e1ka Fesztiv\u00e1lt.<\/p>\n<p>&nbsp;<\/p>\n<p>A koncert egyik fel\u00e9ben a dalok a <strong>Kal\u00e1ka<\/strong> \u201eHangol m\u00e1r a zenekar\u201d c\u00edm\u0171 albumr\u00f3l sz\u00f3lalnak meg, amely <strong>Gryllus Samu<\/strong> hangszerel\u00e9s\u00e9vel l\u00e1tott napvil\u00e1got 2017-ben.<\/p>\n<p><img loading=\"lazy\" decoding=\"async\" class=\"aligncenter size-full wp-image-5467\" src=\"https:\/\/szelkialto.hu\/wp-content\/uploads\/msz.jpg\" alt=\"\" width=\"1200\" height=\"800\" srcset=\"https:\/\/szelkialto.hu\/wp-content\/uploads\/msz.jpg 1200w, https:\/\/szelkialto.hu\/wp-content\/uploads\/msz-300x200.jpg 300w, https:\/\/szelkialto.hu\/wp-content\/uploads\/msz-1024x683.jpg 1024w, https:\/\/szelkialto.hu\/wp-content\/uploads\/msz-768x512.jpg 768w\" sizes=\"auto, (max-width: 1200px) 100vw, 1200px\" \/><\/p>\n<p>A m\u00e1sik r\u00e9szben a <strong>Sz\u00e9lki\u00e1lt\u00f3<\/strong> egy\u00fcttes <strong>Szab\u00f3 Ferenc<\/strong> \u00e9s <a href=\"https:\/\/www.martonfenyvesi.com\/\" target=\"_blank\" rel=\"noopener\"><strong>Fenyvesi M\u00e1rton<\/strong><\/a> \u00e1ltal szimfonikus zenekarra hangszerelt dalait hallhatja a k\u00f6z\u00f6ns\u00e9g.<\/p>\n<p>A szimfonikus zenekart vez\u00e9nyli: <a href=\"http:\/\/www.samugryllus.info\/\" target=\"_blank\" rel=\"noopener\"><strong>Gryllus Samu<\/strong><\/a><\/p>\n","protected":false},"excerpt":{"rendered":"<p>2024. j\u00fanius 27. 19:00 Eger G\u00e1rdonyi G\u00e9za Sz\u00ednh\u00e1z Az 55 \u00e9ves Kal\u00e1ka egy\u00fcttes, az 50 \u00e9ves Sz\u00e9lki\u00e1lt\u00f3, \u00e9s a Miskolci Szimfonikus Zenekar k\u00f6z\u00f6s \u00fcnnepi koncertje nyitja meg a Kal\u00e1ka Fesztiv\u00e1lt. &nbsp; A koncert egyik fel\u00e9ben a dalok a Kal\u00e1ka \u201eHangol&#46;&#46;&#46;<\/p>\n","protected":false},"author":3,"featured_media":5469,"comment_status":"open","ping_status":"closed","sticky":false,"template":"","format":"standard","meta":{"footnotes":"","_links_to":"","_links_to_target":""},"categories":[53,54,12],"tags":[222,224,223,169,220,221],"class_list":["post-5466","post","type-post","status-publish","format-standard","has-post-thumbnail","hentry","category-enekelt-vers","category-fesztival","category-irodalom-2","tag-eger","tag-fenyvesi-marton","tag-gardonyi-geza-szinhaz","tag-gryllus-samu","tag-kalaka-fesztival","tag-miskolci-szimfonikus-zenekar"],"rttpg_featured_image_url":{"full":["https:\/\/szelkialto.hu\/wp-content\/uploads\/msz02.jpg",633,301,false],"landscape":["https:\/\/szelkialto.hu\/wp-content\/uploads\/msz02.jpg",633,301,false],"portraits":["https:\/\/szelkialto.hu\/wp-content\/uploads\/msz02.jpg",633,301,false],"thumbnail":["https:\/\/szelkialto.hu\/wp-content\/uploads\/msz02-150x150.jpg",150,150,true],"medium":["https:\/\/szelkialto.hu\/wp-content\/uploads\/msz02-300x143.jpg",300,143,true],"large":["https:\/\/szelkialto.hu\/wp-content\/uploads\/msz02.jpg",633,301,false],"1536x1536":["https:\/\/szelkialto.hu\/wp-content\/uploads\/msz02.jpg",633,301,false],"2048x2048":["https:\/\/szelkialto.hu\/wp-content\/uploads\/msz02.jpg",633,301,false],"thumb-small":["https:\/\/szelkialto.hu\/wp-content\/uploads\/msz02-80x80.jpg",80,80,true],"thumb-standard":["https:\/\/szelkialto.hu\/wp-content\/uploads\/msz02-320x301.jpg",320,301,true],"thumb-medium":["https:\/\/szelkialto.hu\/wp-content\/uploads\/msz02-520x245.jpg",520,245,true],"thumb-large":["https:\/\/szelkialto.hu\/wp-content\/uploads\/msz02.jpg",633,301,false],"thumb-xlarge":["https:\/\/szelkialto.hu\/wp-content\/uploads\/msz02.jpg",633,301,false],"thumb-xxlarge":["https:\/\/szelkialto.hu\/wp-content\/uploads\/msz02.jpg",633,301,false]},"rttpg_author":{"display_name":"Fenyvesi B\u00e9la","author_link":"https:\/\/szelkialto.hu\/?author=3"},"rttpg_comment":0,"rttpg_category":"<a href=\"https:\/\/szelkialto.hu\/?cat=53\" rel=\"category\">\u00e9nekelt vers<\/a> <a href=\"https:\/\/szelkialto.hu\/?cat=54\" rel=\"category\">fesztiv\u00e1l<\/a> <a href=\"https:\/\/szelkialto.hu\/?cat=12\" rel=\"category\">irodalom<\/a>","rttpg_excerpt":"2024. j\u00fanius 27. 19:00 Eger G\u00e1rdonyi G\u00e9za Sz\u00ednh\u00e1z Az 55 \u00e9ves Kal\u00e1ka egy\u00fcttes, az 50 \u00e9ves Sz\u00e9lki\u00e1lt\u00f3, \u00e9s a Miskolci Szimfonikus Zenekar k\u00f6z\u00f6s \u00fcnnepi koncertje nyitja meg a Kal\u00e1ka Fesztiv\u00e1lt. &nbsp; A koncert egyik fel\u00e9ben a dalok a Kal\u00e1ka \u201eHangol&#46;&#46;&#46;","_links":{"self":[{"href":"https:\/\/szelkialto.hu\/index.php?rest_route=\/wp\/v2\/posts\/5466","targetHints":{"allow":["GET"]}}],"collection":[{"href":"https:\/\/szelkialto.hu\/index.php?rest_route=\/wp\/v2\/posts"}],"about":[{"href":"https:\/\/szelkialto.hu\/index.php?rest_route=\/wp\/v2\/types\/post"}],"author":[{"embeddable":true,"href":"https:\/\/szelkialto.hu\/index.php?rest_route=\/wp\/v2\/users\/3"}],"replies":[{"embeddable":true,"href":"https:\/\/szelkialto.hu\/index.php?rest_route=%2Fwp%2Fv2%2Fcomments&post=5466"}],"version-history":[{"count":6,"href":"https:\/\/szelkialto.hu\/index.php?rest_route=\/wp\/v2\/posts\/5466\/revisions"}],"predecessor-version":[{"id":5475,"href":"https:\/\/szelkialto.hu\/index.php?rest_route=\/wp\/v2\/posts\/5466\/revisions\/5475"}],"wp:featuredmedia":[{"embeddable":true,"href":"https:\/\/szelkialto.hu\/index.php?rest_route=\/wp\/v2\/media\/5469"}],"wp:attachment":[{"href":"https:\/\/szelkialto.hu\/index.php?rest_route=%2Fwp%2Fv2%2Fmedia&parent=5466"}],"wp:term":[{"taxonomy":"category","embeddable":true,"href":"https:\/\/szelkialto.hu\/index.php?rest_route=%2Fwp%2Fv2%2Fcategories&post=5466"},{"taxonomy":"post_tag","embeddable":true,"href":"https:\/\/szelkialto.hu\/index.php?rest_route=%2Fwp%2Fv2%2Ftags&post=5466"}],"curies":[{"name":"wp","href":"https:\/\/api.w.org\/{rel}","templated":true}]}}