{"id":5519,"date":"2024-12-21T15:26:28","date_gmt":"2024-12-21T14:26:28","guid":{"rendered":"https:\/\/szelkialto.hu\/?p=5519"},"modified":"2024-12-21T16:21:26","modified_gmt":"2024-12-21T15:21:26","slug":"a-szelkialto-50-eves-jubileumi-koncertje-a-kodaly-kozpontban","status":"publish","type":"post","link":"https:\/\/szelkialto.hu\/?p=5519","title":{"rendered":"50 \u00e9ves a Sz\u00e9lki\u00e1lt\u00f3 \u2013 jubileumi koncert a Kod\u00e1ly K\u00f6zpontban"},"content":{"rendered":"<p><span style=\"font-size: 16pt;\"><strong>2025. janu\u00e1r 22. 19:00<\/strong><\/span><\/p>\n<p><span style=\"font-size: 18pt;\"><strong>A magyar kult\u00fara napja alkalm\u00e1b\u00f3l<\/strong><\/span><\/p>\n<p><span style=\"font-size: 15pt;\"><strong>P\u00e9cs Megyei Jog\u00fa V\u00e1ros \u00d6nkorm\u00e1nyzata szervez\u00e9s\u00e9ben<\/strong><\/span><\/p>\n<p><img loading=\"lazy\" decoding=\"async\" class=\"aligncenter size-full wp-image-5530\" src=\"https:\/\/szelkialto.hu\/wp-content\/uploads\/kodaly_kozpont.png\" alt=\"\" width=\"1446\" height=\"467\" srcset=\"https:\/\/szelkialto.hu\/wp-content\/uploads\/kodaly_kozpont.png 1446w, https:\/\/szelkialto.hu\/wp-content\/uploads\/kodaly_kozpont-300x97.png 300w, https:\/\/szelkialto.hu\/wp-content\/uploads\/kodaly_kozpont-1024x331.png 1024w, https:\/\/szelkialto.hu\/wp-content\/uploads\/kodaly_kozpont-768x248.png 768w\" sizes=\"auto, (max-width: 1446px) 100vw, 1446px\" \/><\/p>\n<p tabindex=\"0\" aria-label=\"Vend\u00e9gel\u0151ad\u00f3k: Horv\u00e1th Korn\u00e9l Kossuth-d\u00edjas \u00fct\u0151hangszeres m\u0171v\u00e9sz, S\u00f3lyom Katalin J\u00e1szai-d\u00edjas sz\u00ednm\u0171v\u00e9sz, \u00e9s tov\u00e1bbi meglepet\u00e9svend\u00e9gek.\"><strong>Vend\u00e9gek:<\/strong><\/p>\n<ul style=\"margin-left: 70px;\">\n<li tabindex=\"0\" aria-label=\"Vend\u00e9gel\u0151ad\u00f3k: Horv\u00e1th Korn\u00e9l Kossuth-d\u00edjas \u00fct\u0151hangszeres m\u0171v\u00e9sz, S\u00f3lyom Katalin J\u00e1szai-d\u00edjas sz\u00ednm\u0171v\u00e9sz, \u00e9s tov\u00e1bbi meglepet\u00e9svend\u00e9gek.\"><strong>Horv\u00e1th Korn\u00e9l<\/strong> Kossuth- \u00e9s Prima-d\u00edjas \u00fct\u0151hangszeres m\u0171v\u00e9sz<\/li>\n<li tabindex=\"0\" aria-label=\"Vend\u00e9gel\u0151ad\u00f3k: Horv\u00e1th Korn\u00e9l Kossuth-d\u00edjas \u00fct\u0151hangszeres m\u0171v\u00e9sz, S\u00f3lyom Katalin J\u00e1szai-d\u00edjas sz\u00ednm\u0171v\u00e9sz, \u00e9s tov\u00e1bbi meglepet\u00e9svend\u00e9gek.\"><strong>S\u00f3lyom Katalin<\/strong> J\u00e1szai-d\u00edjas sz\u00ednm\u0171v\u00e9sz<\/li>\n<li tabindex=\"0\" aria-label=\"Vend\u00e9gel\u0151ad\u00f3k: Horv\u00e1th Korn\u00e9l Kossuth-d\u00edjas \u00fct\u0151hangszeres m\u0171v\u00e9sz, S\u00f3lyom Katalin J\u00e1szai-d\u00edjas sz\u00ednm\u0171v\u00e9sz, \u00e9s tov\u00e1bbi meglepet\u00e9svend\u00e9gek.\">\u00e9s <strong>meglepet\u00e9svend\u00e9gek<\/strong><\/li>\n<\/ul>\n<p><strong>Bel\u00e9p\u0151jegyek:<\/strong><\/p>\n<p style=\"margin-left: 70px;\">A program ingyenes, de csak regisztr\u00e1ci\u00f3s jeggyel l\u00e1togathat\u00f3, amelyeket a ZS\u00d6K NKft. p\u00e9nzt\u00e1raiban lehet ig\u00e9nyelni (1 f\u0151 maximum 6 db-ot)<\/p>\n<p><a href=\"https:\/\/www.youtube.com\/watch?v=wF6WrWvCQ9M\" target=\"_blank\" rel=\"noopener\"><img loading=\"lazy\" decoding=\"async\" class=\"aligncenter size-full wp-image-5520\" src=\"https:\/\/szelkialto.hu\/wp-content\/uploads\/Szelkialto_Horvath-Kornel02.png\" alt=\"\" width=\"1446\" height=\"933\" srcset=\"https:\/\/szelkialto.hu\/wp-content\/uploads\/Szelkialto_Horvath-Kornel02.png 1446w, https:\/\/szelkialto.hu\/wp-content\/uploads\/Szelkialto_Horvath-Kornel02-300x194.png 300w, https:\/\/szelkialto.hu\/wp-content\/uploads\/Szelkialto_Horvath-Kornel02-1024x661.png 1024w, https:\/\/szelkialto.hu\/wp-content\/uploads\/Szelkialto_Horvath-Kornel02-768x496.png 768w\" sizes=\"auto, (max-width: 1446px) 100vw, 1446px\" \/><\/a><\/p>\n<p style=\"text-align: right;\"><span style=\"font-size: 10pt;\"><em>2023. m\u00e1jus 29. M2 Pet\u0151fi TV Akusztik \u2013 A38-as haj\u00f3<\/em><\/span><\/p>\n<p><strong><span style=\"font-size: 14pt;\">50 \u00e9ves lett a Sz\u00e9lki\u00e1lt\u00f3!<\/span><\/strong><\/p>\n<p>Vers \u00e9s dallam az id\u0151k kezdet\u00e9n m\u00e9g csak egy\u00fctt l\u00e9tezett. Jellemz\u0151 bizony\u00edt\u00e9k erre, hogy a k\u00f6lt\u00e9szet a <strong>lyra<\/strong> nev\u0171 \u00f3kori g\u00f6r\u00f6g hangszerr\u0151l kapta a nev\u00e9t. Ez az \u0151si \u00e1llapot volt a n\u00e9pdal.<\/p>\n<p>K\u00e9s\u0151bb, a k\u00fcl\u00f6nb\u00f6z\u0151 kult\u00far\u00e1kban elt\u00e9r\u0151 id\u0151kben ugyan, de v\u00e9g\u00fcl minden\u00fctt bek\u00f6vetkezett, hogy a sz\u00f6veg \u00e9s a zene teljesen sz\u00e9tv\u00e1ltak, \u00f6n\u00e1ll\u00f3 m\u0171v\u00e9szeti \u00e1gk\u00e9nt keltek \u00faj \u00e9letre. Mi megpr\u00f3b\u00e1ljuk \u00fajra k\u00f6zel\u00edteni \u0151ket egym\u00e1shoz, \u00fajra egyes\u00edteni \u0151ket.<\/p>\n<p>Munk\u00e1nkkal \u00f6tven \u00e9ve \u0151rizz\u00fck ezt a r\u00e9ges-r\u00e9gi hagyom\u00e1nyt, \u00e9s ezt pr\u00f3b\u00e1ljuk feleleven\u00edteni ezen a jubileumi koncerten is, ahol az elm\u00falt sok-sok \u00e9v dalaib\u00f3l pr\u00f3b\u00e1ljuk feleleven\u00edteni az elr\u00f6ppent id\u0151 fontos pillanatait.<\/p>\n<p>Tessz\u00fck ezt egy jeles napon, a <strong>magyar kult\u00fara napj\u00e1n<\/strong>, amely nap annak az esem\u00e9nynek \u00e1ll\u00edt eml\u00e9ket, hogy \u2013 a k\u00e9zirat tan\u00fas\u00e1ga szerint \u2013 <strong>K\u00f6lcsey Ferenc<\/strong> 1823-ban ezen a napon tiszt\u00e1zta le \u00e9s jel\u00f6lte meg d\u00e1tummal Csek\u00e9n a <strong>Himnusz<\/strong> k\u00e9zirat\u00e1t.<\/p>\n<p>Ebben nagy seg\u00edts\u00e9g\u00fcnkre lesznek vend\u00e9geink, <strong>S\u00f3lyom Katalin<\/strong> J\u00e1szai-d\u00edjas sz\u00edn\u00e9szn\u0151, akivel az elm\u00falt 50 \u00e9vb\u0151l t\u00f6bb \u00e9vtizedet j\u00e1tszottunk egy\u00fctt, valamint <strong>Horv\u00e1th Korn\u00e9l<\/strong> Kossuth- \u00e9s Prima-d\u00edjas \u00fct\u0151hangszeres bar\u00e1tunk, aki sz\u00e1mos lemez\u00fcnk\u00f6n m\u0171k\u00f6d\u00f6tt k\u00f6zre, \u00e9s akivel legut\u00f3bb 2023-ban az M2 Pet\u0151fi TV Akusztik c. sorozat\u00e1ban egy k\u00f6z\u00f6s koncertet adhattunk.<\/p>\n<p>Rajta k\u00edv\u00fcl lesz meglepet\u00e9s vend\u00e9g is, akinek kil\u00e9t\u00e9t most m\u00e9g nem \u00e1ruln\u00e1nk el.<\/p>\n<p>Mindenkit szeretettel v\u00e1runk a koncertre!<\/p>\n","protected":false},"excerpt":{"rendered":"<p>2025. janu\u00e1r 22. 19:00 A magyar kult\u00fara napja alkalm\u00e1b\u00f3l P\u00e9cs Megyei Jog\u00fa V\u00e1ros \u00d6nkorm\u00e1nyzata szervez\u00e9s\u00e9ben Vend\u00e9gek: Horv\u00e1th Korn\u00e9l Kossuth- \u00e9s Prima-d\u00edjas \u00fct\u0151hangszeres m\u0171v\u00e9sz S\u00f3lyom Katalin J\u00e1szai-d\u00edjas sz\u00ednm\u0171v\u00e9sz \u00e9s meglepet\u00e9svend\u00e9gek Bel\u00e9p\u0151jegyek: A program ingyenes, de csak regisztr\u00e1ci\u00f3s jeggyel l\u00e1togathat\u00f3, amelyeket a&#46;&#46;&#46;<\/p>\n","protected":false},"author":3,"featured_media":5536,"comment_status":"open","ping_status":"closed","sticky":false,"template":"","format":"standard","meta":{"footnotes":"","_links_to":"","_links_to_target":""},"categories":[219,53,12,4],"tags":[225,231,82,38],"class_list":["post-5519","post","type-post","status-publish","format-standard","has-post-thumbnail","hentry","category-50-eves-a-szelkialto","category-enekelt-vers","category-irodalom-2","category-koncertek","tag-50-eves-a-szelkialto","tag-horvath-kornel","tag-kodaly-kozpont","tag-solyom-kati"],"rttpg_featured_image_url":{"full":["https:\/\/szelkialto.hu\/wp-content\/uploads\/Szelkialto_Horvath-Kornel03.png",633,301,false],"landscape":["https:\/\/szelkialto.hu\/wp-content\/uploads\/Szelkialto_Horvath-Kornel03.png",633,301,false],"portraits":["https:\/\/szelkialto.hu\/wp-content\/uploads\/Szelkialto_Horvath-Kornel03.png",633,301,false],"thumbnail":["https:\/\/szelkialto.hu\/wp-content\/uploads\/Szelkialto_Horvath-Kornel03-150x150.png",150,150,true],"medium":["https:\/\/szelkialto.hu\/wp-content\/uploads\/Szelkialto_Horvath-Kornel03-300x143.png",300,143,true],"large":["https:\/\/szelkialto.hu\/wp-content\/uploads\/Szelkialto_Horvath-Kornel03.png",633,301,false],"1536x1536":["https:\/\/szelkialto.hu\/wp-content\/uploads\/Szelkialto_Horvath-Kornel03.png",633,301,false],"2048x2048":["https:\/\/szelkialto.hu\/wp-content\/uploads\/Szelkialto_Horvath-Kornel03.png",633,301,false],"thumb-small":["https:\/\/szelkialto.hu\/wp-content\/uploads\/Szelkialto_Horvath-Kornel03-80x80.png",80,80,true],"thumb-standard":["https:\/\/szelkialto.hu\/wp-content\/uploads\/Szelkialto_Horvath-Kornel03-320x301.png",320,301,true],"thumb-medium":["https:\/\/szelkialto.hu\/wp-content\/uploads\/Szelkialto_Horvath-Kornel03-520x245.png",520,245,true],"thumb-large":["https:\/\/szelkialto.hu\/wp-content\/uploads\/Szelkialto_Horvath-Kornel03.png",633,301,false],"thumb-xlarge":["https:\/\/szelkialto.hu\/wp-content\/uploads\/Szelkialto_Horvath-Kornel03.png",633,301,false],"thumb-xxlarge":["https:\/\/szelkialto.hu\/wp-content\/uploads\/Szelkialto_Horvath-Kornel03.png",633,301,false]},"rttpg_author":{"display_name":"Fenyvesi B\u00e9la","author_link":"https:\/\/szelkialto.hu\/?author=3"},"rttpg_comment":0,"rttpg_category":"<a href=\"https:\/\/szelkialto.hu\/?cat=219\" rel=\"category\">50 \u00e9ves a Sz\u00e9lki\u00e1lt\u00f3<\/a> <a href=\"https:\/\/szelkialto.hu\/?cat=53\" rel=\"category\">\u00e9nekelt vers<\/a> <a href=\"https:\/\/szelkialto.hu\/?cat=12\" rel=\"category\">irodalom<\/a> <a href=\"https:\/\/szelkialto.hu\/?cat=4\" rel=\"category\">koncertek<\/a>","rttpg_excerpt":"2025. janu\u00e1r 22. 19:00 A magyar kult\u00fara napja alkalm\u00e1b\u00f3l P\u00e9cs Megyei Jog\u00fa V\u00e1ros \u00d6nkorm\u00e1nyzata szervez\u00e9s\u00e9ben Vend\u00e9gek: Horv\u00e1th Korn\u00e9l Kossuth- \u00e9s Prima-d\u00edjas \u00fct\u0151hangszeres m\u0171v\u00e9sz S\u00f3lyom Katalin J\u00e1szai-d\u00edjas sz\u00ednm\u0171v\u00e9sz \u00e9s meglepet\u00e9svend\u00e9gek Bel\u00e9p\u0151jegyek: A program ingyenes, de csak regisztr\u00e1ci\u00f3s jeggyel l\u00e1togathat\u00f3, amelyeket a&#46;&#46;&#46;","_links":{"self":[{"href":"https:\/\/szelkialto.hu\/index.php?rest_route=\/wp\/v2\/posts\/5519","targetHints":{"allow":["GET"]}}],"collection":[{"href":"https:\/\/szelkialto.hu\/index.php?rest_route=\/wp\/v2\/posts"}],"about":[{"href":"https:\/\/szelkialto.hu\/index.php?rest_route=\/wp\/v2\/types\/post"}],"author":[{"embeddable":true,"href":"https:\/\/szelkialto.hu\/index.php?rest_route=\/wp\/v2\/users\/3"}],"replies":[{"embeddable":true,"href":"https:\/\/szelkialto.hu\/index.php?rest_route=%2Fwp%2Fv2%2Fcomments&post=5519"}],"version-history":[{"count":20,"href":"https:\/\/szelkialto.hu\/index.php?rest_route=\/wp\/v2\/posts\/5519\/revisions"}],"predecessor-version":[{"id":5543,"href":"https:\/\/szelkialto.hu\/index.php?rest_route=\/wp\/v2\/posts\/5519\/revisions\/5543"}],"wp:featuredmedia":[{"embeddable":true,"href":"https:\/\/szelkialto.hu\/index.php?rest_route=\/wp\/v2\/media\/5536"}],"wp:attachment":[{"href":"https:\/\/szelkialto.hu\/index.php?rest_route=%2Fwp%2Fv2%2Fmedia&parent=5519"}],"wp:term":[{"taxonomy":"category","embeddable":true,"href":"https:\/\/szelkialto.hu\/index.php?rest_route=%2Fwp%2Fv2%2Fcategories&post=5519"},{"taxonomy":"post_tag","embeddable":true,"href":"https:\/\/szelkialto.hu\/index.php?rest_route=%2Fwp%2Fv2%2Ftags&post=5519"}],"curies":[{"name":"wp","href":"https:\/\/api.w.org\/{rel}","templated":true}]}}