{"id":5589,"date":"2025-05-13T13:20:59","date_gmt":"2025-05-13T11:20:59","guid":{"rendered":"https:\/\/szelkialto.hu\/?p=5589"},"modified":"2025-05-20T14:34:15","modified_gmt":"2025-05-20T12:34:15","slug":"pecsi-muveszek-rozs-tamasert","status":"publish","type":"post","link":"https:\/\/szelkialto.hu\/?p=5589","title":{"rendered":"P\u00e9csi m\u0171v\u00e9szek Rozs Tam\u00e1s\u00e9rt&#8230;"},"content":{"rendered":"<p>M\u0171v\u00e9sz bar\u00e1taink \u2013 sz\u00edn\u00e9szek, zen\u00e9szek, \u00edr\u00f3k, k\u00f6lt\u0151k \u2013 felaj\u00e1nl\u00e1s\u00e1val \u00e9s \u00f6sszefog\u00e1s\u00e1val p\u00f3dium estet szervez\u00fcnk a r\u00e1kkal k\u00fczd\u0151 Rozs Tam\u00e1s zen\u00e9szt\u00e1rsunk \/ bar\u00e1tunk jav\u00e1ra.<\/p>\n<p style=\"padding-left: 40px;\"><span style=\"font-size: 14pt;\"><strong>2025. m\u00e1jus 26. 19:00 \u00f3ra<\/strong><\/span><br \/>\n<span style=\"font-size: 14pt;\"><strong>PTE M\u0171v\u00e9szeti Kar, Liszt-terem<\/strong><\/span><br \/>\n<span style=\"font-size: 14pt;\"><em>(Zsolnay Kultur\u00e1lis Negyed)<\/em><\/span><\/p>\n<p>Az est vend\u00e9gei lesznek:<\/p>\n<ul>\n<li style=\"list-style-type: none;\">\n<ul>\n<li style=\"list-style-type: none;\">\n<ul>\n<li><strong>S\u00f3lyom Katalin<\/strong> J\u00e1szai-d\u00edjas sz\u00ednm\u0171v\u00e9sz<\/li>\n<li><strong>N\u00e9meth J\u00e1nos<\/strong> sz\u00ednm\u0171v\u00e9sz<\/li>\n<li><strong>Nagy Band\u00f3 Andr\u00e1s<\/strong> \u00edr\u00f3, k\u00f6lt\u0151, humorista<\/li>\n<li>a <strong>Janus Egyetemi Sz\u00ednh\u00e1z<\/strong> m\u0171v\u00e9szei<\/li>\n<li><strong>Beck Zolt\u00e1n<\/strong>, a 30Y egy\u00fcttes alap\u00edt\u00f3ja, \u00e9nekes, dalszerz\u0151, tan\u00e1r<\/li>\n<li>a <strong>Simply English Egy\u00fcttes<\/strong>, Andy Rouse \u00e9s Horv\u00e1th Zsombor<\/li>\n<li>a <strong>Zeng\u0151 Egy\u00fcttes<\/strong> Bergics Lajos vezet\u00e9s\u00e9vel<\/li>\n<li><strong>Balogh Robert<\/strong> \u00edr\u00f3, k\u00f6lt\u0151<\/li>\n<li><strong>Csord\u00e1s Kata<\/strong> k\u00f6lt\u0151<\/li>\n<li><strong>Meliorisz B\u00e9la<\/strong> k\u00f6lt\u0151<\/li>\n<li><strong>M\u00e9hes K\u00e1roly<\/strong> \u00edr\u00f3, k\u00f6lt\u0151<\/li>\n<li>a <strong>Gandhi Hagyom\u00e1ny\u0151rz\u0151 Egy\u00fcttes<\/strong> Horv\u00e1th Kriszti\u00e1n vezet\u00e9s\u00e9vel<strong><br \/>\n<\/strong><\/li>\n<li><strong>Fenyvesi B\u00e9la<\/strong> \u00e9s <strong>Lakner Tam\u00e1s<\/strong>, a <strong>Sz\u00e9lki\u00e1lt\u00f3<\/strong> egy\u00fcttes tagjai<\/li>\n<\/ul>\n<\/li>\n<\/ul>\n<\/li>\n<\/ul>\n<p>Az estre a bel\u00e9p\u00e9s ingyenes.<\/p>\n<p>A helysz\u00ednen lehet\u0151s\u00e9g lesz a beteg zen\u00e9szt\u00e1rsunk jav\u00e1ra t\u00f6rt\u00e9n\u0151 adakoz\u00e1sra kinek-kinek kedve \u00e9s lehet\u0151s\u00e9gei szerint.<\/p>\n<p><strong>Helyfoglal\u00e1s \u00e9rkez\u00e9si sorrendben!<\/strong><br \/>\nMinden \u00e9rdekl\u0151d\u0151t szeretettel v\u00e1runk!<\/p>\n<p>A rendezv\u00e9nyt \u00e9s Rozs Tam\u00e1st \u2013 a <strong>fell\u00e9p\u0151k\u00f6n<\/strong> \u00e9s a <strong>szervez\u0151k\u00f6n<\/strong> k\u00edv\u00fcl \u2013 t\u00e1mogatja <strong>P\u00e9cs M. J. V. \u00d6nkorm\u00e1nyzata<\/strong> \u00e9s a <strong>P\u00e9csi Tudom\u00e1ny Egyetem M\u0171v\u00e9szeti Kara<\/strong>.<\/p>\n<p><img loading=\"lazy\" decoding=\"async\" class=\"aligncenter wp-image-5591 size-medium\" src=\"https:\/\/szelkialto.hu\/wp-content\/uploads\/rozs07-300x215.jpg\" alt=\"\" width=\"300\" height=\"215\" srcset=\"https:\/\/szelkialto.hu\/wp-content\/uploads\/rozs07-300x215.jpg 300w, https:\/\/szelkialto.hu\/wp-content\/uploads\/rozs07-768x551.jpg 768w, https:\/\/szelkialto.hu\/wp-content\/uploads\/rozs07.jpg 1000w\" sizes=\"auto, (max-width: 300px) 100vw, 300px\" \/><\/p>\n<p>&nbsp;<\/p>\n","protected":false},"excerpt":{"rendered":"<p>M\u0171v\u00e9sz bar\u00e1taink \u2013 sz\u00edn\u00e9szek, zen\u00e9szek, \u00edr\u00f3k, k\u00f6lt\u0151k \u2013 felaj\u00e1nl\u00e1s\u00e1val \u00e9s \u00f6sszefog\u00e1s\u00e1val p\u00f3dium estet szervez\u00fcnk a r\u00e1kkal k\u00fczd\u0151 Rozs Tam\u00e1s zen\u00e9szt\u00e1rsunk \/ bar\u00e1tunk jav\u00e1ra. 2025. m\u00e1jus 26. 19:00 \u00f3ra PTE M\u0171v\u00e9szeti Kar, Liszt-terem (Zsolnay Kultur\u00e1lis Negyed) Az est vend\u00e9gei lesznek: S\u00f3lyom&#46;&#46;&#46;<\/p>\n","protected":false},"author":3,"featured_media":5592,"comment_status":"open","ping_status":"closed","sticky":false,"template":"","format":"standard","meta":{"footnotes":"","_links_to":"","_links_to_target":""},"categories":[219,53,12,88,11,14],"tags":[240,168,244,247,241,238,246,245,242,237,236,214,38,243],"class_list":["post-5589","post","type-post","status-publish","format-standard","has-post-thumbnail","hentry","category-50-eves-a-szelkialto","category-enekelt-vers","category-irodalom-2","category-jokivansag","category-koltok","category-zeneszek","tag-balogh-robert","tag-beck-zoli","tag-csordas-kata","tag-gandhi-hagyomanyorzo-egyuttes","tag-janus-egyetemi-szinhaz","tag-lovasi-andras","tag-mehes-karoly","tag-meliorisz-bela","tag-nagy-bando-andras","tag-nemeth-janos","tag-rak","tag-rozs-tamas","tag-solyom-kati","tag-zengo-egyuttes"],"rttpg_featured_image_url":{"full":["https:\/\/szelkialto.hu\/wp-content\/uploads\/rozs08.jpg",633,301,false],"landscape":["https:\/\/szelkialto.hu\/wp-content\/uploads\/rozs08.jpg",633,301,false],"portraits":["https:\/\/szelkialto.hu\/wp-content\/uploads\/rozs08.jpg",633,301,false],"thumbnail":["https:\/\/szelkialto.hu\/wp-content\/uploads\/rozs08-150x150.jpg",150,150,true],"medium":["https:\/\/szelkialto.hu\/wp-content\/uploads\/rozs08-300x143.jpg",300,143,true],"large":["https:\/\/szelkialto.hu\/wp-content\/uploads\/rozs08.jpg",633,301,false],"1536x1536":["https:\/\/szelkialto.hu\/wp-content\/uploads\/rozs08.jpg",633,301,false],"2048x2048":["https:\/\/szelkialto.hu\/wp-content\/uploads\/rozs08.jpg",633,301,false],"thumb-small":["https:\/\/szelkialto.hu\/wp-content\/uploads\/rozs08-80x80.jpg",80,80,true],"thumb-standard":["https:\/\/szelkialto.hu\/wp-content\/uploads\/rozs08-320x301.jpg",320,301,true],"thumb-medium":["https:\/\/szelkialto.hu\/wp-content\/uploads\/rozs08-520x245.jpg",520,245,true],"thumb-large":["https:\/\/szelkialto.hu\/wp-content\/uploads\/rozs08.jpg",633,301,false],"thumb-xlarge":["https:\/\/szelkialto.hu\/wp-content\/uploads\/rozs08.jpg",633,301,false],"thumb-xxlarge":["https:\/\/szelkialto.hu\/wp-content\/uploads\/rozs08.jpg",633,301,false]},"rttpg_author":{"display_name":"Fenyvesi B\u00e9la","author_link":"https:\/\/szelkialto.hu\/?author=3"},"rttpg_comment":0,"rttpg_category":"<a href=\"https:\/\/szelkialto.hu\/?cat=219\" rel=\"category\">50 \u00e9ves a Sz\u00e9lki\u00e1lt\u00f3<\/a> <a href=\"https:\/\/szelkialto.hu\/?cat=53\" rel=\"category\">\u00e9nekelt vers<\/a> <a href=\"https:\/\/szelkialto.hu\/?cat=12\" rel=\"category\">irodalom<\/a> <a href=\"https:\/\/szelkialto.hu\/?cat=88\" rel=\"category\">j\u00f3k\u00edv\u00e1ns\u00e1g<\/a> <a href=\"https:\/\/szelkialto.hu\/?cat=11\" rel=\"category\">k\u00f6lt\u0151k<\/a> <a href=\"https:\/\/szelkialto.hu\/?cat=14\" rel=\"category\">zen\u00e9szek<\/a>","rttpg_excerpt":"M\u0171v\u00e9sz bar\u00e1taink \u2013 sz\u00edn\u00e9szek, zen\u00e9szek, \u00edr\u00f3k, k\u00f6lt\u0151k \u2013 felaj\u00e1nl\u00e1s\u00e1val \u00e9s \u00f6sszefog\u00e1s\u00e1val p\u00f3dium estet szervez\u00fcnk a r\u00e1kkal k\u00fczd\u0151 Rozs Tam\u00e1s zen\u00e9szt\u00e1rsunk \/ bar\u00e1tunk jav\u00e1ra. 2025. m\u00e1jus 26. 19:00 \u00f3ra PTE M\u0171v\u00e9szeti Kar, Liszt-terem (Zsolnay Kultur\u00e1lis Negyed) Az est vend\u00e9gei lesznek: S\u00f3lyom&#46;&#46;&#46;","_links":{"self":[{"href":"https:\/\/szelkialto.hu\/index.php?rest_route=\/wp\/v2\/posts\/5589","targetHints":{"allow":["GET"]}}],"collection":[{"href":"https:\/\/szelkialto.hu\/index.php?rest_route=\/wp\/v2\/posts"}],"about":[{"href":"https:\/\/szelkialto.hu\/index.php?rest_route=\/wp\/v2\/types\/post"}],"author":[{"embeddable":true,"href":"https:\/\/szelkialto.hu\/index.php?rest_route=\/wp\/v2\/users\/3"}],"replies":[{"embeddable":true,"href":"https:\/\/szelkialto.hu\/index.php?rest_route=%2Fwp%2Fv2%2Fcomments&post=5589"}],"version-history":[{"count":11,"href":"https:\/\/szelkialto.hu\/index.php?rest_route=\/wp\/v2\/posts\/5589\/revisions"}],"predecessor-version":[{"id":5603,"href":"https:\/\/szelkialto.hu\/index.php?rest_route=\/wp\/v2\/posts\/5589\/revisions\/5603"}],"wp:featuredmedia":[{"embeddable":true,"href":"https:\/\/szelkialto.hu\/index.php?rest_route=\/wp\/v2\/media\/5592"}],"wp:attachment":[{"href":"https:\/\/szelkialto.hu\/index.php?rest_route=%2Fwp%2Fv2%2Fmedia&parent=5589"}],"wp:term":[{"taxonomy":"category","embeddable":true,"href":"https:\/\/szelkialto.hu\/index.php?rest_route=%2Fwp%2Fv2%2Fcategories&post=5589"},{"taxonomy":"post_tag","embeddable":true,"href":"https:\/\/szelkialto.hu\/index.php?rest_route=%2Fwp%2Fv2%2Ftags&post=5589"}],"curies":[{"name":"wp","href":"https:\/\/api.w.org\/{rel}","templated":true}]}}