{"id":5605,"date":"2025-06-03T08:09:47","date_gmt":"2025-06-03T06:09:47","guid":{"rendered":"https:\/\/szelkialto.hu\/?p=5605"},"modified":"2025-06-03T08:25:11","modified_gmt":"2025-06-03T06:25:11","slug":"koszonet-minden-tamogatasert","status":"publish","type":"post","link":"https:\/\/szelkialto.hu\/?p=5605","title":{"rendered":"K\u00f6sz\u00f6net minden t\u00e1mogat\u00e1s\u00e9rt&#8230;"},"content":{"rendered":"<p>K\u00f6sz\u00f6nj\u00fck mindenkinek a t\u00e1mogat\u00e1st, aki elj\u00f6tt a 2025. m\u00e1jus 26-\u00e1n tartott t\u00e1mogat\u00f3 est\u00fcnkre a Liszt Terembe, amelyet a betegs\u00e9ggel k\u00fczd\u0151 <strong>Rozs Tam\u00e1s<\/strong> zen\u00e9szt\u00e1rsunk \u00e9s bar\u00e1tunk jav\u00e1ra szervezt\u00fcnk.<\/p>\n<p>K\u00f6sz\u00f6nj\u00fck a P\u00e9csTV-nek is az al\u00e1bbi besz\u00e1mol\u00f3t az esem\u00e9nyr\u0151l:<\/p>\n<div style=\"width: 1280px;\" class=\"wp-video\"><video class=\"wp-video-shortcode\" id=\"video-5605-1\" width=\"1280\" height=\"720\" preload=\"metadata\" controls=\"controls\"><source type=\"video\/mp4\" src=\"https:\/\/szelkialto.hu\/wp-content\/uploads\/2025-05-30-PecsTV_Hirado.mp4?_=1\" \/><a href=\"https:\/\/szelkialto.hu\/wp-content\/uploads\/2025-05-30-PecsTV_Hirado.mp4\">https:\/\/szelkialto.hu\/wp-content\/uploads\/2025-05-30-PecsTV_Hirado.mp4<\/a><\/video><\/div>\n<p style=\"margin-top: 24px;\">Mindenkinek betegs\u00e9gmentes sz\u00e9p \u00e9letet k\u00edv\u00e1nunk!<\/p>\n","protected":false},"excerpt":{"rendered":"<p>K\u00f6sz\u00f6nj\u00fck mindenkinek a t\u00e1mogat\u00e1st, aki elj\u00f6tt a 2025. m\u00e1jus 26-\u00e1n tartott t\u00e1mogat\u00f3 est\u00fcnkre a Liszt Terembe, amelyet a betegs\u00e9ggel k\u00fczd\u0151 Rozs Tam\u00e1s zen\u00e9szt\u00e1rsunk \u00e9s bar\u00e1tunk jav\u00e1ra szervezt\u00fcnk. K\u00f6sz\u00f6nj\u00fck a P\u00e9csTV-nek is az al\u00e1bbi besz\u00e1mol\u00f3t az esem\u00e9nyr\u0151l: Mindenkinek betegs\u00e9gmentes sz\u00e9p \u00e9letet&#46;&#46;&#46;<\/p>\n","protected":false},"author":3,"featured_media":5614,"comment_status":"open","ping_status":"closed","sticky":false,"template":"","format":"standard","meta":{"footnotes":"","_links_to":"","_links_to_target":""},"categories":[1],"tags":[],"class_list":["post-5605","post","type-post","status-publish","format-standard","has-post-thumbnail","hentry","category-nincs-kategorizalva"],"rttpg_featured_image_url":{"full":["https:\/\/szelkialto.hu\/wp-content\/uploads\/pecs_logo.png",633,301,false],"landscape":["https:\/\/szelkialto.hu\/wp-content\/uploads\/pecs_logo.png",633,301,false],"portraits":["https:\/\/szelkialto.hu\/wp-content\/uploads\/pecs_logo.png",633,301,false],"thumbnail":["https:\/\/szelkialto.hu\/wp-content\/uploads\/pecs_logo-150x150.png",150,150,true],"medium":["https:\/\/szelkialto.hu\/wp-content\/uploads\/pecs_logo-300x143.png",300,143,true],"large":["https:\/\/szelkialto.hu\/wp-content\/uploads\/pecs_logo.png",633,301,false],"1536x1536":["https:\/\/szelkialto.hu\/wp-content\/uploads\/pecs_logo.png",633,301,false],"2048x2048":["https:\/\/szelkialto.hu\/wp-content\/uploads\/pecs_logo.png",633,301,false],"thumb-small":["https:\/\/szelkialto.hu\/wp-content\/uploads\/pecs_logo-80x80.png",80,80,true],"thumb-standard":["https:\/\/szelkialto.hu\/wp-content\/uploads\/pecs_logo-320x301.png",320,301,true],"thumb-medium":["https:\/\/szelkialto.hu\/wp-content\/uploads\/pecs_logo-520x245.png",520,245,true],"thumb-large":["https:\/\/szelkialto.hu\/wp-content\/uploads\/pecs_logo.png",633,301,false],"thumb-xlarge":["https:\/\/szelkialto.hu\/wp-content\/uploads\/pecs_logo.png",633,301,false],"thumb-xxlarge":["https:\/\/szelkialto.hu\/wp-content\/uploads\/pecs_logo.png",633,301,false]},"rttpg_author":{"display_name":"Fenyvesi B\u00e9la","author_link":"https:\/\/szelkialto.hu\/?author=3"},"rttpg_comment":0,"rttpg_category":"<a href=\"https:\/\/szelkialto.hu\/?cat=1\" rel=\"category\">Nincs kategoriz\u00e1lva<\/a>","rttpg_excerpt":"K\u00f6sz\u00f6nj\u00fck mindenkinek a t\u00e1mogat\u00e1st, aki elj\u00f6tt a 2025. m\u00e1jus 26-\u00e1n tartott t\u00e1mogat\u00f3 est\u00fcnkre a Liszt Terembe, amelyet a betegs\u00e9ggel k\u00fczd\u0151 Rozs Tam\u00e1s zen\u00e9szt\u00e1rsunk \u00e9s bar\u00e1tunk jav\u00e1ra szervezt\u00fcnk. K\u00f6sz\u00f6nj\u00fck a P\u00e9csTV-nek is az al\u00e1bbi besz\u00e1mol\u00f3t az esem\u00e9nyr\u0151l: Mindenkinek betegs\u00e9gmentes sz\u00e9p \u00e9letet&#46;&#46;&#46;","_links":{"self":[{"href":"https:\/\/szelkialto.hu\/index.php?rest_route=\/wp\/v2\/posts\/5605","targetHints":{"allow":["GET"]}}],"collection":[{"href":"https:\/\/szelkialto.hu\/index.php?rest_route=\/wp\/v2\/posts"}],"about":[{"href":"https:\/\/szelkialto.hu\/index.php?rest_route=\/wp\/v2\/types\/post"}],"author":[{"embeddable":true,"href":"https:\/\/szelkialto.hu\/index.php?rest_route=\/wp\/v2\/users\/3"}],"replies":[{"embeddable":true,"href":"https:\/\/szelkialto.hu\/index.php?rest_route=%2Fwp%2Fv2%2Fcomments&post=5605"}],"version-history":[{"count":7,"href":"https:\/\/szelkialto.hu\/index.php?rest_route=\/wp\/v2\/posts\/5605\/revisions"}],"predecessor-version":[{"id":5613,"href":"https:\/\/szelkialto.hu\/index.php?rest_route=\/wp\/v2\/posts\/5605\/revisions\/5613"}],"wp:featuredmedia":[{"embeddable":true,"href":"https:\/\/szelkialto.hu\/index.php?rest_route=\/wp\/v2\/media\/5614"}],"wp:attachment":[{"href":"https:\/\/szelkialto.hu\/index.php?rest_route=%2Fwp%2Fv2%2Fmedia&parent=5605"}],"wp:term":[{"taxonomy":"category","embeddable":true,"href":"https:\/\/szelkialto.hu\/index.php?rest_route=%2Fwp%2Fv2%2Fcategories&post=5605"},{"taxonomy":"post_tag","embeddable":true,"href":"https:\/\/szelkialto.hu\/index.php?rest_route=%2Fwp%2Fv2%2Ftags&post=5605"}],"curies":[{"name":"wp","href":"https:\/\/api.w.org\/{rel}","templated":true}]}}