{"id":5657,"date":"2026-03-11T18:35:20","date_gmt":"2026-03-11T17:35:20","guid":{"rendered":"https:\/\/szelkialto.hu\/?p=5657"},"modified":"2026-03-11T18:54:00","modified_gmt":"2026-03-11T17:54:00","slug":"szelkialto-a-bartok-radion","status":"publish","type":"post","link":"https:\/\/szelkialto.hu\/?p=5657","title":{"rendered":"Sz\u00e9lki\u00e1lt\u00f3 a Bart\u00f3k R\u00e1di\u00f3n&#8230;"},"content":{"rendered":"<table style=\"border-collapse: collapse; width: 100%;\">\n<tbody>\n<tr>\n<td style=\"width: 50%;\"><img loading=\"lazy\" decoding=\"async\" class=\"aligncenter wp-image-5658 size-medium\" src=\"https:\/\/szelkialto.hu\/wp-content\/uploads\/Bartok_Radio_logo-237x300.jpg\" alt=\"\" width=\"237\" height=\"300\" srcset=\"https:\/\/szelkialto.hu\/wp-content\/uploads\/Bartok_Radio_logo-237x300.jpg 237w, https:\/\/szelkialto.hu\/wp-content\/uploads\/Bartok_Radio_logo.jpg 447w\" sizes=\"auto, (max-width: 237px) 100vw, 237px\" \/><\/td>\n<td style=\"width: 50%;\"><img loading=\"lazy\" decoding=\"async\" class=\"aligncenter wp-image-5659 size-medium\" src=\"https:\/\/szelkialto.hu\/wp-content\/uploads\/Sebo_Ferenc-237x300.jpg\" alt=\"\" width=\"237\" height=\"300\" srcset=\"https:\/\/szelkialto.hu\/wp-content\/uploads\/Sebo_Ferenc-237x300.jpg 237w, https:\/\/szelkialto.hu\/wp-content\/uploads\/Sebo_Ferenc.jpg 447w\" sizes=\"auto, (max-width: 237px) 100vw, 237px\" \/><\/td>\n<\/tr>\n<tr>\n<td style=\"width: 50%;\">\u00a0<\/td>\n<td style=\"width: 50%; text-align: center;\"><span style=\"font-size: 10pt;\"><strong>Seb\u0151 Ferenc<br \/>\n<\/strong><\/span><span style=\"font-size: 8pt;\"><em>fot\u00f3: V\u00e1lasz Online \/ V\u00f6r\u00f6s Szabolcs<\/em><\/span><\/td>\n<\/tr>\n<\/tbody>\n<\/table>\n<p><strong>Seb\u0151 Ferenc<\/strong> bar\u00e1tunknak k\u00f6sz\u00f6nhet\u0151en a <strong>Bart\u00f3k R\u00e1di\u00f3n<\/strong> h\u00e9tf\u0151nk\u00e9nt a 12:05-kor kezd\u0151d\u0151 <strong>N\u00e9pzene \u2013 Fiatalok hangja<\/strong> c. m\u0171sorban 2026.02.16. \u00f3ta csak Sz\u00e9lki\u00e1lt\u00f3t lehet hallgatni. Eddig n\u00e9gy r\u00e9sz ment le, amelyek az al\u00e1bbi linkeken hallgathat\u00f3k meg:<\/p>\n<ul>\n<li style=\"list-style-type: none;\">\n<ul>\n<li><span style=\"font-family: arial, helvetica, sans-serif;\"><a href=\"https:\/\/mediaklikk.hu\/audio\/bartok-radio\/2026\/02\/16\/12-05\/zene\/nepzene\" target=\"_blank\" rel=\"noopener\"><span style=\"font-size: 11pt;\">https:\/\/mediaklikk.hu\/audio\/bartok-radio\/2026\/02\/16\/12-05\/zene\/nepzene<\/span><\/a><\/span><\/li>\n<li><span style=\"font-family: arial, helvetica, sans-serif;\"><a href=\"https:\/\/mediaklikk.hu\/audio\/bartok-radio\/2026\/02\/23\/12-05\/zene\/nepzene\" target=\"_blank\" rel=\"noopener\"><span style=\"font-size: 11pt;\">https:\/\/mediaklikk.hu\/audio\/bartok-radio\/2026\/02\/23\/12-05\/zene\/nepzene<\/span><\/a><\/span><\/li>\n<li><span style=\"font-family: arial, helvetica, sans-serif;\"><a href=\"https:\/\/mediaklikk.hu\/audio\/bartok-radio\/2026\/03\/02\/12-05\/zene\/nepzene\" target=\"_blank\" rel=\"noopener\"><span style=\"font-size: 11pt;\">https:\/\/mediaklikk.hu\/audio\/bartok-radio\/2026\/03\/02\/12-05\/zene\/nepzene<\/span><\/a><\/span><\/li>\n<li><a href=\"https:\/\/mediaklikk.hu\/audio\/bartok-radio\/2026\/03\/09\/12-05\/zene\/nepzene\" target=\"_blank\" rel=\"noopener\"><span style=\"font-size: 11pt;\"><span style=\"font-family: book antiqua, palatino, serif;\"><span style=\"font-family: arial, helvetica, sans-serif;\">https:\/\/mediaklikk.hu\/audio\/bartok-radio\/2026\/03\/09\/12-05\/zene\/nepzene<\/span><\/span><\/span><\/a><\/li>\n<\/ul>\n<\/li>\n<\/ul>\n<p><em>A m\u0171sorok az els\u0151 elhangz\u00e1s ut\u00e1n 60 napig hallgathat\u00f3k vissza.<\/em><\/p>\n<p>Mindenkinek j\u00f3 zenehallgat\u00e1st!<\/p>\n","protected":false},"excerpt":{"rendered":"<p>\u00a0 Seb\u0151 Ferenc fot\u00f3: V\u00e1lasz Online \/ V\u00f6r\u00f6s Szabolcs Seb\u0151 Ferenc bar\u00e1tunknak k\u00f6sz\u00f6nhet\u0151en a Bart\u00f3k R\u00e1di\u00f3n h\u00e9tf\u0151nk\u00e9nt a 12:05-kor kezd\u0151d\u0151 N\u00e9pzene \u2013 Fiatalok hangja c. m\u0171sorban 2026.02.16. \u00f3ta csak Sz\u00e9lki\u00e1lt\u00f3t lehet hallgatni. Eddig n\u00e9gy r\u00e9sz ment le, amelyek az al\u00e1bbi&#46;&#46;&#46;<\/p>\n","protected":false},"author":3,"featured_media":5665,"comment_status":"open","ping_status":"closed","sticky":false,"template":"","format":"standard","meta":{"footnotes":"","_links_to":"","_links_to_target":""},"categories":[1],"tags":[],"class_list":["post-5657","post","type-post","status-publish","format-standard","has-post-thumbnail","hentry","category-nincs-kategorizalva"],"rttpg_featured_image_url":{"full":["https:\/\/szelkialto.hu\/wp-content\/uploads\/Bartok_Radio_logo02.png",633,301,false],"landscape":["https:\/\/szelkialto.hu\/wp-content\/uploads\/Bartok_Radio_logo02.png",633,301,false],"portraits":["https:\/\/szelkialto.hu\/wp-content\/uploads\/Bartok_Radio_logo02.png",633,301,false],"thumbnail":["https:\/\/szelkialto.hu\/wp-content\/uploads\/Bartok_Radio_logo02-150x150.png",150,150,true],"medium":["https:\/\/szelkialto.hu\/wp-content\/uploads\/Bartok_Radio_logo02-300x143.png",300,143,true],"large":["https:\/\/szelkialto.hu\/wp-content\/uploads\/Bartok_Radio_logo02.png",633,301,false],"1536x1536":["https:\/\/szelkialto.hu\/wp-content\/uploads\/Bartok_Radio_logo02.png",633,301,false],"2048x2048":["https:\/\/szelkialto.hu\/wp-content\/uploads\/Bartok_Radio_logo02.png",633,301,false],"thumb-small":["https:\/\/szelkialto.hu\/wp-content\/uploads\/Bartok_Radio_logo02-80x80.png",80,80,true],"thumb-standard":["https:\/\/szelkialto.hu\/wp-content\/uploads\/Bartok_Radio_logo02-320x301.png",320,301,true],"thumb-medium":["https:\/\/szelkialto.hu\/wp-content\/uploads\/Bartok_Radio_logo02-520x245.png",520,245,true],"thumb-large":["https:\/\/szelkialto.hu\/wp-content\/uploads\/Bartok_Radio_logo02.png",633,301,false],"thumb-xlarge":["https:\/\/szelkialto.hu\/wp-content\/uploads\/Bartok_Radio_logo02.png",633,301,false],"thumb-xxlarge":["https:\/\/szelkialto.hu\/wp-content\/uploads\/Bartok_Radio_logo02.png",633,301,false]},"rttpg_author":{"display_name":"Fenyvesi B\u00e9la","author_link":"https:\/\/szelkialto.hu\/?author=3"},"rttpg_comment":0,"rttpg_category":"<a href=\"https:\/\/szelkialto.hu\/?cat=1\" rel=\"category\">Nincs kategoriz\u00e1lva<\/a>","rttpg_excerpt":"\u00a0 Seb\u0151 Ferenc fot\u00f3: V\u00e1lasz Online \/ V\u00f6r\u00f6s Szabolcs Seb\u0151 Ferenc bar\u00e1tunknak k\u00f6sz\u00f6nhet\u0151en a Bart\u00f3k R\u00e1di\u00f3n h\u00e9tf\u0151nk\u00e9nt a 12:05-kor kezd\u0151d\u0151 N\u00e9pzene \u2013 Fiatalok hangja c. m\u0171sorban 2026.02.16. \u00f3ta csak Sz\u00e9lki\u00e1lt\u00f3t lehet hallgatni. Eddig n\u00e9gy r\u00e9sz ment le, amelyek az al\u00e1bbi&#46;&#46;&#46;","_links":{"self":[{"href":"https:\/\/szelkialto.hu\/index.php?rest_route=\/wp\/v2\/posts\/5657","targetHints":{"allow":["GET"]}}],"collection":[{"href":"https:\/\/szelkialto.hu\/index.php?rest_route=\/wp\/v2\/posts"}],"about":[{"href":"https:\/\/szelkialto.hu\/index.php?rest_route=\/wp\/v2\/types\/post"}],"author":[{"embeddable":true,"href":"https:\/\/szelkialto.hu\/index.php?rest_route=\/wp\/v2\/users\/3"}],"replies":[{"embeddable":true,"href":"https:\/\/szelkialto.hu\/index.php?rest_route=%2Fwp%2Fv2%2Fcomments&post=5657"}],"version-history":[{"count":10,"href":"https:\/\/szelkialto.hu\/index.php?rest_route=\/wp\/v2\/posts\/5657\/revisions"}],"predecessor-version":[{"id":5671,"href":"https:\/\/szelkialto.hu\/index.php?rest_route=\/wp\/v2\/posts\/5657\/revisions\/5671"}],"wp:featuredmedia":[{"embeddable":true,"href":"https:\/\/szelkialto.hu\/index.php?rest_route=\/wp\/v2\/media\/5665"}],"wp:attachment":[{"href":"https:\/\/szelkialto.hu\/index.php?rest_route=%2Fwp%2Fv2%2Fmedia&parent=5657"}],"wp:term":[{"taxonomy":"category","embeddable":true,"href":"https:\/\/szelkialto.hu\/index.php?rest_route=%2Fwp%2Fv2%2Fcategories&post=5657"},{"taxonomy":"post_tag","embeddable":true,"href":"https:\/\/szelkialto.hu\/index.php?rest_route=%2Fwp%2Fv2%2Ftags&post=5657"}],"curies":[{"name":"wp","href":"https:\/\/api.w.org\/{rel}","templated":true}]}}