{"id":5723,"date":"2026-08-31T14:41:27","date_gmt":"2026-08-31T12:41:27","guid":{"rendered":"https:\/\/szelkialto.hu\/?p=5723"},"modified":"2026-08-31T14:54:36","modified_gmt":"2026-08-31T12:54:36","slug":"szelkialto-koncert-a-ii-magyar-egeszseg-pikniken","status":"publish","type":"post","link":"https:\/\/szelkialto.hu\/?p=5723","title":{"rendered":"Sz\u00e9lki\u00e1lt\u00f3 koncert a II. Magyar Eg\u00e9szs\u00e9g Pikniken"},"content":{"rendered":"<p><span style=\"font-size: 14pt;\"><strong>2026. szeptember 12. 12:00 Budapest<\/strong><\/span><br \/>\n<span style=\"font-size: 14pt;\"><strong>Magyar Nemzeti M\u00fazeum<\/strong><\/span><br \/>\n<span style=\"font-size: 14pt;\"><strong>M\u00fazeumkert<\/strong><\/span><\/p>\n<p><img loading=\"lazy\" decoding=\"async\" class=\"aligncenter size-full wp-image-5724\" src=\"https:\/\/szelkialto.hu\/wp-content\/uploads\/Magyar_Egeszseg_Piknik02.png\" alt=\"\" width=\"620\" height=\"877\" srcset=\"https:\/\/szelkialto.hu\/wp-content\/uploads\/Magyar_Egeszseg_Piknik02.png 620w, https:\/\/szelkialto.hu\/wp-content\/uploads\/Magyar_Egeszseg_Piknik02-212x300.png 212w\" sizes=\"auto, (max-width: 620px) 100vw, 620px\" \/><\/p>\n","protected":false},"excerpt":{"rendered":"<p>2026. szeptember 12. 12:00 Budapest Magyar Nemzeti M\u00fazeum M\u00fazeumkert<\/p>\n","protected":false},"author":3,"featured_media":5729,"comment_status":"open","ping_status":"closed","sticky":false,"template":"","format":"standard","meta":{"footnotes":"","_links_to":"","_links_to_target":""},"categories":[219,12,4],"tags":[256,257,258,110],"class_list":["post-5723","post","type-post","status-publish","format-standard","has-post-thumbnail","hentry","category-50-eves-a-szelkialto","category-irodalom-2","category-koncertek","tag-ii-magyar-egeszseg-piknik","tag-magyar-nemzeti-muzeum","tag-muzeumkert","tag-szelkialto"],"rttpg_featured_image_url":{"full":["https:\/\/szelkialto.hu\/wp-content\/uploads\/Magyar_Egeszseg_Piknik04.png",633,301,false],"landscape":["https:\/\/szelkialto.hu\/wp-content\/uploads\/Magyar_Egeszseg_Piknik04.png",633,301,false],"portraits":["https:\/\/szelkialto.hu\/wp-content\/uploads\/Magyar_Egeszseg_Piknik04.png",633,301,false],"thumbnail":["https:\/\/szelkialto.hu\/wp-content\/uploads\/Magyar_Egeszseg_Piknik04-150x150.png",150,150,true],"medium":["https:\/\/szelkialto.hu\/wp-content\/uploads\/Magyar_Egeszseg_Piknik04-300x143.png",300,143,true],"large":["https:\/\/szelkialto.hu\/wp-content\/uploads\/Magyar_Egeszseg_Piknik04.png",633,301,false],"1536x1536":["https:\/\/szelkialto.hu\/wp-content\/uploads\/Magyar_Egeszseg_Piknik04.png",633,301,false],"2048x2048":["https:\/\/szelkialto.hu\/wp-content\/uploads\/Magyar_Egeszseg_Piknik04.png",633,301,false],"thumb-small":["https:\/\/szelkialto.hu\/wp-content\/uploads\/Magyar_Egeszseg_Piknik04-80x80.png",80,80,true],"thumb-standard":["https:\/\/szelkialto.hu\/wp-content\/uploads\/Magyar_Egeszseg_Piknik04-320x301.png",320,301,true],"thumb-medium":["https:\/\/szelkialto.hu\/wp-content\/uploads\/Magyar_Egeszseg_Piknik04-520x245.png",520,245,true],"thumb-large":["https:\/\/szelkialto.hu\/wp-content\/uploads\/Magyar_Egeszseg_Piknik04.png",633,301,false],"thumb-xlarge":["https:\/\/szelkialto.hu\/wp-content\/uploads\/Magyar_Egeszseg_Piknik04.png",633,301,false],"thumb-xxlarge":["https:\/\/szelkialto.hu\/wp-content\/uploads\/Magyar_Egeszseg_Piknik04.png",633,301,false]},"rttpg_author":{"display_name":"Fenyvesi B\u00e9la","author_link":"https:\/\/szelkialto.hu\/?author=3"},"rttpg_comment":0,"rttpg_category":"<a href=\"https:\/\/szelkialto.hu\/?cat=219\" rel=\"category\">50 \u00e9ves a Sz\u00e9lki\u00e1lt\u00f3<\/a> <a href=\"https:\/\/szelkialto.hu\/?cat=12\" rel=\"category\">irodalom<\/a> <a href=\"https:\/\/szelkialto.hu\/?cat=4\" rel=\"category\">koncertek<\/a>","rttpg_excerpt":"2026. szeptember 12. 12:00 Budapest Magyar Nemzeti M\u00fazeum M\u00fazeumkert","_links":{"self":[{"href":"https:\/\/szelkialto.hu\/index.php?rest_route=\/wp\/v2\/posts\/5723","targetHints":{"allow":["GET"]}}],"collection":[{"href":"https:\/\/szelkialto.hu\/index.php?rest_route=\/wp\/v2\/posts"}],"about":[{"href":"https:\/\/szelkialto.hu\/index.php?rest_route=\/wp\/v2\/types\/post"}],"author":[{"embeddable":true,"href":"https:\/\/szelkialto.hu\/index.php?rest_route=\/wp\/v2\/users\/3"}],"replies":[{"embeddable":true,"href":"https:\/\/szelkialto.hu\/index.php?rest_route=%2Fwp%2Fv2%2Fcomments&post=5723"}],"version-history":[{"count":3,"href":"https:\/\/szelkialto.hu\/index.php?rest_route=\/wp\/v2\/posts\/5723\/revisions"}],"predecessor-version":[{"id":5727,"href":"https:\/\/szelkialto.hu\/index.php?rest_route=\/wp\/v2\/posts\/5723\/revisions\/5727"}],"wp:featuredmedia":[{"embeddable":true,"href":"https:\/\/szelkialto.hu\/index.php?rest_route=\/wp\/v2\/media\/5729"}],"wp:attachment":[{"href":"https:\/\/szelkialto.hu\/index.php?rest_route=%2Fwp%2Fv2%2Fmedia&parent=5723"}],"wp:term":[{"taxonomy":"category","embeddable":true,"href":"https:\/\/szelkialto.hu\/index.php?rest_route=%2Fwp%2Fv2%2Fcategories&post=5723"},{"taxonomy":"post_tag","embeddable":true,"href":"https:\/\/szelkialto.hu\/index.php?rest_route=%2Fwp%2Fv2%2Ftags&post=5723"}],"curies":[{"name":"wp","href":"https:\/\/api.w.org\/{rel}","templated":true}]}}