{"id":80,"count":1,"description":"","link":"https:\/\/szelkialto.hu\/?tag=megyei-es-varos-konyvtar","name":"Megyei \u00e9s V\u00e1ros K\u00f6nyvt\u00e1r","slug":"megyei-es-varos-konyvtar","taxonomy":"post_tag","meta":[],"_links":{"self":[{"href":"https:\/\/szelkialto.hu\/index.php?rest_route=\/wp\/v2\/tags\/80","targetHints":{"allow":["GET"]}}],"collection":[{"href":"https:\/\/szelkialto.hu\/index.php?rest_route=\/wp\/v2\/tags"}],"about":[{"href":"https:\/\/szelkialto.hu\/index.php?rest_route=\/wp\/v2\/taxonomies\/post_tag"}],"wp:post_type":[{"href":"https:\/\/szelkialto.hu\/index.php?rest_route=%2Fwp%2Fv2%2Fposts&tags=80"}],"curies":[{"name":"wp","href":"https:\/\/api.w.org\/{rel}","templated":true}]}}